{"id":6161,"date":"2026-03-05T23:51:52","date_gmt":"2026-03-06T05:51:52","guid":{"rendered":"https:\/\/revistaenfoquepolitico.com\/?p=6161"},"modified":"2026-03-05T23:51:52","modified_gmt":"2026-03-06T05:51:52","slug":"gobierno-en-territotio-mejora-espacios-y-entorno-urbano-en-los-volcanes","status":"publish","type":"post","link":"https:\/\/revistaenfoquepolitico.com\/index.php\/2026\/03\/05\/gobierno-en-territotio-mejora-espacios-y-entorno-urbano-en-los-volcanes\/","title":{"rendered":"GOBIERNO EN TERRITOTIO MEJORA ESPACIOS Y ENTORNO URBANO EN LOS VOLCANES"},"content":{"rendered":"<div dir=\"auto\" data-olk-copy-source=\"MessageBody\">05 de marzo de 2026<\/div>\n<div dir=\"auto\">Bolet\u00edn Informativo<\/div>\n<div dir=\"auto\"><\/div>\n<div dir=\"auto\">*Gobierno en territorio mejora espacios y entorno urbano en Los Volcanes*<\/div>\n<div dir=\"auto\"><\/div>\n<div dir=\"auto\" style=\"text-align: justify;\"><img loading=\"lazy\" decoding=\"async\" class=\"alignleft size-medium wp-image-6164\" src=\"https:\/\/revistaenfoquepolitico.com\/wp-content\/uploads\/2026\/03\/IMG-20260305-WA0366-300x200.jpg\" alt=\"\" width=\"300\" height=\"200\" srcset=\"https:\/\/revistaenfoquepolitico.com\/wp-content\/uploads\/2026\/03\/IMG-20260305-WA0366-300x200.jpg 300w, https:\/\/revistaenfoquepolitico.com\/wp-content\/uploads\/2026\/03\/IMG-20260305-WA0366-1024x683.jpg 1024w, https:\/\/revistaenfoquepolitico.com\/wp-content\/uploads\/2026\/03\/IMG-20260305-WA0366-768x512.jpg 768w, https:\/\/revistaenfoquepolitico.com\/wp-content\/uploads\/2026\/03\/IMG-20260305-WA0366-1536x1024.jpg 1536w, https:\/\/revistaenfoquepolitico.com\/wp-content\/uploads\/2026\/03\/IMG-20260305-WA0366-2048x1366.jpg 2048w\" sizes=\"auto, (max-width: 300px) 100vw, 300px\" \/>***Durante la jornada del \u201cJueves en tu colonia\u201d, la alcaldesa de Veracruz, Rosa Mar\u00eda Hern\u00e1ndez Espejo inform\u00f3 sobre avances en bacheo, limpieza y rehabilitaci\u00f3n de espacios p\u00fablicos, adem\u00e1s de escuchar y canalizar nuevas solicitudes ciudadanas<\/div>\n<div dir=\"auto\" style=\"text-align: justify;\"><\/div>\n<div dir=\"auto\" style=\"text-align: justify;\">Al encabezar la jornada \u201cJueves en tu Colonia\u201d en el parque Los Volcanes, la alcaldesa de Veracruz, Rosa Mar\u00eda Hern\u00e1ndez Espejo, se\u00f1al\u00f3 que el trabajo coordinado entre gobierno y ciudadan\u00eda permite atender los retos y problem\u00e1ticas de la ciudad, destacando las atenciones en bacheo, limpieza, desazolve y mantenimiento urbano solicitadas por las y los vecinos de la zona.<\/div>\n<div dir=\"auto\" style=\"text-align: justify;\"><\/div>\n<div dir=\"auto\" style=\"text-align: justify;\"><img loading=\"lazy\" decoding=\"async\" class=\"alignright size-medium wp-image-6163\" src=\"https:\/\/revistaenfoquepolitico.com\/wp-content\/uploads\/2026\/03\/IMG-20260305-WA0364-300x200.jpg\" alt=\"\" width=\"300\" height=\"200\" srcset=\"https:\/\/revistaenfoquepolitico.com\/wp-content\/uploads\/2026\/03\/IMG-20260305-WA0364-300x200.jpg 300w, https:\/\/revistaenfoquepolitico.com\/wp-content\/uploads\/2026\/03\/IMG-20260305-WA0364-1024x683.jpg 1024w, https:\/\/revistaenfoquepolitico.com\/wp-content\/uploads\/2026\/03\/IMG-20260305-WA0364-768x512.jpg 768w, https:\/\/revistaenfoquepolitico.com\/wp-content\/uploads\/2026\/03\/IMG-20260305-WA0364-1536x1024.jpg 1536w, https:\/\/revistaenfoquepolitico.com\/wp-content\/uploads\/2026\/03\/IMG-20260305-WA0364-2048x1366.jpg 2048w\" sizes=\"auto, (max-width: 300px) 100vw, 300px\" \/>Durante el encuentro, la presidenta municipal inform\u00f3 que se han atendido la mayor\u00eda de los reportes de la poblaci\u00f3n y reiter\u00f3 que \u201ctransformar la heroica ciudad de Veracruz no se hace detr\u00e1s de un escritorio, se hace en territorio\u201d, priorizando la cercan\u00eda y la participaci\u00f3n ciudadana.<\/div>\n<div dir=\"auto\" style=\"text-align: justify;\"><\/div>\n<div dir=\"auto\" style=\"text-align: justify;\"><img loading=\"lazy\" decoding=\"async\" class=\"alignleft size-medium wp-image-6165\" src=\"https:\/\/revistaenfoquepolitico.com\/wp-content\/uploads\/2026\/03\/IMG-20260305-WA0368-300x200.jpg\" alt=\"\" width=\"300\" height=\"200\" srcset=\"https:\/\/revistaenfoquepolitico.com\/wp-content\/uploads\/2026\/03\/IMG-20260305-WA0368-300x200.jpg 300w, https:\/\/revistaenfoquepolitico.com\/wp-content\/uploads\/2026\/03\/IMG-20260305-WA0368-1024x683.jpg 1024w, https:\/\/revistaenfoquepolitico.com\/wp-content\/uploads\/2026\/03\/IMG-20260305-WA0368-768x512.jpg 768w, https:\/\/revistaenfoquepolitico.com\/wp-content\/uploads\/2026\/03\/IMG-20260305-WA0368-1536x1024.jpg 1536w, https:\/\/revistaenfoquepolitico.com\/wp-content\/uploads\/2026\/03\/IMG-20260305-WA0368-2048x1366.jpg 2048w\" sizes=\"auto, (max-width: 300px) 100vw, 300px\" \/>Entre las acciones realizadas en la Unidad Habitacional Los Volcanes destacan trabajos de limpieza profunda en calles, retiro de muebles en desuso, escombro y basura vegetal, as\u00ed como el desazolve de alcantarillas para prevenir encharcamientos. Adem\u00e1s, el Ayuntamiento realiz\u00f3 acciones preventivas de fumigaci\u00f3n para proteger la salud de la poblaci\u00f3n.<\/div>\n<div dir=\"auto\" style=\"text-align: justify;\"><\/div>\n<div dir=\"auto\" style=\"text-align: justify;\"><img loading=\"lazy\" decoding=\"async\" class=\"alignright size-medium wp-image-6166\" src=\"https:\/\/revistaenfoquepolitico.com\/wp-content\/uploads\/2026\/03\/IMG-20260305-WA0370-300x200.jpg\" alt=\"\" width=\"300\" height=\"200\" srcset=\"https:\/\/revistaenfoquepolitico.com\/wp-content\/uploads\/2026\/03\/IMG-20260305-WA0370-300x200.jpg 300w, https:\/\/revistaenfoquepolitico.com\/wp-content\/uploads\/2026\/03\/IMG-20260305-WA0370-1024x683.jpg 1024w, https:\/\/revistaenfoquepolitico.com\/wp-content\/uploads\/2026\/03\/IMG-20260305-WA0370-768x512.jpg 768w, https:\/\/revistaenfoquepolitico.com\/wp-content\/uploads\/2026\/03\/IMG-20260305-WA0370-1536x1024.jpg 1536w, https:\/\/revistaenfoquepolitico.com\/wp-content\/uploads\/2026\/03\/IMG-20260305-WA0370-2048x1366.jpg 2048w\" sizes=\"auto, (max-width: 300px) 100vw, 300px\" \/>As\u00ed mismo, se rehabilitaron m\u00e1s de ocho mil 200 metros cuadrados de espacios p\u00fablicos mediante trabajos de poda, chapeo y limpieza en avenidas, camellones y \u00e1reas comunes; en el Parque Los Volcanes tambi\u00e9n se realizaron mejoras como la reparaci\u00f3n de juegos infantiles, la instalaci\u00f3n de nuevas bancas y la aplicaci\u00f3n de pintura.<\/div>\n<div dir=\"auto\" style=\"text-align: justify;\"><\/div>\n<div dir=\"auto\" style=\"text-align: justify;\">Adem\u00e1s del reporte de resultados, tambi\u00e9n se brind\u00f3 orientaci\u00f3n sobre programas sociales, becas educativas y oportunidades de empleo, mientras que personal de Bienestar Municipal inform\u00f3 sobre el avance del censo en la zona para identificar posibles beneficiarios de apoyos sociales.<\/div>\n<div dir=\"auto\" style=\"text-align: justify;\"><\/div>\n<div dir=\"auto\" style=\"text-align: justify;\">Asistieron funcionarios municipales que atendieron a las y los ciudadanos, resolviendo dudas, recibiendo solicitudes y dando seguimiento puntual, con el objetivo de garantizar que los servicios y apoyos lleguen de manera eficiente a quienes m\u00e1s lo necesitan.<\/div>\n<div id=\"x_ms-outlook-mobile-body-separator-line\" dir=\"auto\" data-applydefaultfontstyles=\"true\">\n<div dir=\"auto\" style=\"text-align: justify;\"><\/div>\n<\/div>\n","protected":false},"excerpt":{"rendered":"<p>05 de marzo de 2026 Bolet\u00edn Informativo *Gobierno en territorio mejora espacios y entorno urbano en Los Volcanes* ***Durante la jornada del \u201cJueves en tu colonia\u201d, la alcaldesa de Veracruz, Rosa Mar\u00eda Hern\u00e1ndez Espejo inform\u00f3 sobre avances en bacheo, limpieza y rehabilitaci\u00f3n de espacios p\u00fablicos, adem\u00e1s de escuchar y canalizar nuevas solicitudes ciudadanas Al encabezar [&hellip;]<\/p>\n","protected":false},"author":1,"featured_media":6162,"comment_status":"closed","ping_status":"closed","sticky":false,"template":"","format":"standard","meta":{"_jetpack_memberships_contains_paid_content":false,"footnotes":"","jetpack_publicize_message":"","jetpack_publicize_feature_enabled":true,"jetpack_social_post_already_shared":true,"jetpack_social_options":{"image_generator_settings":{"template":"highway","default_image_id":0,"font":"","enabled":false},"version":2}},"categories":[4],"tags":[72],"class_list":["post-6161","post","type-post","status-publish","format-standard","has-post-thumbnail","hentry","category-noticia-politica","tag-rosa-maria-presidenta-de-veracruz"],"jetpack_publicize_connections":[],"jetpack_featured_media_url":"https:\/\/revistaenfoquepolitico.com\/wp-content\/uploads\/2026\/03\/IMG-20260305-WA0362-scaled.jpg","jetpack_sharing_enabled":true,"_links":{"self":[{"href":"https:\/\/revistaenfoquepolitico.com\/index.php\/wp-json\/wp\/v2\/posts\/6161","targetHints":{"allow":["GET"]}}],"collection":[{"href":"https:\/\/revistaenfoquepolitico.com\/index.php\/wp-json\/wp\/v2\/posts"}],"about":[{"href":"https:\/\/revistaenfoquepolitico.com\/index.php\/wp-json\/wp\/v2\/types\/post"}],"author":[{"embeddable":true,"href":"https:\/\/revistaenfoquepolitico.com\/index.php\/wp-json\/wp\/v2\/users\/1"}],"replies":[{"embeddable":true,"href":"https:\/\/revistaenfoquepolitico.com\/index.php\/wp-json\/wp\/v2\/comments?post=6161"}],"version-history":[{"count":1,"href":"https:\/\/revistaenfoquepolitico.com\/index.php\/wp-json\/wp\/v2\/posts\/6161\/revisions"}],"predecessor-version":[{"id":6167,"href":"https:\/\/revistaenfoquepolitico.com\/index.php\/wp-json\/wp\/v2\/posts\/6161\/revisions\/6167"}],"wp:featuredmedia":[{"embeddable":true,"href":"https:\/\/revistaenfoquepolitico.com\/index.php\/wp-json\/wp\/v2\/media\/6162"}],"wp:attachment":[{"href":"https:\/\/revistaenfoquepolitico.com\/index.php\/wp-json\/wp\/v2\/media?parent=6161"}],"wp:term":[{"taxonomy":"category","embeddable":true,"href":"https:\/\/revistaenfoquepolitico.com\/index.php\/wp-json\/wp\/v2\/categories?post=6161"},{"taxonomy":"post_tag","embeddable":true,"href":"https:\/\/revistaenfoquepolitico.com\/index.php\/wp-json\/wp\/v2\/tags?post=6161"}],"curies":[{"name":"wp","href":"https:\/\/api.w.org\/{rel}","templated":true}]}}