{"id":6168,"date":"2026-03-05T23:59:17","date_gmt":"2026-03-06T05:59:17","guid":{"rendered":"https:\/\/revistaenfoquepolitico.com\/?p=6168"},"modified":"2026-03-05T23:59:17","modified_gmt":"2026-03-06T05:59:17","slug":"medellin-de-bravo-es-sede-por-primera-vez-del-torneo-futbolito-bimbo","status":"publish","type":"post","link":"https:\/\/revistaenfoquepolitico.com\/index.php\/2026\/03\/05\/medellin-de-bravo-es-sede-por-primera-vez-del-torneo-futbolito-bimbo\/","title":{"rendered":"MEDELL\u00cdN DE BRAVO ES SEDE POR PRIMERA VEZ DEL TORNEO FUTBOLITO BIMBO"},"content":{"rendered":"<div dir=\"auto\">Medell\u00edn de Bravo, Ver., 05 de marzo de 2026<\/div>\n<div dir=\"auto\"><\/div>\n<ul>\n<li dir=\"auto\" style=\"text-align: justify;\">En un hecho hist\u00f3rico para el municipio, Medell\u00edn de Bravo recibi\u00f3 por primera vez el Torneo Futbolito Bimbo, una de las competencias infantiles de f\u00fatbol m\u00e1s importantes del pa\u00eds, que re\u00fane a estudiantes de distintas escuelas para fomentar el deporte, la sana convivencia y el trabajo en equipo.<\/li>\n<li dir=\"auto\" style=\"text-align: justify;\"><\/li>\n<li dir=\"auto\" style=\"text-align: justify;\">La ma\u00f1ana de este jueves se llev\u00f3 a cabo el arranque oficial del torneo con la participaci\u00f3n de nueve escuelas del municipio, que integraron 15 equipos en las ramas femenil y varonil, conformados por 202 estudiantes que demostrar\u00e1n su talento en la cancha.<\/li>\n<li dir=\"auto\" style=\"text-align: justify;\"><\/li>\n<li dir=\"auto\" style=\"text-align: justify;\">Durante el evento tambi\u00e9n se cont\u00f3 con la asistencia de alrededor de 500 personas, entre familias, docentes y p\u00fablico en general, quienes acudieron para apoyar a las y los peque\u00f1os futbolistas en esta jornada deportiva.<\/li>\n<li dir=\"auto\" style=\"text-align: justify;\"><\/li>\n<li dir=\"auto\" style=\"text-align: justify;\">El inicio del torneo cont\u00f3 con la presencia del presidente municipal de Medell\u00edn de Bravo, Samuel Acosta Mart\u00ednez, quien destac\u00f3 la importancia de impulsar actividades deportivas que promuevan valores como la disciplina, el respeto y la convivencia entre la ni\u00f1ez.<\/li>\n<li dir=\"auto\" style=\"text-align: justify;\"><\/li>\n<li dir=\"auto\" style=\"text-align: justify;\">La gran final del torneo est\u00e1 programada para el pr\u00f3ximo 16 de abril, fecha en la que se conocer\u00e1n a los equipos campeones de esta edici\u00f3n.<\/li>\n<li dir=\"auto\" style=\"text-align: justify;\"><\/li>\n<li dir=\"auto\" style=\"text-align: justify;\">Con este tipo de actividades, el Gobierno Municipal reafirma su compromiso de impulsar el deporte y generar espacios de desarrollo para ni\u00f1as, ni\u00f1os y j\u00f3venes, fortaleciendo as\u00ed el tejido social del municipio.<\/li>\n<li dir=\"auto\" style=\"text-align: justify;\"><\/li>\n<\/ul>\n<div dir=\"auto\" style=\"text-align: justify;\">\u00a1Por la Grandeza de Medell\u00edn! \ud83e\udd0e\u26bd<\/div>\n<div id=\"x_ms-outlook-mobile-body-separator-line\" dir=\"auto\" data-applydefaultfontstyles=\"true\">\n<div dir=\"auto\"><img loading=\"lazy\" decoding=\"async\" class=\"aligncenter size-medium wp-image-6171\" src=\"https:\/\/revistaenfoquepolitico.com\/wp-content\/uploads\/2026\/03\/IMG-20260305-WA0385-300x200.jpg\" alt=\"\" width=\"300\" height=\"200\" srcset=\"https:\/\/revistaenfoquepolitico.com\/wp-content\/uploads\/2026\/03\/IMG-20260305-WA0385-300x200.jpg 300w, https:\/\/revistaenfoquepolitico.com\/wp-content\/uploads\/2026\/03\/IMG-20260305-WA0385-1024x683.jpg 1024w, https:\/\/revistaenfoquepolitico.com\/wp-content\/uploads\/2026\/03\/IMG-20260305-WA0385-768x512.jpg 768w, https:\/\/revistaenfoquepolitico.com\/wp-content\/uploads\/2026\/03\/IMG-20260305-WA0385-1536x1024.jpg 1536w, https:\/\/revistaenfoquepolitico.com\/wp-content\/uploads\/2026\/03\/IMG-20260305-WA0385.jpg 1599w\" sizes=\"auto, (max-width: 300px) 100vw, 300px\" \/><\/div>\n<\/div>\n<div dir=\"auto\"><\/div>\n<div dir=\"auto\"><img loading=\"lazy\" decoding=\"async\" class=\"aligncenter size-medium wp-image-6172\" src=\"https:\/\/revistaenfoquepolitico.com\/wp-content\/uploads\/2026\/03\/IMG-20260305-WA0386-300x200.jpg\" alt=\"\" width=\"300\" height=\"200\" srcset=\"https:\/\/revistaenfoquepolitico.com\/wp-content\/uploads\/2026\/03\/IMG-20260305-WA0386-300x200.jpg 300w, https:\/\/revistaenfoquepolitico.com\/wp-content\/uploads\/2026\/03\/IMG-20260305-WA0386-1024x683.jpg 1024w, https:\/\/revistaenfoquepolitico.com\/wp-content\/uploads\/2026\/03\/IMG-20260305-WA0386-768x512.jpg 768w, https:\/\/revistaenfoquepolitico.com\/wp-content\/uploads\/2026\/03\/IMG-20260305-WA0386-1536x1024.jpg 1536w, https:\/\/revistaenfoquepolitico.com\/wp-content\/uploads\/2026\/03\/IMG-20260305-WA0386.jpg 1599w\" sizes=\"auto, (max-width: 300px) 100vw, 300px\" \/><\/div>\n<div dir=\"auto\"><\/div>\n<div dir=\"auto\"><img loading=\"lazy\" decoding=\"async\" class=\"aligncenter size-medium wp-image-6170\" src=\"https:\/\/revistaenfoquepolitico.com\/wp-content\/uploads\/2026\/03\/IMG-20260305-WA0396-300x201.jpg\" alt=\"\" width=\"300\" height=\"201\" srcset=\"https:\/\/revistaenfoquepolitico.com\/wp-content\/uploads\/2026\/03\/IMG-20260305-WA0396-300x201.jpg 300w, https:\/\/revistaenfoquepolitico.com\/wp-content\/uploads\/2026\/03\/IMG-20260305-WA0396-1024x685.jpg 1024w, https:\/\/revistaenfoquepolitico.com\/wp-content\/uploads\/2026\/03\/IMG-20260305-WA0396-768x514.jpg 768w, https:\/\/revistaenfoquepolitico.com\/wp-content\/uploads\/2026\/03\/IMG-20260305-WA0396-1536x1027.jpg 1536w, https:\/\/revistaenfoquepolitico.com\/wp-content\/uploads\/2026\/03\/IMG-20260305-WA0396.jpg 1600w\" sizes=\"auto, (max-width: 300px) 100vw, 300px\" \/><\/div>\n","protected":false},"excerpt":{"rendered":"<p>Medell\u00edn de Bravo, Ver., 05 de marzo de 2026 En un hecho hist\u00f3rico para el municipio, Medell\u00edn de Bravo recibi\u00f3 por primera vez el Torneo Futbolito Bimbo, una de las competencias infantiles de f\u00fatbol m\u00e1s importantes del pa\u00eds, que re\u00fane a estudiantes de distintas escuelas para fomentar el deporte, la sana convivencia y el trabajo [&hellip;]<\/p>\n","protected":false},"author":1,"featured_media":6169,"comment_status":"closed","ping_status":"closed","sticky":false,"template":"","format":"standard","meta":{"_jetpack_memberships_contains_paid_content":false,"footnotes":"","jetpack_publicize_message":"","jetpack_publicize_feature_enabled":true,"jetpack_social_post_already_shared":true,"jetpack_social_options":{"image_generator_settings":{"template":"highway","default_image_id":0,"font":"","enabled":false},"version":2}},"categories":[4],"tags":[73],"class_list":["post-6168","post","type-post","status-publish","format-standard","has-post-thumbnail","hentry","category-noticia-politica","tag-samuel-acosta-alcalde-de-medellin"],"jetpack_publicize_connections":[],"jetpack_featured_media_url":"https:\/\/revistaenfoquepolitico.com\/wp-content\/uploads\/2026\/03\/IMG-20260305-WA0394.jpg","jetpack_sharing_enabled":true,"_links":{"self":[{"href":"https:\/\/revistaenfoquepolitico.com\/index.php\/wp-json\/wp\/v2\/posts\/6168","targetHints":{"allow":["GET"]}}],"collection":[{"href":"https:\/\/revistaenfoquepolitico.com\/index.php\/wp-json\/wp\/v2\/posts"}],"about":[{"href":"https:\/\/revistaenfoquepolitico.com\/index.php\/wp-json\/wp\/v2\/types\/post"}],"author":[{"embeddable":true,"href":"https:\/\/revistaenfoquepolitico.com\/index.php\/wp-json\/wp\/v2\/users\/1"}],"replies":[{"embeddable":true,"href":"https:\/\/revistaenfoquepolitico.com\/index.php\/wp-json\/wp\/v2\/comments?post=6168"}],"version-history":[{"count":1,"href":"https:\/\/revistaenfoquepolitico.com\/index.php\/wp-json\/wp\/v2\/posts\/6168\/revisions"}],"predecessor-version":[{"id":6173,"href":"https:\/\/revistaenfoquepolitico.com\/index.php\/wp-json\/wp\/v2\/posts\/6168\/revisions\/6173"}],"wp:featuredmedia":[{"embeddable":true,"href":"https:\/\/revistaenfoquepolitico.com\/index.php\/wp-json\/wp\/v2\/media\/6169"}],"wp:attachment":[{"href":"https:\/\/revistaenfoquepolitico.com\/index.php\/wp-json\/wp\/v2\/media?parent=6168"}],"wp:term":[{"taxonomy":"category","embeddable":true,"href":"https:\/\/revistaenfoquepolitico.com\/index.php\/wp-json\/wp\/v2\/categories?post=6168"},{"taxonomy":"post_tag","embeddable":true,"href":"https:\/\/revistaenfoquepolitico.com\/index.php\/wp-json\/wp\/v2\/tags?post=6168"}],"curies":[{"name":"wp","href":"https:\/\/api.w.org\/{rel}","templated":true}]}}