{"id":6175,"date":"2026-03-06T00:02:48","date_gmt":"2026-03-06T06:02:48","guid":{"rendered":"https:\/\/revistaenfoquepolitico.com\/?p=6175"},"modified":"2026-03-06T00:02:48","modified_gmt":"2026-03-06T06:02:48","slug":"obtiene-fgr-sentencia-de-tres-anos-de-prision-contra-una-persona-por-portacion-de-arma-sin-licencia-en-veracruz","status":"publish","type":"post","link":"https:\/\/revistaenfoquepolitico.com\/index.php\/2026\/03\/06\/obtiene-fgr-sentencia-de-tres-anos-de-prision-contra-una-persona-por-portacion-de-arma-sin-licencia-en-veracruz\/","title":{"rendered":"OBTIENE FGR SENTENCIA DE TRES A\u00d1OS DE PRISI\u00d3N CONTRA UNA PERSONA POR PORTACI\u00d3N DE ARMA SIN LICENCIA EN VERACRUZ"},"content":{"rendered":"<div dir=\"auto\" data-olk-copy-source=\"MessageBody\">UNIDAD DE COMUNICACI\u00d3N SOCIAL<\/div>\n<div dir=\"auto\">\u00a0 COMUNICADO DE PRENSA<\/div>\n<div dir=\"auto\" aria-hidden=\"true\"><\/div>\n<div dir=\"auto\">\u00a0 \u00a0 Comunicado FGR DPE\/0975\/2026<\/div>\n<div dir=\"auto\">H. Veracruz, Veracruz a 4 de marzo de 2026<\/div>\n<div dir=\"auto\" aria-hidden=\"true\"><\/div>\n<div dir=\"auto\">OBTIENE FGR SENTENCIA DE TRES A\u00d1OS DE PRISI\u00d3N CONTRA UNA PERSONA POR PORTACI\u00d3N DE ARMA SIN LICENCIA EN VERACRUZ<\/div>\n<div dir=\"auto\" aria-hidden=\"true\"><\/div>\n<div dir=\"auto\" style=\"text-align: justify;\">La Fiscal\u00eda General de la Rep\u00fablica (FGR) a trav\u00e9s de su Fiscal\u00eda Especializada de Control Regional (FECOR) en el estado de Veracruz, obtuvo de un juez, sentencia de tres a\u00f1os de prisi\u00f3n, contra C\u00e9sar \u201cN\u201d, por el delito de portaci\u00f3n de arma de fuego sin licencia.<\/div>\n<div dir=\"auto\" style=\"text-align: justify;\" aria-hidden=\"true\"><\/div>\n<div dir=\"auto\" style=\"text-align: justify;\">De acuerdo con la carpeta de investigaci\u00f3n, el 24 de mayo de 2025, C\u00e9sar \u201cN\u201d fue detenido por elementos de la Polic\u00eda Estatal, en el municipio de Coatzacoalcos, cuando portaba un revolver con dos cartuchos \u00fatiles al calibre, sin que contara con el permiso de la autoridad correspondiente para la portaci\u00f3n de arma.<\/div>\n<div dir=\"auto\" style=\"text-align: justify;\" aria-hidden=\"true\"><\/div>\n<div dir=\"auto\" style=\"text-align: justify;\">El detenido y lo asegurado fueron puestos a disposici\u00f3n de la Fiscal\u00eda Federal en la entidad, quien inici\u00f3 la carpeta de investigaci\u00f3n correspondiente.<\/div>\n<div dir=\"auto\" style=\"text-align: justify;\" aria-hidden=\"true\"><\/div>\n<div dir=\"auto\" style=\"text-align: justify;\">Una vez reunidos los elementos de prueba, el Ministerio P\u00fablico de la Federaci\u00f3n los present\u00f3 ante la autoridad correspondiente, quien vincul\u00f3 a proceso al imputado y el pasado tres de marzo, un juez dict\u00f3 sentencia de tres a\u00f1os de prisi\u00f3n y una multa de nueve mil 277 pesos, por el delito antes referido.<\/div>\n<div dir=\"auto\" style=\"text-align: justify;\" aria-hidden=\"true\"><\/div>\n<div dir=\"auto\" style=\"text-align: justify;\">Con estas acciones la FGR reafirma el compromiso con la sociedad para la investigaci\u00f3n y persecuci\u00f3n de los delitos en materia federal, por lo que se invita a la ciudadan\u00eda, a que denuncie las 24 horas de los 365 d\u00edas del a\u00f1o, de forma presencial o an\u00f3nima, en las instalaciones de la Fiscal\u00eda General de la Rep\u00fablica en Veracruz, con domicilio en Av. J.B. Lobos n\u00famero 684, Colonia Reserva territorial \u201cEl Coyol\u201d, C.P. 91779, Veracruz, Ver, tel\u00e9fono 2299896334, correo electr\u00f3nico vua.veracruz@fgr.org.mx.<\/div>\n<div id=\"x_ms-outlook-mobile-body-separator-line\" dir=\"auto\" data-applydefaultfontstyles=\"true\">\n<div dir=\"auto\" style=\"text-align: justify;\"><\/div>\n<\/div>\n","protected":false},"excerpt":{"rendered":"<p>UNIDAD DE COMUNICACI\u00d3N SOCIAL \u00a0 COMUNICADO DE PRENSA \u00a0 \u00a0 Comunicado FGR DPE\/0975\/2026 H. Veracruz, Veracruz a 4 de marzo de 2026 OBTIENE FGR SENTENCIA DE TRES A\u00d1OS DE PRISI\u00d3N CONTRA UNA PERSONA POR PORTACI\u00d3N DE ARMA SIN LICENCIA EN VERACRUZ La Fiscal\u00eda General de la Rep\u00fablica (FGR) a trav\u00e9s de su Fiscal\u00eda Especializada de [&hellip;]<\/p>\n","protected":false},"author":1,"featured_media":6125,"comment_status":"closed","ping_status":"closed","sticky":false,"template":"","format":"standard","meta":{"_jetpack_memberships_contains_paid_content":false,"footnotes":"","jetpack_publicize_message":"","jetpack_publicize_feature_enabled":true,"jetpack_social_post_already_shared":true,"jetpack_social_options":{"image_generator_settings":{"template":"highway","default_image_id":0,"font":"","enabled":false},"version":2}},"categories":[6],"tags":[62],"class_list":["post-6175","post","type-post","status-publish","format-standard","has-post-thumbnail","hentry","category-noticia-policiaca","tag-fgr"],"jetpack_publicize_connections":[],"jetpack_featured_media_url":"https:\/\/revistaenfoquepolitico.com\/wp-content\/uploads\/2026\/03\/IMG-20260302-WA0131.jpg","jetpack_sharing_enabled":true,"_links":{"self":[{"href":"https:\/\/revistaenfoquepolitico.com\/index.php\/wp-json\/wp\/v2\/posts\/6175","targetHints":{"allow":["GET"]}}],"collection":[{"href":"https:\/\/revistaenfoquepolitico.com\/index.php\/wp-json\/wp\/v2\/posts"}],"about":[{"href":"https:\/\/revistaenfoquepolitico.com\/index.php\/wp-json\/wp\/v2\/types\/post"}],"author":[{"embeddable":true,"href":"https:\/\/revistaenfoquepolitico.com\/index.php\/wp-json\/wp\/v2\/users\/1"}],"replies":[{"embeddable":true,"href":"https:\/\/revistaenfoquepolitico.com\/index.php\/wp-json\/wp\/v2\/comments?post=6175"}],"version-history":[{"count":1,"href":"https:\/\/revistaenfoquepolitico.com\/index.php\/wp-json\/wp\/v2\/posts\/6175\/revisions"}],"predecessor-version":[{"id":6176,"href":"https:\/\/revistaenfoquepolitico.com\/index.php\/wp-json\/wp\/v2\/posts\/6175\/revisions\/6176"}],"wp:featuredmedia":[{"embeddable":true,"href":"https:\/\/revistaenfoquepolitico.com\/index.php\/wp-json\/wp\/v2\/media\/6125"}],"wp:attachment":[{"href":"https:\/\/revistaenfoquepolitico.com\/index.php\/wp-json\/wp\/v2\/media?parent=6175"}],"wp:term":[{"taxonomy":"category","embeddable":true,"href":"https:\/\/revistaenfoquepolitico.com\/index.php\/wp-json\/wp\/v2\/categories?post=6175"},{"taxonomy":"post_tag","embeddable":true,"href":"https:\/\/revistaenfoquepolitico.com\/index.php\/wp-json\/wp\/v2\/tags?post=6175"}],"curies":[{"name":"wp","href":"https:\/\/api.w.org\/{rel}","templated":true}]}}