{"id":6184,"date":"2026-03-06T13:41:55","date_gmt":"2026-03-06T19:41:55","guid":{"rendered":"https:\/\/revistaenfoquepolitico.com\/?p=6184"},"modified":"2026-03-06T13:41:55","modified_gmt":"2026-03-06T19:41:55","slug":"el-primer-congreso-por-la-paz-en-veracruz-sera-en-el-mes-de-abril","status":"publish","type":"post","link":"https:\/\/revistaenfoquepolitico.com\/index.php\/2026\/03\/06\/el-primer-congreso-por-la-paz-en-veracruz-sera-en-el-mes-de-abril\/","title":{"rendered":"EL PRIMER CONGRESO POR LA PAZ EN VERACRUZ, SER\u00c1 EN EL MES DE ABRIL"},"content":{"rendered":"<div dir=\"auto\" data-olk-copy-source=\"MessageBody\">Xalapa, Ver., 06 de marzo de 2026<\/div>\n<div dir=\"auto\" data-olk-copy-source=\"MessageBody\"><\/div>\n<div dir=\"auto\" data-olk-copy-source=\"MessageBody\">EL PRIMER CONGRESO POR LA PAZ EN VERACRUZ, SER\u00c1 EN EL MES DE ABRIL<\/div>\n<div dir=\"auto\"><\/div>\n<div dir=\"auto\">&#8211; \u00a0 \u00a0 \u00a0 \u00a0 \u00a0Lo organiza la Comisi\u00f3n Nacional por la Paz en Veracruz<\/div>\n<div dir=\"auto\"><\/div>\n<div dir=\"auto\">&#8211; \u00a0 \u00a0 \u00a0 \u00a0 \u00a0Se espera la participaci\u00f3n de los 212 alcaldes veracruzanos<\/div>\n<div dir=\"auto\"><\/div>\n<div dir=\"auto\">&#8211; \u00a0 \u00a0 \u00a0 \u00a0 \u00a0-Comnapaz se une a los trabajos que realiza la gobernadora Roc\u00edo Nahle<\/div>\n<div dir=\"auto\"><\/div>\n<div dir=\"auto\" style=\"text-align: justify;\">El Primer Congreso por la Paz en Veracruz, se llevar\u00e1 a cabo los d\u00edas 26, 27, 28 y 29 de abril en el sal\u00f3n Presidentes del hotel Xalapa, inform\u00f3 el presidente de la Comisi\u00f3n por la Cultura de Paz en el estado de Veracruz, doctor Carlos V\u00e1zquez G\u00e1ndara.<\/div>\n<div dir=\"auto\" style=\"text-align: justify;\"><\/div>\n<div dir=\"auto\" style=\"text-align: justify;\">Ser\u00e1 un foro abierto, donde se tiene contemplada la participaci\u00f3n de los 212 alcaldes y alcaldesas de Veracruz, de los cuales hasta el momento han confirmado 76, pero, adem\u00e1s, se han girado invitaciones a los diputados federales y estatales, universidades, c\u00e1maras empresariales, organizaciones no gubernamentales, profesores y todos los que deseen que la paz sea el com\u00fan denominador en nuestra sociedad.<\/div>\n<div dir=\"auto\" style=\"text-align: justify;\"><\/div>\n<div dir=\"auto\" style=\"text-align: justify;\">V\u00e1zquez G\u00e1ndara sostuvo que Veracruz construye la paz desde la participaci\u00f3n, el di\u00e1logo y la corresponsabilidad social, por lo que la invitaci\u00f3n es plural.<\/div>\n<div dir=\"auto\" style=\"text-align: justify;\"><\/div>\n<div dir=\"auto\" style=\"text-align: justify;\">Explic\u00f3 que, la Comisi\u00f3n Estatal que preside, est\u00e1 regida por la Comisi\u00f3n Nacional por la Cultura que Paz y que ya viene funcionando en todos los estados del pa\u00eds, pero, adem\u00e1s, todos sostienen una relaci\u00f3n estrecha con las organizaciones de otros pa\u00edses como Colombia, Chile, Ecuador, Estados Unidos y muchos m\u00e1s.<\/div>\n<div dir=\"auto\" style=\"text-align: justify;\"><\/div>\n<div dir=\"auto\" style=\"text-align: justify;\">\u201cNosotros nos estamos sumando a los trabajos que lleva a cabo la gobernadora, Norma Roc\u00edo Nahle Garc\u00eda en todo el estado, porque todas sus obras y acciones son importantes, como es la construcci\u00f3n y reparaci\u00f3n de carreteras, la promoci\u00f3n tur\u00edstica, la atracci\u00f3n de nuevas inversiones, la generaci\u00f3n de empleos porque as\u00ed, tambi\u00e9n se fortalece la cultura de paz\u201d, precis\u00f3.<\/div>\n<div dir=\"auto\" style=\"text-align: justify;\"><\/div>\n<div dir=\"auto\" style=\"text-align: justify;\">Dijo que por esas y muchas razones m\u00e1s, los ciudadanos y las organizaciones sociales no debemos dejar solo al gobierno y debemos permanecer unidos para llevar los mensajes de paz a todo el territorio veracruzano.<\/div>\n<div dir=\"auto\" style=\"text-align: justify;\"><\/div>\n<div dir=\"auto\" style=\"text-align: justify;\">El presidente de Comnapaz en Veracruz, fue entrevistado mientras recorr\u00eda, junto con su equipo de trabajo, las instalaciones del sal\u00f3n presidentes del hotel Xalapa, cuidando todos los detalles de la log\u00edstica para este importante evento.<\/div>\n<div dir=\"auto\" style=\"text-align: justify;\"><\/div>\n<div dir=\"auto\" style=\"text-align: justify;\">Adelant\u00f3 que en este Primer Congreso estar\u00e1 presente el presidente nacional de esa organizaci\u00f3n, Hiram Valdez Ch\u00e1vez, a quien mantienen informado de los avances que se tienen para la organizaci\u00f3n de este foro, donde habr\u00e1 mesas de trabajo con temas espec\u00edficos para establecer estrategias impulsando la cultura de paz.<\/div>\n<div dir=\"auto\" style=\"text-align: justify;\"><\/div>\n<div dir=\"auto\" style=\"text-align: justify;\">Agradeci\u00f3 el apoyo que han recibido de parte del director general del Instituto de Pensiones del Estado, Mtro. Luis Octavio Hern\u00e1ndez Lara; de la gerente general de los hoteles Xalapa y Chachalacas, Karen Gabriela D\u00edaz S\u00e1nchez; y del gerente de ventas del hotel Xalapa, Uriel Ch\u00e1vez M\u00e1rquez, siendo este \u00faltimo con el que recorri\u00f3 este jueves el \u00e1rea del sal\u00f3n presidentes.<\/div>\n<div dir=\"auto\" style=\"text-align: justify;\"><\/div>\n<div dir=\"auto\" style=\"text-align: justify;\">Carlos V\u00e1zquez G\u00e1ndara estuvo acompa\u00f1ado de su equipo de colaboradores, como \u00c1ngeles Molina Sandoval, Mar\u00eda Isabel Rodr\u00edguez, Ignacio Bravo, Ren\u00e9 \u00c1lvarez Montero, Emmanuel Medrano Maldonado, Mar\u00eda Hayde Zamora Garc\u00eda, Carlos Alberto Ramos Romero y Felipe Mendiola Parra.<\/div>\n<div id=\"x_ms-outlook-mobile-body-separator-line\" dir=\"auto\" data-applydefaultfontstyles=\"true\">\n<div dir=\"auto\" style=\"text-align: justify;\"><img loading=\"lazy\" decoding=\"async\" class=\"aligncenter size-medium wp-image-6180\" src=\"https:\/\/revistaenfoquepolitico.com\/wp-content\/uploads\/2026\/03\/IMG-20260306-WA0093-300x225.jpg\" alt=\"\" width=\"300\" height=\"225\" srcset=\"https:\/\/revistaenfoquepolitico.com\/wp-content\/uploads\/2026\/03\/IMG-20260306-WA0093-300x225.jpg 300w, https:\/\/revistaenfoquepolitico.com\/wp-content\/uploads\/2026\/03\/IMG-20260306-WA0093-1024x768.jpg 1024w, https:\/\/revistaenfoquepolitico.com\/wp-content\/uploads\/2026\/03\/IMG-20260306-WA0093-768x576.jpg 768w, https:\/\/revistaenfoquepolitico.com\/wp-content\/uploads\/2026\/03\/IMG-20260306-WA0093.jpg 1280w\" sizes=\"auto, (max-width: 300px) 100vw, 300px\" \/><\/div>\n<\/div>\n","protected":false},"excerpt":{"rendered":"<p>Xalapa, Ver., 06 de marzo de 2026 EL PRIMER CONGRESO POR LA PAZ EN VERACRUZ, SER\u00c1 EN EL MES DE ABRIL &#8211; \u00a0 \u00a0 \u00a0 \u00a0 \u00a0Lo organiza la Comisi\u00f3n Nacional por la Paz en Veracruz &#8211; \u00a0 \u00a0 \u00a0 \u00a0 \u00a0Se espera la participaci\u00f3n de los 212 alcaldes veracruzanos &#8211; \u00a0 \u00a0 \u00a0 \u00a0 [&hellip;]<\/p>\n","protected":false},"author":1,"featured_media":6180,"comment_status":"closed","ping_status":"closed","sticky":false,"template":"","format":"standard","meta":{"_jetpack_memberships_contains_paid_content":false,"footnotes":"","jetpack_publicize_message":"","jetpack_publicize_feature_enabled":true,"jetpack_social_post_already_shared":true,"jetpack_social_options":{"image_generator_settings":{"template":"highway","default_image_id":0,"font":"","enabled":false},"version":2}},"categories":[4],"tags":[81],"class_list":["post-6184","post","type-post","status-publish","format-standard","has-post-thumbnail","hentry","category-noticia-politica","tag-felipe-mendiola-parra"],"jetpack_publicize_connections":[],"jetpack_featured_media_url":"https:\/\/revistaenfoquepolitico.com\/wp-content\/uploads\/2026\/03\/IMG-20260306-WA0093.jpg","jetpack_sharing_enabled":true,"_links":{"self":[{"href":"https:\/\/revistaenfoquepolitico.com\/index.php\/wp-json\/wp\/v2\/posts\/6184","targetHints":{"allow":["GET"]}}],"collection":[{"href":"https:\/\/revistaenfoquepolitico.com\/index.php\/wp-json\/wp\/v2\/posts"}],"about":[{"href":"https:\/\/revistaenfoquepolitico.com\/index.php\/wp-json\/wp\/v2\/types\/post"}],"author":[{"embeddable":true,"href":"https:\/\/revistaenfoquepolitico.com\/index.php\/wp-json\/wp\/v2\/users\/1"}],"replies":[{"embeddable":true,"href":"https:\/\/revistaenfoquepolitico.com\/index.php\/wp-json\/wp\/v2\/comments?post=6184"}],"version-history":[{"count":1,"href":"https:\/\/revistaenfoquepolitico.com\/index.php\/wp-json\/wp\/v2\/posts\/6184\/revisions"}],"predecessor-version":[{"id":6185,"href":"https:\/\/revistaenfoquepolitico.com\/index.php\/wp-json\/wp\/v2\/posts\/6184\/revisions\/6185"}],"wp:featuredmedia":[{"embeddable":true,"href":"https:\/\/revistaenfoquepolitico.com\/index.php\/wp-json\/wp\/v2\/media\/6180"}],"wp:attachment":[{"href":"https:\/\/revistaenfoquepolitico.com\/index.php\/wp-json\/wp\/v2\/media?parent=6184"}],"wp:term":[{"taxonomy":"category","embeddable":true,"href":"https:\/\/revistaenfoquepolitico.com\/index.php\/wp-json\/wp\/v2\/categories?post=6184"},{"taxonomy":"post_tag","embeddable":true,"href":"https:\/\/revistaenfoquepolitico.com\/index.php\/wp-json\/wp\/v2\/tags?post=6184"}],"curies":[{"name":"wp","href":"https:\/\/api.w.org\/{rel}","templated":true}]}}