{"id":6186,"date":"2026-03-06T13:44:25","date_gmt":"2026-03-06T19:44:25","guid":{"rendered":"https:\/\/revistaenfoquepolitico.com\/?p=6186"},"modified":"2026-03-06T13:44:25","modified_gmt":"2026-03-06T19:44:25","slug":"se-suma-ayuntamiento-de-veracruz-al-programa-estatal-veracruzana-protegida","status":"publish","type":"post","link":"https:\/\/revistaenfoquepolitico.com\/index.php\/2026\/03\/06\/se-suma-ayuntamiento-de-veracruz-al-programa-estatal-veracruzana-protegida\/","title":{"rendered":"SE SUMA AYUNTAMIENTO DE VERACRUZ AL PROGRAMA ESTATAL \u00abVERACRUZANA PROTEGIDA\u00bb"},"content":{"rendered":"<div dir=\"auto\" data-olk-copy-source=\"MessageBody\">6 de marzo de 2026<\/div>\n<div dir=\"auto\">Bolet\u00edn Informativo<\/div>\n<div dir=\"auto\"><\/div>\n<div dir=\"auto\">*Se suma Ayuntamiento de Veracruz al programa estatal \u201cVeracruzana Protegida\u201d*<\/div>\n<div dir=\"auto\"><\/div>\n<div dir=\"auto\" style=\"text-align: justify;\">***La administraci\u00f3n encabezada por la alcaldesa Rosa Mar\u00eda Hern\u00e1ndez Espejo refuerza la protecci\u00f3n de las mujeres en la ciudad, garantizando atenci\u00f3n inmediata ante situaciones de riesgo y promoviendo entornos m\u00e1s seguros.<\/div>\n<div dir=\"auto\" style=\"text-align: justify;\"><\/div>\n<div dir=\"auto\" style=\"text-align: justify;\">El Ayuntamiento de Veracruz se suma al programa \u201cVeracruzana Protegida\u201d, impulsado por la gobernadora Roc\u00edo Nahle Garc\u00eda, para brindar atenci\u00f3n r\u00e1pida ante cualquier situaci\u00f3n de riesgo, seguimiento cercano y medidas de protecci\u00f3n confiables, fortaleciendo el bienestar de las mujeres y entornos m\u00e1s seguros donde puedan vivir, trabajar y desenvolverse con confianza.<\/div>\n<div dir=\"auto\" style=\"text-align: justify;\"><\/div>\n<div dir=\"auto\" style=\"text-align: justify;\"><img loading=\"lazy\" decoding=\"async\" class=\"alignleft size-medium wp-image-6182\" src=\"https:\/\/revistaenfoquepolitico.com\/wp-content\/uploads\/2026\/03\/IMG-20260306-WA0111-300x200.jpg\" alt=\"\" width=\"300\" height=\"200\" srcset=\"https:\/\/revistaenfoquepolitico.com\/wp-content\/uploads\/2026\/03\/IMG-20260306-WA0111-300x200.jpg 300w, https:\/\/revistaenfoquepolitico.com\/wp-content\/uploads\/2026\/03\/IMG-20260306-WA0111-1024x683.jpg 1024w, https:\/\/revistaenfoquepolitico.com\/wp-content\/uploads\/2026\/03\/IMG-20260306-WA0111-768x512.jpg 768w, https:\/\/revistaenfoquepolitico.com\/wp-content\/uploads\/2026\/03\/IMG-20260306-WA0111.jpg 1280w\" sizes=\"auto, (max-width: 300px) 100vw, 300px\" \/>En sesi\u00f3n de Cabildo, los ediles presentes aprobaron por unanimidad la integraci\u00f3n del municipio al programa, respaldando la coordinaci\u00f3n entre Polic\u00eda Municipal, IMMUVER y el DIF Municipal, para garantizar que cada alerta o situaci\u00f3n de peligro reciba atenci\u00f3n inmediata, acompa\u00f1amiento integral y soluciones efectivas, construyendo una red de protecci\u00f3n real y cercana para todas las mujeres.<\/div>\n<div dir=\"auto\" style=\"text-align: justify;\"><\/div>\n<div dir=\"auto\" style=\"text-align: justify;\">La plataforma digital \u201cVeracruzana Protegida\u201d funciona como un canal \u00e1gil y seguro, que atiende solicitudes en tiempo real, brinda seguimiento personalizado y facilita el acceso a recursos de protecci\u00f3n cuando m\u00e1s se necesitan, asegurando que las veracruzanas cuenten con respaldo institucional confiable y r\u00e1pido frente a cualquier situaci\u00f3n de vulnerabilidad.<\/div>\n<div dir=\"auto\" style=\"text-align: justify;\"><\/div>\n<div dir=\"auto\" style=\"text-align: justify;\">La administraci\u00f3n encabezada por la presidenta municipal Rosa Mar\u00eda Hern\u00e1ndez Espejo reafirma el compromiso de garantizar la tranquilidad y la protecci\u00f3n de las mujeres, construyendo una ciudad donde puedan vivir, trabajar y desarrollarse con seguridad y confianza.<\/div>\n<div id=\"x_ms-outlook-mobile-body-separator-line\" dir=\"auto\" data-applydefaultfontstyles=\"true\">\n<div dir=\"auto\" style=\"text-align: justify;\"><\/div>\n<\/div>\n","protected":false},"excerpt":{"rendered":"<p>6 de marzo de 2026 Bolet\u00edn Informativo *Se suma Ayuntamiento de Veracruz al programa estatal \u201cVeracruzana Protegida\u201d* ***La administraci\u00f3n encabezada por la alcaldesa Rosa Mar\u00eda Hern\u00e1ndez Espejo refuerza la protecci\u00f3n de las mujeres en la ciudad, garantizando atenci\u00f3n inmediata ante situaciones de riesgo y promoviendo entornos m\u00e1s seguros. El Ayuntamiento de Veracruz se suma al [&hellip;]<\/p>\n","protected":false},"author":1,"featured_media":6181,"comment_status":"closed","ping_status":"closed","sticky":false,"template":"","format":"standard","meta":{"_jetpack_memberships_contains_paid_content":false,"footnotes":"","jetpack_publicize_message":"","jetpack_publicize_feature_enabled":true,"jetpack_social_post_already_shared":true,"jetpack_social_options":{"image_generator_settings":{"template":"highway","default_image_id":0,"font":"","enabled":false},"version":2}},"categories":[4],"tags":[72],"class_list":["post-6186","post","type-post","status-publish","format-standard","has-post-thumbnail","hentry","category-noticia-politica","tag-rosa-maria-presidenta-de-veracruz"],"jetpack_publicize_connections":[],"jetpack_featured_media_url":"https:\/\/revistaenfoquepolitico.com\/wp-content\/uploads\/2026\/03\/IMG-20260306-WA0108.jpg","jetpack_sharing_enabled":true,"_links":{"self":[{"href":"https:\/\/revistaenfoquepolitico.com\/index.php\/wp-json\/wp\/v2\/posts\/6186","targetHints":{"allow":["GET"]}}],"collection":[{"href":"https:\/\/revistaenfoquepolitico.com\/index.php\/wp-json\/wp\/v2\/posts"}],"about":[{"href":"https:\/\/revistaenfoquepolitico.com\/index.php\/wp-json\/wp\/v2\/types\/post"}],"author":[{"embeddable":true,"href":"https:\/\/revistaenfoquepolitico.com\/index.php\/wp-json\/wp\/v2\/users\/1"}],"replies":[{"embeddable":true,"href":"https:\/\/revistaenfoquepolitico.com\/index.php\/wp-json\/wp\/v2\/comments?post=6186"}],"version-history":[{"count":1,"href":"https:\/\/revistaenfoquepolitico.com\/index.php\/wp-json\/wp\/v2\/posts\/6186\/revisions"}],"predecessor-version":[{"id":6187,"href":"https:\/\/revistaenfoquepolitico.com\/index.php\/wp-json\/wp\/v2\/posts\/6186\/revisions\/6187"}],"wp:featuredmedia":[{"embeddable":true,"href":"https:\/\/revistaenfoquepolitico.com\/index.php\/wp-json\/wp\/v2\/media\/6181"}],"wp:attachment":[{"href":"https:\/\/revistaenfoquepolitico.com\/index.php\/wp-json\/wp\/v2\/media?parent=6186"}],"wp:term":[{"taxonomy":"category","embeddable":true,"href":"https:\/\/revistaenfoquepolitico.com\/index.php\/wp-json\/wp\/v2\/categories?post=6186"},{"taxonomy":"post_tag","embeddable":true,"href":"https:\/\/revistaenfoquepolitico.com\/index.php\/wp-json\/wp\/v2\/tags?post=6186"}],"curies":[{"name":"wp","href":"https:\/\/api.w.org\/{rel}","templated":true}]}}