{"id":6193,"date":"2026-03-07T22:57:09","date_gmt":"2026-03-08T04:57:09","guid":{"rendered":"https:\/\/revistaenfoquepolitico.com\/?p=6193"},"modified":"2026-03-07T22:57:09","modified_gmt":"2026-03-08T04:57:09","slug":"bomberos-y-pc-municipal-de-veracruz-atienden-incendio-de-pastizal-en-la-zona-poniente-de-la-ciudad","status":"publish","type":"post","link":"https:\/\/revistaenfoquepolitico.com\/index.php\/2026\/03\/07\/bomberos-y-pc-municipal-de-veracruz-atienden-incendio-de-pastizal-en-la-zona-poniente-de-la-ciudad\/","title":{"rendered":"BOMBEROS Y PC MUNICIPAL DE VERACRUZ ATIENDEN INCENDIO DE PASTIZAL EN LA ZONA PONIENTE DE LA CIUDAD"},"content":{"rendered":"<div dir=\"auto\" data-olk-copy-source=\"MessageBody\">7 de marzo de 2026<\/div>\n<div dir=\"auto\">Aviso Informativo<\/div>\n<div dir=\"auto\"><\/div>\n<div dir=\"auto\"><\/div>\n<div dir=\"auto\">*Bomberos y PC municipal de Veracruz atienden incendio de pastizal en la zona poniente de la ciudad*<\/div>\n<div dir=\"auto\"><\/div>\n<div dir=\"auto\"><\/div>\n<div dir=\"auto\" style=\"text-align: justify;\">Personal del Heroico Cuerpo de Bomberos y de Protecci\u00f3n Civil municipal de Veracruz atienden el incendio de un pastizal en la zona del fraccionamiento Nuevo Veracruz, que tambi\u00e9n abarc\u00f3 parte de Las Bajadas y Albatros, y que hab\u00eda sido controlado previamente, antes de que los equipos se trasladaran a atender otro conato en la zona de Xana.<\/div>\n<div dir=\"auto\" style=\"text-align: justify;\"><\/div>\n<div dir=\"auto\" style=\"text-align: justify;\"><img loading=\"lazy\" decoding=\"async\" class=\"alignleft size-medium wp-image-6199\" src=\"https:\/\/revistaenfoquepolitico.com\/wp-content\/uploads\/2026\/03\/IMG-20260307-WA0353-300x169.jpg\" alt=\"\" width=\"300\" height=\"169\" srcset=\"https:\/\/revistaenfoquepolitico.com\/wp-content\/uploads\/2026\/03\/IMG-20260307-WA0353-300x169.jpg 300w, https:\/\/revistaenfoquepolitico.com\/wp-content\/uploads\/2026\/03\/IMG-20260307-WA0353-1024x576.jpg 1024w, https:\/\/revistaenfoquepolitico.com\/wp-content\/uploads\/2026\/03\/IMG-20260307-WA0353-768x432.jpg 768w, https:\/\/revistaenfoquepolitico.com\/wp-content\/uploads\/2026\/03\/IMG-20260307-WA0353-1536x864.jpg 1536w, https:\/\/revistaenfoquepolitico.com\/wp-content\/uploads\/2026\/03\/IMG-20260307-WA0353.jpg 1600w\" sizes=\"auto, (max-width: 300px) 100vw, 300px\" \/>Mientras los elementos atend\u00edan el nuevo siniestro, el fuego en Nuevo Veracruz se reactiv\u00f3, por lo que los cuerpos de emergencia permanecen en el lugar trabajando de manera coordinada, comprometidos con salvaguardar la integridad f\u00edsica de la ciudadan\u00eda.<\/div>\n<div dir=\"auto\" style=\"text-align: justify;\"><\/div>\n<div dir=\"auto\" style=\"text-align: justify;\">PC municipal de Veracruz exhorta a la ciudadan\u00eda a mantener limpios los terrenos y evitar la quema de basura o pastizales, recordando que la prevenci\u00f3n contribuye a proteger a la poblaci\u00f3n y su patrimonio.<\/div>\n<div id=\"x_ms-outlook-mobile-body-separator-line\" dir=\"auto\" data-applydefaultfontstyles=\"true\">\n<div dir=\"auto\" style=\"text-align: justify;\"><img loading=\"lazy\" decoding=\"async\" class=\"alignleft size-medium wp-image-6194\" src=\"https:\/\/revistaenfoquepolitico.com\/wp-content\/uploads\/2026\/03\/IMG-20260307-WA0354-169x300.jpg\" alt=\"\" width=\"169\" height=\"300\" srcset=\"https:\/\/revistaenfoquepolitico.com\/wp-content\/uploads\/2026\/03\/IMG-20260307-WA0354-169x300.jpg 169w, https:\/\/revistaenfoquepolitico.com\/wp-content\/uploads\/2026\/03\/IMG-20260307-WA0354-576x1024.jpg 576w, https:\/\/revistaenfoquepolitico.com\/wp-content\/uploads\/2026\/03\/IMG-20260307-WA0354-768x1366.jpg 768w, https:\/\/revistaenfoquepolitico.com\/wp-content\/uploads\/2026\/03\/IMG-20260307-WA0354-864x1536.jpg 864w, https:\/\/revistaenfoquepolitico.com\/wp-content\/uploads\/2026\/03\/IMG-20260307-WA0354.jpg 899w\" sizes=\"auto, (max-width: 169px) 100vw, 169px\" \/><img loading=\"lazy\" decoding=\"async\" class=\"alignright size-medium wp-image-6195\" src=\"https:\/\/revistaenfoquepolitico.com\/wp-content\/uploads\/2026\/03\/IMG-20260307-WA0349-169x300.jpg\" alt=\"\" width=\"169\" height=\"300\" srcset=\"https:\/\/revistaenfoquepolitico.com\/wp-content\/uploads\/2026\/03\/IMG-20260307-WA0349-169x300.jpg 169w, https:\/\/revistaenfoquepolitico.com\/wp-content\/uploads\/2026\/03\/IMG-20260307-WA0349-576x1024.jpg 576w, https:\/\/revistaenfoquepolitico.com\/wp-content\/uploads\/2026\/03\/IMG-20260307-WA0349-768x1366.jpg 768w, https:\/\/revistaenfoquepolitico.com\/wp-content\/uploads\/2026\/03\/IMG-20260307-WA0349-864x1536.jpg 864w, https:\/\/revistaenfoquepolitico.com\/wp-content\/uploads\/2026\/03\/IMG-20260307-WA0349.jpg 899w\" sizes=\"auto, (max-width: 169px) 100vw, 169px\" \/><\/div>\n<\/div>\n<div dir=\"auto\"><\/div>\n<div dir=\"auto\"><\/div>\n<div dir=\"auto\"><\/div>\n<div dir=\"auto\"><\/div>\n<div dir=\"auto\"><\/div>\n<div dir=\"auto\"><\/div>\n<div dir=\"auto\"><\/div>\n<div dir=\"auto\"><\/div>\n<div dir=\"auto\"><\/div>\n<div dir=\"auto\"><\/div>\n<div dir=\"auto\"><\/div>\n<div dir=\"auto\"><\/div>\n<div dir=\"auto\"><\/div>\n<div dir=\"auto\"><\/div>\n<div dir=\"auto\"><img loading=\"lazy\" decoding=\"async\" class=\"alignleft size-medium wp-image-6196\" src=\"https:\/\/revistaenfoquepolitico.com\/wp-content\/uploads\/2026\/03\/IMG-20260307-WA0350-225x300.jpg\" alt=\"\" width=\"225\" height=\"300\" srcset=\"https:\/\/revistaenfoquepolitico.com\/wp-content\/uploads\/2026\/03\/IMG-20260307-WA0350-225x300.jpg 225w, https:\/\/revistaenfoquepolitico.com\/wp-content\/uploads\/2026\/03\/IMG-20260307-WA0350-768x1024.jpg 768w, https:\/\/revistaenfoquepolitico.com\/wp-content\/uploads\/2026\/03\/IMG-20260307-WA0350.jpg 960w\" sizes=\"auto, (max-width: 225px) 100vw, 225px\" \/><img loading=\"lazy\" decoding=\"async\" class=\"alignright size-medium wp-image-6197\" src=\"https:\/\/revistaenfoquepolitico.com\/wp-content\/uploads\/2026\/03\/IMG-20260307-WA0351-225x300.jpg\" alt=\"\" width=\"225\" height=\"300\" srcset=\"https:\/\/revistaenfoquepolitico.com\/wp-content\/uploads\/2026\/03\/IMG-20260307-WA0351-225x300.jpg 225w, https:\/\/revistaenfoquepolitico.com\/wp-content\/uploads\/2026\/03\/IMG-20260307-WA0351-768x1024.jpg 768w, https:\/\/revistaenfoquepolitico.com\/wp-content\/uploads\/2026\/03\/IMG-20260307-WA0351.jpg 960w\" sizes=\"auto, (max-width: 225px) 100vw, 225px\" \/><\/div>\n<div dir=\"auto\"><\/div>\n<div dir=\"auto\"><\/div>\n<div dir=\"auto\"><\/div>\n<div dir=\"auto\"><\/div>\n<div dir=\"auto\"><\/div>\n<div dir=\"auto\"><\/div>\n<div dir=\"auto\"><\/div>\n<div dir=\"auto\"><\/div>\n<div dir=\"auto\"><\/div>\n<div dir=\"auto\"><\/div>\n<div dir=\"auto\"><\/div>\n<div dir=\"auto\"><\/div>\n<div dir=\"auto\"><\/div>\n<div dir=\"auto\"><\/div>\n<div dir=\"auto\"><\/div>\n","protected":false},"excerpt":{"rendered":"<p>7 de marzo de 2026 Aviso Informativo *Bomberos y PC municipal de Veracruz atienden incendio de pastizal en la zona poniente de la ciudad* Personal del Heroico Cuerpo de Bomberos y de Protecci\u00f3n Civil municipal de Veracruz atienden el incendio de un pastizal en la zona del fraccionamiento Nuevo Veracruz, que tambi\u00e9n abarc\u00f3 parte de [&hellip;]<\/p>\n","protected":false},"author":1,"featured_media":6198,"comment_status":"closed","ping_status":"closed","sticky":false,"template":"","format":"standard","meta":{"_jetpack_memberships_contains_paid_content":false,"footnotes":"","jetpack_publicize_message":"","jetpack_publicize_feature_enabled":true,"jetpack_social_post_already_shared":true,"jetpack_social_options":{"image_generator_settings":{"template":"highway","default_image_id":0,"font":"","enabled":false},"version":2}},"categories":[4],"tags":[84],"class_list":["post-6193","post","type-post","status-publish","format-standard","has-post-thumbnail","hentry","category-noticia-politica","tag-bomberos"],"jetpack_publicize_connections":[],"jetpack_featured_media_url":"https:\/\/revistaenfoquepolitico.com\/wp-content\/uploads\/2026\/03\/IMG-20260307-WA0352.jpg","jetpack_sharing_enabled":true,"_links":{"self":[{"href":"https:\/\/revistaenfoquepolitico.com\/index.php\/wp-json\/wp\/v2\/posts\/6193","targetHints":{"allow":["GET"]}}],"collection":[{"href":"https:\/\/revistaenfoquepolitico.com\/index.php\/wp-json\/wp\/v2\/posts"}],"about":[{"href":"https:\/\/revistaenfoquepolitico.com\/index.php\/wp-json\/wp\/v2\/types\/post"}],"author":[{"embeddable":true,"href":"https:\/\/revistaenfoquepolitico.com\/index.php\/wp-json\/wp\/v2\/users\/1"}],"replies":[{"embeddable":true,"href":"https:\/\/revistaenfoquepolitico.com\/index.php\/wp-json\/wp\/v2\/comments?post=6193"}],"version-history":[{"count":1,"href":"https:\/\/revistaenfoquepolitico.com\/index.php\/wp-json\/wp\/v2\/posts\/6193\/revisions"}],"predecessor-version":[{"id":6200,"href":"https:\/\/revistaenfoquepolitico.com\/index.php\/wp-json\/wp\/v2\/posts\/6193\/revisions\/6200"}],"wp:featuredmedia":[{"embeddable":true,"href":"https:\/\/revistaenfoquepolitico.com\/index.php\/wp-json\/wp\/v2\/media\/6198"}],"wp:attachment":[{"href":"https:\/\/revistaenfoquepolitico.com\/index.php\/wp-json\/wp\/v2\/media?parent=6193"}],"wp:term":[{"taxonomy":"category","embeddable":true,"href":"https:\/\/revistaenfoquepolitico.com\/index.php\/wp-json\/wp\/v2\/categories?post=6193"},{"taxonomy":"post_tag","embeddable":true,"href":"https:\/\/revistaenfoquepolitico.com\/index.php\/wp-json\/wp\/v2\/tags?post=6193"}],"curies":[{"name":"wp","href":"https:\/\/api.w.org\/{rel}","templated":true}]}}