{"id":6208,"date":"2026-03-08T16:43:45","date_gmt":"2026-03-08T22:43:45","guid":{"rendered":"https:\/\/revistaenfoquepolitico.com\/?p=6208"},"modified":"2026-03-08T16:43:45","modified_gmt":"2026-03-08T22:43:45","slug":"roque-castillo-en-alto-lucero","status":"publish","type":"post","link":"https:\/\/revistaenfoquepolitico.com\/index.php\/2026\/03\/08\/roque-castillo-en-alto-lucero\/","title":{"rendered":"ROQUE CASTILLO EN ALTO LUCERO"},"content":{"rendered":"<div id=\"x_ms-outlook-mobile-body-separator-line\" dir=\"auto\" data-applydefaultfontstyles=\"true\">\n<div dir=\"auto\" data-olk-copy-source=\"MessageBody\">ROQUE CASTILLO EN ALTO LUCERO<\/div>\n<div dir=\"auto\">Por: Felipe Mendiola Parra<\/div>\n<\/div>\n<div dir=\"auto\"><\/div>\n<div dir=\"auto\">Alto Lucero, Ver., 08 de marzo de 2026<\/div>\n<div id=\"x_ms-outlook-mobile-body-separator-line\" dir=\"auto\" data-applydefaultfontstyles=\"true\">\n<div dir=\"auto\" aria-hidden=\"true\"><\/div>\n<div dir=\"auto\">Visit\u00e9 Alto Lucero<\/div>\n<div dir=\"auto\">Y salud\u00e9 a Roque Castillo,<\/div>\n<div dir=\"auto\">Que le est\u00e1 dando brillo<\/div>\n<div dir=\"auto\">Desde que comenz\u00f3 enero.<\/div>\n<div dir=\"auto\">Es un alcalde certero,<\/div>\n<div dir=\"auto\">Con buena administraci\u00f3n<\/div>\n<div dir=\"auto\">Que atiende a la poblaci\u00f3n<\/div>\n<div dir=\"auto\">Con respuesta inmediata,<\/div>\n<div dir=\"auto\">Que \u00e9l mismo constata<\/div>\n<div dir=\"auto\">Siempre con buena intenci\u00f3n.<\/div>\n<div dir=\"auto\" aria-hidden=\"true\"><\/div>\n<div dir=\"auto\">Pol\u00edtica de austeridad<\/div>\n<div dir=\"auto\">Implement\u00f3 para todos,<\/div>\n<div dir=\"auto\">No se trata de periodos<\/div>\n<div dir=\"auto\">Esto es una realidad.<\/div>\n<div dir=\"auto\">Primero la comunidad,<\/div>\n<div dir=\"auto\">Atender sus necesidades,<\/div>\n<div dir=\"auto\">Conocer sus prioridades<\/div>\n<div dir=\"auto\">Y evitar gastos mayores,<\/div>\n<div dir=\"auto\">Ajustar indicadores<\/div>\n<div dir=\"auto\">Y ofrecer facilidades.<\/div>\n<div dir=\"auto\" aria-hidden=\"true\"><\/div>\n<div dir=\"auto\">Trabaja Roque Castillo<\/div>\n<div dir=\"auto\">Con un horario corrido<\/div>\n<div dir=\"auto\">Que \u00e9l mismo ha establecido,<\/div>\n<div dir=\"auto\">Con un trato muy sencillo,<\/div>\n<div dir=\"auto\">La gente est\u00e1 en el pasillo<\/div>\n<div dir=\"auto\">Y todos son recibidos,<\/div>\n<div dir=\"auto\">Adem\u00e1s, bien atendidos,<\/div>\n<div dir=\"auto\">Porque ese es su compromiso,<\/div>\n<div dir=\"auto\">Nunca lo ves indeciso<\/div>\n<div dir=\"auto\">Todos salen convencidos.<\/div>\n<\/div>\n","protected":false},"excerpt":{"rendered":"<p>ROQUE CASTILLO EN ALTO LUCERO Por: Felipe Mendiola Parra Alto Lucero, Ver., 08 de marzo de 2026 Visit\u00e9 Alto Lucero Y salud\u00e9 a Roque Castillo, Que le est\u00e1 dando brillo Desde que comenz\u00f3 enero. Es un alcalde certero, Con buena administraci\u00f3n Que atiende a la poblaci\u00f3n Con respuesta inmediata, Que \u00e9l mismo constata Siempre con [&hellip;]<\/p>\n","protected":false},"author":1,"featured_media":6209,"comment_status":"closed","ping_status":"closed","sticky":false,"template":"","format":"standard","meta":{"_jetpack_memberships_contains_paid_content":false,"footnotes":"","jetpack_publicize_message":"","jetpack_publicize_feature_enabled":true,"jetpack_social_post_already_shared":true,"jetpack_social_options":{"image_generator_settings":{"template":"highway","default_image_id":0,"font":"","enabled":false},"version":2}},"categories":[4],"tags":[81],"class_list":["post-6208","post","type-post","status-publish","format-standard","has-post-thumbnail","hentry","category-noticia-politica","tag-felipe-mendiola-parra"],"jetpack_publicize_connections":[],"jetpack_featured_media_url":"https:\/\/revistaenfoquepolitico.com\/wp-content\/uploads\/2026\/03\/IMG-20260308-WA0184.jpg","jetpack_sharing_enabled":true,"_links":{"self":[{"href":"https:\/\/revistaenfoquepolitico.com\/index.php\/wp-json\/wp\/v2\/posts\/6208","targetHints":{"allow":["GET"]}}],"collection":[{"href":"https:\/\/revistaenfoquepolitico.com\/index.php\/wp-json\/wp\/v2\/posts"}],"about":[{"href":"https:\/\/revistaenfoquepolitico.com\/index.php\/wp-json\/wp\/v2\/types\/post"}],"author":[{"embeddable":true,"href":"https:\/\/revistaenfoquepolitico.com\/index.php\/wp-json\/wp\/v2\/users\/1"}],"replies":[{"embeddable":true,"href":"https:\/\/revistaenfoquepolitico.com\/index.php\/wp-json\/wp\/v2\/comments?post=6208"}],"version-history":[{"count":1,"href":"https:\/\/revistaenfoquepolitico.com\/index.php\/wp-json\/wp\/v2\/posts\/6208\/revisions"}],"predecessor-version":[{"id":6210,"href":"https:\/\/revistaenfoquepolitico.com\/index.php\/wp-json\/wp\/v2\/posts\/6208\/revisions\/6210"}],"wp:featuredmedia":[{"embeddable":true,"href":"https:\/\/revistaenfoquepolitico.com\/index.php\/wp-json\/wp\/v2\/media\/6209"}],"wp:attachment":[{"href":"https:\/\/revistaenfoquepolitico.com\/index.php\/wp-json\/wp\/v2\/media?parent=6208"}],"wp:term":[{"taxonomy":"category","embeddable":true,"href":"https:\/\/revistaenfoquepolitico.com\/index.php\/wp-json\/wp\/v2\/categories?post=6208"},{"taxonomy":"post_tag","embeddable":true,"href":"https:\/\/revistaenfoquepolitico.com\/index.php\/wp-json\/wp\/v2\/tags?post=6208"}],"curies":[{"name":"wp","href":"https:\/\/api.w.org\/{rel}","templated":true}]}}