{"id":6211,"date":"2026-03-08T17:29:05","date_gmt":"2026-03-08T23:29:05","guid":{"rendered":"https:\/\/revistaenfoquepolitico.com\/?p=6211"},"modified":"2026-03-08T17:29:05","modified_gmt":"2026-03-08T23:29:05","slug":"garantizaremos-la-seguridad-de-mujeres-ninas-y-adolescentes-en-nuestra-ciudad-de-veracruz-rosa-maria","status":"publish","type":"post","link":"https:\/\/revistaenfoquepolitico.com\/index.php\/2026\/03\/08\/garantizaremos-la-seguridad-de-mujeres-ninas-y-adolescentes-en-nuestra-ciudad-de-veracruz-rosa-maria\/","title":{"rendered":"GARANTIZAREMOS LA SEGURIDAD DE MUJERES, NI\u00d1AS Y ADOLESCENTES EN NUESTRA CIUDAD DE VERACRUZ: ROSA MAR\u00cdA"},"content":{"rendered":"<div dir=\"auto\" data-olk-copy-source=\"MessageBody\">08 de marzo de 2026<\/div>\n<div dir=\"auto\">Bolet\u00edn Informativo<\/div>\n<div dir=\"auto\"><\/div>\n<div dir=\"auto\">*\u201cGarantizaremos la seguridad de mujeres, ni\u00f1as y adolescentes en nuestra ciudad de Veracruz\u201d: Rosa Mar\u00eda*<\/div>\n<div dir=\"auto\"><\/div>\n<div dir=\"auto\" style=\"text-align: justify;\"><strong>*El Ayuntamiento de Veracruz se sum\u00f3 al programa \u201cVeracruzana Protegida\u201d, creado por la gobernadora Roc\u00edo Nahle Garc\u00eda, para fortalecer la protecci\u00f3n y atenci\u00f3n inmediata a f\u00e9minas en situaci\u00f3n de riesgo*<\/strong><\/div>\n<div dir=\"auto\"><\/div>\n<div dir=\"auto\" style=\"text-align: justify;\"><img loading=\"lazy\" decoding=\"async\" class=\"alignleft size-medium wp-image-6220\" src=\"https:\/\/revistaenfoquepolitico.com\/wp-content\/uploads\/2026\/03\/IMG-20260308-WA0222-300x200.jpg\" alt=\"\" width=\"300\" height=\"200\" srcset=\"https:\/\/revistaenfoquepolitico.com\/wp-content\/uploads\/2026\/03\/IMG-20260308-WA0222-300x200.jpg 300w, https:\/\/revistaenfoquepolitico.com\/wp-content\/uploads\/2026\/03\/IMG-20260308-WA0222-1024x683.jpg 1024w, https:\/\/revistaenfoquepolitico.com\/wp-content\/uploads\/2026\/03\/IMG-20260308-WA0222-768x512.jpg 768w, https:\/\/revistaenfoquepolitico.com\/wp-content\/uploads\/2026\/03\/IMG-20260308-WA0222.jpg 1280w\" sizes=\"auto, (max-width: 300px) 100vw, 300px\" \/>El Ayuntamiento de Veracruz firm\u00f3 el convenio con el Gobierno del Estado de Veracruz para incorporarse al programa \u201cVeracruzana Protegida\u201d, estrategia orientada a fortalecer la atenci\u00f3n inmediata y los mecanismos de protecci\u00f3n para mujeres que enfrentan situaciones de violencia.<\/div>\n<div dir=\"auto\" style=\"text-align: justify;\"><\/div>\n<div dir=\"auto\" style=\"text-align: justify;\"><img loading=\"lazy\" decoding=\"async\" class=\"alignright size-medium wp-image-6219\" src=\"https:\/\/revistaenfoquepolitico.com\/wp-content\/uploads\/2026\/03\/IMG-20260308-WA0223-300x200.jpg\" alt=\"\" width=\"300\" height=\"200\" srcset=\"https:\/\/revistaenfoquepolitico.com\/wp-content\/uploads\/2026\/03\/IMG-20260308-WA0223-300x200.jpg 300w, https:\/\/revistaenfoquepolitico.com\/wp-content\/uploads\/2026\/03\/IMG-20260308-WA0223-1024x683.jpg 1024w, https:\/\/revistaenfoquepolitico.com\/wp-content\/uploads\/2026\/03\/IMG-20260308-WA0223-768x512.jpg 768w, https:\/\/revistaenfoquepolitico.com\/wp-content\/uploads\/2026\/03\/IMG-20260308-WA0223.jpg 1280w\" sizes=\"auto, (max-width: 300px) 100vw, 300px\" \/>La presidenta municipal de Veracruz, Rosa Mar\u00eda Hern\u00e1ndez Espejo, reconoci\u00f3 la importancia de esta iniciativa impulsada por la gobernadora Roc\u00edo Nahle Garc\u00eda, quien cre\u00f3 el programa con el objetivo de que ninguna mujer enfrente sola un momento de peligro, garantizando sus derechos humanos y la impartici\u00f3n de justicia bajo un enfoque de equidad de g\u00e9nero.<\/div>\n<div dir=\"auto\" style=\"text-align: justify;\"><\/div>\n<div dir=\"auto\" style=\"text-align: justify;\"><img loading=\"lazy\" decoding=\"async\" class=\"alignleft size-medium wp-image-6223\" src=\"https:\/\/revistaenfoquepolitico.com\/wp-content\/uploads\/2026\/03\/IMG-20260308-WA0236-300x279.jpg\" alt=\"\" width=\"300\" height=\"279\" srcset=\"https:\/\/revistaenfoquepolitico.com\/wp-content\/uploads\/2026\/03\/IMG-20260308-WA0236-300x279.jpg 300w, https:\/\/revistaenfoquepolitico.com\/wp-content\/uploads\/2026\/03\/IMG-20260308-WA0236-1024x951.jpg 1024w, https:\/\/revistaenfoquepolitico.com\/wp-content\/uploads\/2026\/03\/IMG-20260308-WA0236-768x713.jpg 768w, https:\/\/revistaenfoquepolitico.com\/wp-content\/uploads\/2026\/03\/IMG-20260308-WA0236-1536x1426.jpg 1536w, https:\/\/revistaenfoquepolitico.com\/wp-content\/uploads\/2026\/03\/IMG-20260308-WA0236-2048x1901.jpg 2048w\" sizes=\"auto, (max-width: 300px) 100vw, 300px\" \/>Durante el acto realizado en el marco del D\u00eda Internacional de la Mujer, la alcaldesa subray\u00f3 que el convenio permitir\u00e1 reforzar la coordinaci\u00f3n entre autoridades estatales y municipales, garantizando respuestas m\u00e1s r\u00e1pidas y efectivas ante situaciones de violencia.<\/div>\n<div dir=\"auto\" style=\"text-align: justify;\"><\/div>\n<div dir=\"auto\" style=\"text-align: justify;\">\u201cCon este convenio de colaboraci\u00f3n reafirmamos el compromiso de transformar el acceso a la justicia con perspectiva de g\u00e9nero\u201d, expres\u00f3 la mun\u00edcipe, al se\u00f1alar ante alrededor de mil 300 mujeres en el Teatro de la Reforma que, en Veracruz, la igualdad debe reflejarse en acciones concretas que garanticen protecci\u00f3n y justicia para las mujeres.<\/div>\n<div dir=\"auto\" style=\"text-align: justify;\"><\/div>\n<div dir=\"auto\" style=\"text-align: justify;\"><img loading=\"lazy\" decoding=\"async\" class=\"alignright size-medium wp-image-6221\" src=\"https:\/\/revistaenfoquepolitico.com\/wp-content\/uploads\/2026\/03\/IMG-20260308-WA0221-300x200.jpg\" alt=\"\" width=\"300\" height=\"200\" srcset=\"https:\/\/revistaenfoquepolitico.com\/wp-content\/uploads\/2026\/03\/IMG-20260308-WA0221-300x200.jpg 300w, https:\/\/revistaenfoquepolitico.com\/wp-content\/uploads\/2026\/03\/IMG-20260308-WA0221-1024x683.jpg 1024w, https:\/\/revistaenfoquepolitico.com\/wp-content\/uploads\/2026\/03\/IMG-20260308-WA0221-768x512.jpg 768w, https:\/\/revistaenfoquepolitico.com\/wp-content\/uploads\/2026\/03\/IMG-20260308-WA0221.jpg 1280w\" sizes=\"auto, (max-width: 300px) 100vw, 300px\" \/>El Ayuntamiento porte\u00f1o dar\u00e1 seguimiento a las \u00f3rdenes de protecci\u00f3n emitidas a favor de mujeres en riesgo, con la participaci\u00f3n de la Polic\u00eda Municipal, y el acompa\u00f1amiento del DIF municipal y el Instituto Municipal de las Mujeres, asegurando atenci\u00f3n inmediata y apoyo integral a las v\u00edctimas.<\/div>\n<div dir=\"auto\" style=\"text-align: justify;\"><\/div>\n<div dir=\"auto\" style=\"text-align: justify;\">El acto reuni\u00f3 a mujeres de distintos \u00e1mbitos p\u00fablicos, institucionales y sociales, reconociendo la lucha y aportaci\u00f3n de todas las veracruzanas en la construcci\u00f3n de una sociedad m\u00e1s justa e igualitaria.<\/div>\n<div dir=\"auto\" style=\"text-align: justify;\"><\/div>\n<div dir=\"auto\"><img loading=\"lazy\" decoding=\"async\" class=\"aligncenter size-medium wp-image-6218\" src=\"https:\/\/revistaenfoquepolitico.com\/wp-content\/uploads\/2026\/03\/IMG-20260308-WA0224-300x200.jpg\" alt=\"\" width=\"300\" height=\"200\" srcset=\"https:\/\/revistaenfoquepolitico.com\/wp-content\/uploads\/2026\/03\/IMG-20260308-WA0224-300x200.jpg 300w, https:\/\/revistaenfoquepolitico.com\/wp-content\/uploads\/2026\/03\/IMG-20260308-WA0224-1024x683.jpg 1024w, https:\/\/revistaenfoquepolitico.com\/wp-content\/uploads\/2026\/03\/IMG-20260308-WA0224-768x512.jpg 768w, https:\/\/revistaenfoquepolitico.com\/wp-content\/uploads\/2026\/03\/IMG-20260308-WA0224.jpg 1280w\" sizes=\"auto, (max-width: 300px) 100vw, 300px\" \/><\/div>\n<div dir=\"auto\"><\/div>\n<div dir=\"auto\"><img loading=\"lazy\" decoding=\"async\" class=\"aligncenter size-medium wp-image-6217\" src=\"https:\/\/revistaenfoquepolitico.com\/wp-content\/uploads\/2026\/03\/IMG-20260308-WA0225-300x200.jpg\" alt=\"\" width=\"300\" height=\"200\" srcset=\"https:\/\/revistaenfoquepolitico.com\/wp-content\/uploads\/2026\/03\/IMG-20260308-WA0225-300x200.jpg 300w, https:\/\/revistaenfoquepolitico.com\/wp-content\/uploads\/2026\/03\/IMG-20260308-WA0225-1024x683.jpg 1024w, https:\/\/revistaenfoquepolitico.com\/wp-content\/uploads\/2026\/03\/IMG-20260308-WA0225-768x512.jpg 768w, https:\/\/revistaenfoquepolitico.com\/wp-content\/uploads\/2026\/03\/IMG-20260308-WA0225.jpg 1280w\" sizes=\"auto, (max-width: 300px) 100vw, 300px\" \/><\/div>\n<div dir=\"auto\"><\/div>\n<div dir=\"auto\"><img loading=\"lazy\" decoding=\"async\" class=\"aligncenter size-medium wp-image-6214\" src=\"https:\/\/revistaenfoquepolitico.com\/wp-content\/uploads\/2026\/03\/IMG-20260308-WA0228-300x200.jpg\" alt=\"\" width=\"300\" height=\"200\" srcset=\"https:\/\/revistaenfoquepolitico.com\/wp-content\/uploads\/2026\/03\/IMG-20260308-WA0228-300x200.jpg 300w, https:\/\/revistaenfoquepolitico.com\/wp-content\/uploads\/2026\/03\/IMG-20260308-WA0228-1024x683.jpg 1024w, https:\/\/revistaenfoquepolitico.com\/wp-content\/uploads\/2026\/03\/IMG-20260308-WA0228-768x512.jpg 768w, https:\/\/revistaenfoquepolitico.com\/wp-content\/uploads\/2026\/03\/IMG-20260308-WA0228.jpg 1280w\" sizes=\"auto, (max-width: 300px) 100vw, 300px\" \/><\/div>\n<div dir=\"auto\"><\/div>\n<div dir=\"auto\"><img loading=\"lazy\" decoding=\"async\" class=\"aligncenter size-medium wp-image-6213\" src=\"https:\/\/revistaenfoquepolitico.com\/wp-content\/uploads\/2026\/03\/IMG-20260308-WA0230-300x200.jpg\" alt=\"\" width=\"300\" height=\"200\" srcset=\"https:\/\/revistaenfoquepolitico.com\/wp-content\/uploads\/2026\/03\/IMG-20260308-WA0230-300x200.jpg 300w, https:\/\/revistaenfoquepolitico.com\/wp-content\/uploads\/2026\/03\/IMG-20260308-WA0230-1024x683.jpg 1024w, https:\/\/revistaenfoquepolitico.com\/wp-content\/uploads\/2026\/03\/IMG-20260308-WA0230-768x512.jpg 768w, https:\/\/revistaenfoquepolitico.com\/wp-content\/uploads\/2026\/03\/IMG-20260308-WA0230.jpg 1280w\" sizes=\"auto, (max-width: 300px) 100vw, 300px\" \/><\/div>\n<div dir=\"auto\"><\/div>\n<div dir=\"auto\"><img loading=\"lazy\" decoding=\"async\" class=\"aligncenter size-medium wp-image-6212\" src=\"https:\/\/revistaenfoquepolitico.com\/wp-content\/uploads\/2026\/03\/IMG-20260308-WA0232-200x300.jpg\" alt=\"\" width=\"200\" height=\"300\" srcset=\"https:\/\/revistaenfoquepolitico.com\/wp-content\/uploads\/2026\/03\/IMG-20260308-WA0232-200x300.jpg 200w, https:\/\/revistaenfoquepolitico.com\/wp-content\/uploads\/2026\/03\/IMG-20260308-WA0232-683x1024.jpg 683w, https:\/\/revistaenfoquepolitico.com\/wp-content\/uploads\/2026\/03\/IMG-20260308-WA0232-768x1151.jpg 768w, https:\/\/revistaenfoquepolitico.com\/wp-content\/uploads\/2026\/03\/IMG-20260308-WA0232.jpg 854w\" sizes=\"auto, (max-width: 200px) 100vw, 200px\" \/><\/div>\n","protected":false},"excerpt":{"rendered":"<p>08 de marzo de 2026 Bolet\u00edn Informativo *\u201cGarantizaremos la seguridad de mujeres, ni\u00f1as y adolescentes en nuestra ciudad de Veracruz\u201d: Rosa Mar\u00eda* *El Ayuntamiento de Veracruz se sum\u00f3 al programa \u201cVeracruzana Protegida\u201d, creado por la gobernadora Roc\u00edo Nahle Garc\u00eda, para fortalecer la protecci\u00f3n y atenci\u00f3n inmediata a f\u00e9minas en situaci\u00f3n de riesgo* El Ayuntamiento de [&hellip;]<\/p>\n","protected":false},"author":1,"featured_media":6222,"comment_status":"closed","ping_status":"closed","sticky":false,"template":"","format":"standard","meta":{"_jetpack_memberships_contains_paid_content":false,"footnotes":"","jetpack_publicize_message":"","jetpack_publicize_feature_enabled":true,"jetpack_social_post_already_shared":true,"jetpack_social_options":{"image_generator_settings":{"template":"highway","default_image_id":0,"font":"","enabled":false},"version":2}},"categories":[4],"tags":[72],"class_list":["post-6211","post","type-post","status-publish","format-standard","has-post-thumbnail","hentry","category-noticia-politica","tag-rosa-maria-presidenta-de-veracruz"],"jetpack_publicize_connections":[],"jetpack_featured_media_url":"https:\/\/revistaenfoquepolitico.com\/wp-content\/uploads\/2026\/03\/IMG-20260308-WA0220.jpg","jetpack_sharing_enabled":true,"_links":{"self":[{"href":"https:\/\/revistaenfoquepolitico.com\/index.php\/wp-json\/wp\/v2\/posts\/6211","targetHints":{"allow":["GET"]}}],"collection":[{"href":"https:\/\/revistaenfoquepolitico.com\/index.php\/wp-json\/wp\/v2\/posts"}],"about":[{"href":"https:\/\/revistaenfoquepolitico.com\/index.php\/wp-json\/wp\/v2\/types\/post"}],"author":[{"embeddable":true,"href":"https:\/\/revistaenfoquepolitico.com\/index.php\/wp-json\/wp\/v2\/users\/1"}],"replies":[{"embeddable":true,"href":"https:\/\/revistaenfoquepolitico.com\/index.php\/wp-json\/wp\/v2\/comments?post=6211"}],"version-history":[{"count":1,"href":"https:\/\/revistaenfoquepolitico.com\/index.php\/wp-json\/wp\/v2\/posts\/6211\/revisions"}],"predecessor-version":[{"id":6224,"href":"https:\/\/revistaenfoquepolitico.com\/index.php\/wp-json\/wp\/v2\/posts\/6211\/revisions\/6224"}],"wp:featuredmedia":[{"embeddable":true,"href":"https:\/\/revistaenfoquepolitico.com\/index.php\/wp-json\/wp\/v2\/media\/6222"}],"wp:attachment":[{"href":"https:\/\/revistaenfoquepolitico.com\/index.php\/wp-json\/wp\/v2\/media?parent=6211"}],"wp:term":[{"taxonomy":"category","embeddable":true,"href":"https:\/\/revistaenfoquepolitico.com\/index.php\/wp-json\/wp\/v2\/categories?post=6211"},{"taxonomy":"post_tag","embeddable":true,"href":"https:\/\/revistaenfoquepolitico.com\/index.php\/wp-json\/wp\/v2\/tags?post=6211"}],"curies":[{"name":"wp","href":"https:\/\/api.w.org\/{rel}","templated":true}]}}