{"id":6235,"date":"2026-03-09T13:07:30","date_gmt":"2026-03-09T19:07:30","guid":{"rendered":"https:\/\/revistaenfoquepolitico.com\/?p=6235"},"modified":"2026-03-09T13:07:30","modified_gmt":"2026-03-09T19:07:30","slug":"proteccion-civil-de-medellin-rescata-a-cachorrita-atrapada-en-el-arroyo-moreno","status":"publish","type":"post","link":"https:\/\/revistaenfoquepolitico.com\/index.php\/2026\/03\/09\/proteccion-civil-de-medellin-rescata-a-cachorrita-atrapada-en-el-arroyo-moreno\/","title":{"rendered":"PROTECCI\u00d3N CIVIL DE MEDELL\u00cdN RESCATA A CACHORRITA ATRAPADA EN EL ARROYO MORENO"},"content":{"rendered":"<div id=\"x_ms-outlook-mobile-body-separator-line\" dir=\"auto\" data-applydefaultfontstyles=\"true\">\n<div dir=\"auto\">Medell\u00edn de Bravo, Ver., 09\u00a0 de marzo de 2026<\/div>\n<div dir=\"auto\"><\/div>\n<div dir=\"auto\" style=\"text-align: justify;\">La Direcci\u00f3n de Protecci\u00f3n Civil de Medell\u00edn de Bravo, a cargo de Antonio Rosas Delon, realiz\u00f3 el rescate de una cachorrita que se encontraba atrapada entre el lirio dentro del Arroyo Moreno, durante la ma\u00f1ana de este d\u00eda.<\/div>\n<div dir=\"auto\" style=\"text-align: justify;\"><\/div>\n<div dir=\"auto\" style=\"text-align: justify;\"><img loading=\"lazy\" decoding=\"async\" class=\"alignleft size-medium wp-image-6241\" src=\"https:\/\/revistaenfoquepolitico.com\/wp-content\/uploads\/2026\/03\/IMG-20260309-WA0075-201x300.jpg\" alt=\"\" width=\"201\" height=\"300\" srcset=\"https:\/\/revistaenfoquepolitico.com\/wp-content\/uploads\/2026\/03\/IMG-20260309-WA0075-201x300.jpg 201w, https:\/\/revistaenfoquepolitico.com\/wp-content\/uploads\/2026\/03\/IMG-20260309-WA0075-685x1024.jpg 685w, https:\/\/revistaenfoquepolitico.com\/wp-content\/uploads\/2026\/03\/IMG-20260309-WA0075-768x1148.jpg 768w, https:\/\/revistaenfoquepolitico.com\/wp-content\/uploads\/2026\/03\/IMG-20260309-WA0075.jpg 856w\" sizes=\"auto, (max-width: 201px) 100vw, 201px\" \/>El hecho fue detectado por personal de la Direcci\u00f3n de Imagen Urbana a cargo del Lic. Pastor P\u00e9rez, quienes se encontraban realizando labores de mantenimiento y pintura de guarniciones en la zona. Durante sus trabajos, los trabajadores se percataron de que una peque\u00f1a perrita se encontraba atrapada entre la vegetaci\u00f3n acu\u00e1tica, sin poder salir del agua.<\/div>\n<div dir=\"auto\" style=\"text-align: justify;\"><\/div>\n<div dir=\"auto\" style=\"text-align: justify;\">Ante esta situaci\u00f3n, solicitaron de inmediato el apoyo de Protecci\u00f3n Civil municipal, cuyos elementos acudieron r\u00e1pidamente al lugar para realizar las maniobras necesarias y lograr poner a salvo al animal.<\/div>\n<div dir=\"auto\" style=\"text-align: justify;\"><\/div>\n<div dir=\"auto\" style=\"text-align: justify;\"><img loading=\"lazy\" decoding=\"async\" class=\"alignright size-medium wp-image-6242\" src=\"https:\/\/revistaenfoquepolitico.com\/wp-content\/uploads\/2026\/03\/IMG-20260309-WA0072-300x200.jpg\" alt=\"\" width=\"300\" height=\"200\" srcset=\"https:\/\/revistaenfoquepolitico.com\/wp-content\/uploads\/2026\/03\/IMG-20260309-WA0072-300x200.jpg 300w, https:\/\/revistaenfoquepolitico.com\/wp-content\/uploads\/2026\/03\/IMG-20260309-WA0072-1024x683.jpg 1024w, https:\/\/revistaenfoquepolitico.com\/wp-content\/uploads\/2026\/03\/IMG-20260309-WA0072-768x512.jpg 768w, https:\/\/revistaenfoquepolitico.com\/wp-content\/uploads\/2026\/03\/IMG-20260309-WA0072.jpg 1280w\" sizes=\"auto, (max-width: 300px) 100vw, 300px\" \/>Una vez rescatada, la cachorrita de aproximadamente dos meses de edad fue trasladada a la cl\u00ednica veterinaria Patitas Traviesas, donde recibi\u00f3 atenci\u00f3n m\u00e9dica para valorar su estado de salud y se le administraron los medicamentos correspondientes.<\/div>\n<div dir=\"auto\" style=\"text-align: justify;\"><\/div>\n<div dir=\"auto\" style=\"text-align: justify;\">Durante la revisi\u00f3n, se observ\u00f3 que la perrita presentaba amputaci\u00f3n de la colita, situaci\u00f3n que hace presumir que pudo haber sido v\u00edctima de maltrato.<\/div>\n<div dir=\"auto\" style=\"text-align: justify;\"><\/div>\n<div dir=\"auto\" style=\"text-align: justify;\"><img loading=\"lazy\" decoding=\"async\" class=\"alignleft size-medium wp-image-6243\" src=\"https:\/\/revistaenfoquepolitico.com\/wp-content\/uploads\/2026\/03\/IMG-20260309-WA0070-300x200.jpg\" alt=\"\" width=\"300\" height=\"200\" srcset=\"https:\/\/revistaenfoquepolitico.com\/wp-content\/uploads\/2026\/03\/IMG-20260309-WA0070-300x200.jpg 300w, https:\/\/revistaenfoquepolitico.com\/wp-content\/uploads\/2026\/03\/IMG-20260309-WA0070-1024x683.jpg 1024w, https:\/\/revistaenfoquepolitico.com\/wp-content\/uploads\/2026\/03\/IMG-20260309-WA0070-768x512.jpg 768w, https:\/\/revistaenfoquepolitico.com\/wp-content\/uploads\/2026\/03\/IMG-20260309-WA0070.jpg 1280w\" sizes=\"auto, (max-width: 300px) 100vw, 300px\" \/>Ante estos hechos, la Jefatura de Ecolog\u00eda del Ayuntamiento de Medell\u00edn de Bravo, encabezada por Karina Arroniz, inform\u00f3 que se iniciar\u00e1 la investigaci\u00f3n correspondiente para tratar de localizar a los responsables y esclarecer las condiciones en las que se encontraba el animal.<\/div>\n<div dir=\"auto\" style=\"text-align: justify;\"><\/div>\n<div dir=\"auto\" style=\"text-align: justify;\">El Ayuntamiento de Medell\u00edn de Bravo reiter\u00f3 su compromiso con la protecci\u00f3n y bienestar animal, as\u00ed como con la atenci\u00f3n oportuna de reportes ciudadanos que permitan salvaguardar la vida y seguridad de los animales en el municipio.<\/div>\n<div dir=\"auto\"><img loading=\"lazy\" decoding=\"async\" class=\"aligncenter size-medium wp-image-6240\" src=\"https:\/\/revistaenfoquepolitico.com\/wp-content\/uploads\/2026\/03\/IMG-20260309-WA0076-201x300.jpg\" alt=\"\" width=\"201\" height=\"300\" srcset=\"https:\/\/revistaenfoquepolitico.com\/wp-content\/uploads\/2026\/03\/IMG-20260309-WA0076-201x300.jpg 201w, https:\/\/revistaenfoquepolitico.com\/wp-content\/uploads\/2026\/03\/IMG-20260309-WA0076-685x1024.jpg 685w, https:\/\/revistaenfoquepolitico.com\/wp-content\/uploads\/2026\/03\/IMG-20260309-WA0076-768x1148.jpg 768w, https:\/\/revistaenfoquepolitico.com\/wp-content\/uploads\/2026\/03\/IMG-20260309-WA0076.jpg 856w\" sizes=\"auto, (max-width: 201px) 100vw, 201px\" \/><\/div>\n<\/div>\n<div dir=\"auto\"><\/div>\n<div dir=\"auto\"><img loading=\"lazy\" decoding=\"async\" class=\"aligncenter size-medium wp-image-6239\" src=\"https:\/\/revistaenfoquepolitico.com\/wp-content\/uploads\/2026\/03\/IMG-20260309-WA0077-201x300.jpg\" alt=\"\" width=\"201\" height=\"300\" srcset=\"https:\/\/revistaenfoquepolitico.com\/wp-content\/uploads\/2026\/03\/IMG-20260309-WA0077-201x300.jpg 201w, https:\/\/revistaenfoquepolitico.com\/wp-content\/uploads\/2026\/03\/IMG-20260309-WA0077-685x1024.jpg 685w, https:\/\/revistaenfoquepolitico.com\/wp-content\/uploads\/2026\/03\/IMG-20260309-WA0077-768x1148.jpg 768w, https:\/\/revistaenfoquepolitico.com\/wp-content\/uploads\/2026\/03\/IMG-20260309-WA0077.jpg 856w\" sizes=\"auto, (max-width: 201px) 100vw, 201px\" \/><\/div>\n<div dir=\"auto\"><\/div>\n<div dir=\"auto\"><img loading=\"lazy\" decoding=\"async\" class=\"aligncenter size-medium wp-image-6237\" src=\"https:\/\/revistaenfoquepolitico.com\/wp-content\/uploads\/2026\/03\/IMG-20260309-WA0082-201x300.jpg\" alt=\"\" width=\"201\" height=\"300\" srcset=\"https:\/\/revistaenfoquepolitico.com\/wp-content\/uploads\/2026\/03\/IMG-20260309-WA0082-201x300.jpg 201w, https:\/\/revistaenfoquepolitico.com\/wp-content\/uploads\/2026\/03\/IMG-20260309-WA0082-685x1024.jpg 685w, https:\/\/revistaenfoquepolitico.com\/wp-content\/uploads\/2026\/03\/IMG-20260309-WA0082-768x1148.jpg 768w, https:\/\/revistaenfoquepolitico.com\/wp-content\/uploads\/2026\/03\/IMG-20260309-WA0082.jpg 856w\" sizes=\"auto, (max-width: 201px) 100vw, 201px\" \/><\/div>\n<div dir=\"auto\"><\/div>\n","protected":false},"excerpt":{"rendered":"<p>Medell\u00edn de Bravo, Ver., 09\u00a0 de marzo de 2026 La Direcci\u00f3n de Protecci\u00f3n Civil de Medell\u00edn de Bravo, a cargo de Antonio Rosas Delon, realiz\u00f3 el rescate de una cachorrita que se encontraba atrapada entre el lirio dentro del Arroyo Moreno, durante la ma\u00f1ana de este d\u00eda. El hecho fue detectado por personal de la [&hellip;]<\/p>\n","protected":false},"author":1,"featured_media":6238,"comment_status":"closed","ping_status":"closed","sticky":false,"template":"","format":"standard","meta":{"_jetpack_memberships_contains_paid_content":false,"footnotes":"","jetpack_publicize_message":"","jetpack_publicize_feature_enabled":true,"jetpack_social_post_already_shared":true,"jetpack_social_options":{"image_generator_settings":{"template":"highway","default_image_id":0,"font":"","enabled":false},"version":2}},"categories":[4],"tags":[85],"class_list":["post-6235","post","type-post","status-publish","format-standard","has-post-thumbnail","hentry","category-noticia-politica","tag-pc-medellin"],"jetpack_publicize_connections":[],"jetpack_featured_media_url":"https:\/\/revistaenfoquepolitico.com\/wp-content\/uploads\/2026\/03\/IMG-20260309-WA0080.jpg","jetpack_sharing_enabled":true,"_links":{"self":[{"href":"https:\/\/revistaenfoquepolitico.com\/index.php\/wp-json\/wp\/v2\/posts\/6235","targetHints":{"allow":["GET"]}}],"collection":[{"href":"https:\/\/revistaenfoquepolitico.com\/index.php\/wp-json\/wp\/v2\/posts"}],"about":[{"href":"https:\/\/revistaenfoquepolitico.com\/index.php\/wp-json\/wp\/v2\/types\/post"}],"author":[{"embeddable":true,"href":"https:\/\/revistaenfoquepolitico.com\/index.php\/wp-json\/wp\/v2\/users\/1"}],"replies":[{"embeddable":true,"href":"https:\/\/revistaenfoquepolitico.com\/index.php\/wp-json\/wp\/v2\/comments?post=6235"}],"version-history":[{"count":3,"href":"https:\/\/revistaenfoquepolitico.com\/index.php\/wp-json\/wp\/v2\/posts\/6235\/revisions"}],"predecessor-version":[{"id":6245,"href":"https:\/\/revistaenfoquepolitico.com\/index.php\/wp-json\/wp\/v2\/posts\/6235\/revisions\/6245"}],"wp:featuredmedia":[{"embeddable":true,"href":"https:\/\/revistaenfoquepolitico.com\/index.php\/wp-json\/wp\/v2\/media\/6238"}],"wp:attachment":[{"href":"https:\/\/revistaenfoquepolitico.com\/index.php\/wp-json\/wp\/v2\/media?parent=6235"}],"wp:term":[{"taxonomy":"category","embeddable":true,"href":"https:\/\/revistaenfoquepolitico.com\/index.php\/wp-json\/wp\/v2\/categories?post=6235"},{"taxonomy":"post_tag","embeddable":true,"href":"https:\/\/revistaenfoquepolitico.com\/index.php\/wp-json\/wp\/v2\/tags?post=6235"}],"curies":[{"name":"wp","href":"https:\/\/api.w.org\/{rel}","templated":true}]}}