{"id":6249,"date":"2026-03-09T22:39:49","date_gmt":"2026-03-10T04:39:49","guid":{"rendered":"https:\/\/revistaenfoquepolitico.com\/?p=6249"},"modified":"2026-03-09T22:39:49","modified_gmt":"2026-03-10T04:39:49","slug":"llega-dr-vagon-a-la-ciudad-de-veracruz-ofrece-500-fichas-de-atencion-medica-al-dia","status":"publish","type":"post","link":"https:\/\/revistaenfoquepolitico.com\/index.php\/2026\/03\/09\/llega-dr-vagon-a-la-ciudad-de-veracruz-ofrece-500-fichas-de-atencion-medica-al-dia\/","title":{"rendered":"LLEGA DR. VAG\u00d3N A LA CIUDAD DE VERACRUZ; OFRECE 500 FICHAS DE ATENCI\u00d3N M\u00c9DICA AL D\u00cdA"},"content":{"rendered":"<div dir=\"auto\" data-olk-copy-source=\"MessageBody\">9 de marzo de 2026<\/div>\n<div dir=\"auto\">Bolet\u00edn Informativo<\/div>\n<div dir=\"auto\"><\/div>\n<div dir=\"auto\"><\/div>\n<div dir=\"auto\">Llega Dr. Vag\u00f3n a la ciudad de Veracruz; ofrece 500 fichas de atenci\u00f3n m\u00e9dica al d\u00eda<\/div>\n<div dir=\"auto\"><\/div>\n<div dir=\"auto\" style=\"text-align: justify;\">***El DIF municipal que encabeza Daniela Lily Hern\u00e1ndez, gestion\u00f3 que el Tren de la Salud proporcione servicios a la poblaci\u00f3n del 9 al 13 de marzo.<\/div>\n<div dir=\"auto\" style=\"text-align: justify;\"><\/div>\n<div dir=\"auto\" style=\"text-align: justify;\"><img loading=\"lazy\" decoding=\"async\" class=\"alignleft size-medium wp-image-6253\" src=\"https:\/\/revistaenfoquepolitico.com\/wp-content\/uploads\/2026\/03\/IMG-20260309-WA0270-300x200.jpg\" alt=\"\" width=\"300\" height=\"200\" srcset=\"https:\/\/revistaenfoquepolitico.com\/wp-content\/uploads\/2026\/03\/IMG-20260309-WA0270-300x200.jpg 300w, https:\/\/revistaenfoquepolitico.com\/wp-content\/uploads\/2026\/03\/IMG-20260309-WA0270-1024x683.jpg 1024w, https:\/\/revistaenfoquepolitico.com\/wp-content\/uploads\/2026\/03\/IMG-20260309-WA0270-768x512.jpg 768w, https:\/\/revistaenfoquepolitico.com\/wp-content\/uploads\/2026\/03\/IMG-20260309-WA0270-1536x1024.jpg 1536w, https:\/\/revistaenfoquepolitico.com\/wp-content\/uploads\/2026\/03\/IMG-20260309-WA0270-2048x1365.jpg 2048w\" sizes=\"auto, (max-width: 300px) 100vw, 300px\" \/>Con el objetivo de fortalecer la salud y el bienestar de las familias veracruzanas, el DIF Municipal de Veracruz gestion\u00f3 la llegada del Dr. Vag\u00f3n, \u201cEl Tren de la Salud\u201d, que desde este lunes 9 de marzo brinda atenci\u00f3n gratuita en la antigua estaci\u00f3n del ferrocarril de la ciudad y permanecer\u00e1 hasta el 13 de marzo, con la entrega de 500 fichas de atenci\u00f3n m\u00e9dica diaria.<\/div>\n<div dir=\"auto\" style=\"text-align: justify;\"><\/div>\n<div dir=\"auto\" style=\"text-align: justify;\">Esta iniciativa de la Fundaci\u00f3n Grupo M\u00e9xico opera con 18 vagones equipados con tecnolog\u00eda m\u00e9dica y la participaci\u00f3n de 75 profesionales de la salud, quienes brindan atenci\u00f3n a la poblaci\u00f3n durante su estancia en cada localidad. El arranque de actividades fue encabezado por la presidenta y el director del DIF Municipal, Daniela Lily Hern\u00e1ndez y Roberto Carlos Mu\u00f1oz Joach\u00edn, respectivamente.<\/div>\n<div dir=\"auto\" style=\"text-align: justify;\"><\/div>\n<div dir=\"auto\" style=\"text-align: justify;\"><img loading=\"lazy\" decoding=\"async\" class=\"alignright size-medium wp-image-6252\" src=\"https:\/\/revistaenfoquepolitico.com\/wp-content\/uploads\/2026\/03\/IMG-20260309-WA0280-300x200.jpg\" alt=\"\" width=\"300\" height=\"200\" srcset=\"https:\/\/revistaenfoquepolitico.com\/wp-content\/uploads\/2026\/03\/IMG-20260309-WA0280-300x200.jpg 300w, https:\/\/revistaenfoquepolitico.com\/wp-content\/uploads\/2026\/03\/IMG-20260309-WA0280-1024x682.jpg 1024w, https:\/\/revistaenfoquepolitico.com\/wp-content\/uploads\/2026\/03\/IMG-20260309-WA0280-768x512.jpg 768w, https:\/\/revistaenfoquepolitico.com\/wp-content\/uploads\/2026\/03\/IMG-20260309-WA0280-1536x1024.jpg 1536w, https:\/\/revistaenfoquepolitico.com\/wp-content\/uploads\/2026\/03\/IMG-20260309-WA0280-2048x1365.jpg 2048w\" sizes=\"auto, (max-width: 300px) 100vw, 300px\" \/>Las autoridades municipales recorrieron las instalaciones guiados por la doctora Elizabeth Ochoa, especialista en salud de la mujer, quien explic\u00f3 los servicios disponibles, entre ellos consultas de medicina general, odontolog\u00eda, optometr\u00eda y audiometr\u00eda, as\u00ed como cl\u00ednicas especializadas en diabetes, planificaci\u00f3n familiar, quiropr\u00e1ctica y rehabilitaci\u00f3n.<\/div>\n<div dir=\"auto\" style=\"text-align: justify;\"><\/div>\n<div dir=\"auto\" style=\"text-align: justify;\">La ciudadan\u00eda puede acudir por su ficha de atenci\u00f3n a partir de las 6:00 de la ma\u00f1ana, con servicio hasta las 5:00 de la tarde. Adem\u00e1s de la atenci\u00f3n m\u00e9dica, las familias podr\u00e1n disfrutar del \u201cCine Vag\u00f3n\u201d a las 7:00 de la noche, con funciones gratuitas que incluyen palomitas y refrescos.<\/div>\n<div id=\"x_ms-outlook-mobile-body-separator-line\" dir=\"auto\" data-applydefaultfontstyles=\"true\">\n<div dir=\"auto\" style=\"text-align: justify;\"><\/div>\n<\/div>\n","protected":false},"excerpt":{"rendered":"<p>9 de marzo de 2026 Bolet\u00edn Informativo Llega Dr. Vag\u00f3n a la ciudad de Veracruz; ofrece 500 fichas de atenci\u00f3n m\u00e9dica al d\u00eda ***El DIF municipal que encabeza Daniela Lily Hern\u00e1ndez, gestion\u00f3 que el Tren de la Salud proporcione servicios a la poblaci\u00f3n del 9 al 13 de marzo. Con el objetivo de fortalecer la [&hellip;]<\/p>\n","protected":false},"author":1,"featured_media":6251,"comment_status":"closed","ping_status":"closed","sticky":false,"template":"","format":"standard","meta":{"_jetpack_memberships_contains_paid_content":false,"footnotes":"","jetpack_publicize_message":"","jetpack_publicize_feature_enabled":true,"jetpack_social_post_already_shared":true,"jetpack_social_options":{"image_generator_settings":{"template":"highway","default_image_id":0,"font":"","enabled":false},"version":2}},"categories":[4],"tags":[75],"class_list":["post-6249","post","type-post","status-publish","format-standard","has-post-thumbnail","hentry","category-noticia-politica","tag-dif-veracruz"],"jetpack_publicize_connections":[],"jetpack_featured_media_url":"https:\/\/revistaenfoquepolitico.com\/wp-content\/uploads\/2026\/03\/IMG-20260309-WA0278.jpg","jetpack_sharing_enabled":true,"_links":{"self":[{"href":"https:\/\/revistaenfoquepolitico.com\/index.php\/wp-json\/wp\/v2\/posts\/6249","targetHints":{"allow":["GET"]}}],"collection":[{"href":"https:\/\/revistaenfoquepolitico.com\/index.php\/wp-json\/wp\/v2\/posts"}],"about":[{"href":"https:\/\/revistaenfoquepolitico.com\/index.php\/wp-json\/wp\/v2\/types\/post"}],"author":[{"embeddable":true,"href":"https:\/\/revistaenfoquepolitico.com\/index.php\/wp-json\/wp\/v2\/users\/1"}],"replies":[{"embeddable":true,"href":"https:\/\/revistaenfoquepolitico.com\/index.php\/wp-json\/wp\/v2\/comments?post=6249"}],"version-history":[{"count":1,"href":"https:\/\/revistaenfoquepolitico.com\/index.php\/wp-json\/wp\/v2\/posts\/6249\/revisions"}],"predecessor-version":[{"id":6254,"href":"https:\/\/revistaenfoquepolitico.com\/index.php\/wp-json\/wp\/v2\/posts\/6249\/revisions\/6254"}],"wp:featuredmedia":[{"embeddable":true,"href":"https:\/\/revistaenfoquepolitico.com\/index.php\/wp-json\/wp\/v2\/media\/6251"}],"wp:attachment":[{"href":"https:\/\/revistaenfoquepolitico.com\/index.php\/wp-json\/wp\/v2\/media?parent=6249"}],"wp:term":[{"taxonomy":"category","embeddable":true,"href":"https:\/\/revistaenfoquepolitico.com\/index.php\/wp-json\/wp\/v2\/categories?post=6249"},{"taxonomy":"post_tag","embeddable":true,"href":"https:\/\/revistaenfoquepolitico.com\/index.php\/wp-json\/wp\/v2\/tags?post=6249"}],"curies":[{"name":"wp","href":"https:\/\/api.w.org\/{rel}","templated":true}]}}