{"id":6255,"date":"2026-03-09T22:52:32","date_gmt":"2026-03-10T04:52:32","guid":{"rendered":"https:\/\/revistaenfoquepolitico.com\/?p=6255"},"modified":"2026-03-09T22:52:32","modified_gmt":"2026-03-10T04:52:32","slug":"gobierno-municipal-de-veracruz-consolida-cercania-ciudadana-con-el-programa-dia-del-pueblo","status":"publish","type":"post","link":"https:\/\/revistaenfoquepolitico.com\/index.php\/2026\/03\/09\/gobierno-municipal-de-veracruz-consolida-cercania-ciudadana-con-el-programa-dia-del-pueblo\/","title":{"rendered":"GOBIERNO MUNICIPAL DE VERACRUZ CONSOLIDA CERCAN\u00cdA CIUDADANA CON EL PROGRAMA \u00abD\u00cdA DEL PUEBLO\u00bb"},"content":{"rendered":"<div dir=\"auto\" data-olk-copy-source=\"MessageBody\">9 de marzo de 2026<\/div>\n<div dir=\"auto\">Bolet\u00edn Informativo<\/div>\n<div dir=\"auto\"><\/div>\n<div dir=\"auto\">*Gobierno Municipal de Veracruz consolida cercan\u00eda ciudadana con el programa \u201cD\u00eda del Pueblo\u201d*<\/div>\n<div dir=\"auto\"><\/div>\n<div dir=\"auto\" style=\"text-align: justify;\"><img loading=\"lazy\" decoding=\"async\" class=\"alignleft size-medium wp-image-6257\" src=\"https:\/\/revistaenfoquepolitico.com\/wp-content\/uploads\/2026\/03\/IMG-20260309-WA0325-300x200.jpg\" alt=\"\" width=\"300\" height=\"200\" srcset=\"https:\/\/revistaenfoquepolitico.com\/wp-content\/uploads\/2026\/03\/IMG-20260309-WA0325-300x200.jpg 300w, https:\/\/revistaenfoquepolitico.com\/wp-content\/uploads\/2026\/03\/IMG-20260309-WA0325-1024x683.jpg 1024w, https:\/\/revistaenfoquepolitico.com\/wp-content\/uploads\/2026\/03\/IMG-20260309-WA0325-768x512.jpg 768w, https:\/\/revistaenfoquepolitico.com\/wp-content\/uploads\/2026\/03\/IMG-20260309-WA0325-1536x1024.jpg 1536w, https:\/\/revistaenfoquepolitico.com\/wp-content\/uploads\/2026\/03\/IMG-20260309-WA0325-2048x1366.jpg 2048w\" sizes=\"auto, (max-width: 300px) 100vw, 300px\" \/>***J\u00f3venes karatecas veracruzanos agradecen el respaldo de la alcaldesa Rosa Mar\u00eda Hern\u00e1ndez Espejo tras obtener 32 medallas en el estatal de Coatzintla.<\/div>\n<div dir=\"auto\" style=\"text-align: justify;\"><\/div>\n<div dir=\"auto\" style=\"text-align: justify;\">Escuchar, atender y dar seguimiento a las necesidades de la ciudadan\u00eda es el objetivo del programa \u201cD\u00eda del Pueblo\u201d, que este lunes encabez\u00f3 la presidenta municipal de Veracruz, Rosa Mar\u00eda Hern\u00e1ndez Espejo, en los bajos del palacio municipal, donde junto con directoras y directores del Ayuntamiento. brind\u00f3 atenci\u00f3n a 293 personas.<\/div>\n<div dir=\"auto\" style=\"text-align: justify;\"><\/div>\n<div dir=\"auto\" style=\"text-align: justify;\"><img loading=\"lazy\" decoding=\"async\" class=\"alignright size-medium wp-image-6258\" src=\"https:\/\/revistaenfoquepolitico.com\/wp-content\/uploads\/2026\/03\/IMG-20260309-WA0328-300x200.jpg\" alt=\"\" width=\"300\" height=\"200\" srcset=\"https:\/\/revistaenfoquepolitico.com\/wp-content\/uploads\/2026\/03\/IMG-20260309-WA0328-300x200.jpg 300w, https:\/\/revistaenfoquepolitico.com\/wp-content\/uploads\/2026\/03\/IMG-20260309-WA0328-1024x683.jpg 1024w, https:\/\/revistaenfoquepolitico.com\/wp-content\/uploads\/2026\/03\/IMG-20260309-WA0328-768x512.jpg 768w, https:\/\/revistaenfoquepolitico.com\/wp-content\/uploads\/2026\/03\/IMG-20260309-WA0328-1536x1024.jpg 1536w, https:\/\/revistaenfoquepolitico.com\/wp-content\/uploads\/2026\/03\/IMG-20260309-WA0328-2048x1366.jpg 2048w\" sizes=\"auto, (max-width: 300px) 100vw, 300px\" \/>Entre los momentos m\u00e1s significativos de la jornada destac\u00f3 la visita de j\u00f3venes karatecas veracruzanos de entre 14 y 18 a\u00f1os, quienes acudieron para agradecer el respaldo del gobierno municipal, luego de haber solicitado anteriormente en este mismo espacio facilidades para participar en una competencia estatal.<\/div>\n<div dir=\"auto\" style=\"text-align: justify;\"><\/div>\n<div dir=\"auto\" style=\"text-align: justify;\"><img loading=\"lazy\" decoding=\"async\" class=\"alignleft size-medium wp-image-6259\" src=\"https:\/\/revistaenfoquepolitico.com\/wp-content\/uploads\/2026\/03\/IMG-20260309-WA0330-300x200.jpg\" alt=\"\" width=\"300\" height=\"200\" srcset=\"https:\/\/revistaenfoquepolitico.com\/wp-content\/uploads\/2026\/03\/IMG-20260309-WA0330-300x200.jpg 300w, https:\/\/revistaenfoquepolitico.com\/wp-content\/uploads\/2026\/03\/IMG-20260309-WA0330-1024x683.jpg 1024w, https:\/\/revistaenfoquepolitico.com\/wp-content\/uploads\/2026\/03\/IMG-20260309-WA0330-768x512.jpg 768w, https:\/\/revistaenfoquepolitico.com\/wp-content\/uploads\/2026\/03\/IMG-20260309-WA0330-1536x1024.jpg 1536w, https:\/\/revistaenfoquepolitico.com\/wp-content\/uploads\/2026\/03\/IMG-20260309-WA0330-2048x1366.jpg 2048w\" sizes=\"auto, (max-width: 300px) 100vw, 300px\" \/>Con ese impulso, los atletas compitieron en el campeonato estatal celebrado en Coatzintla, donde obtuvieron 32 medallas. En esta ocasi\u00f3n asistieron al \u201cD\u00eda del Pueblo\u201d para compartir su logro y anunciar que ahora se preparan para representar a Veracruz en el clasificatorio nacional que se realizar\u00e1 en Guadalajara.<\/div>\n<div dir=\"auto\" style=\"text-align: justify;\"><\/div>\n<div dir=\"auto\" style=\"text-align: justify;\">Las distintas \u00e1reas del Ayuntamiento atendieron y canalizaron solicitudes relacionadas con servicios p\u00fablicos, obra p\u00fablica, desarrollo econ\u00f3mico y programas sociales, reafirmando que este espacio de cercan\u00eda permite escuchar a la ciudadan\u00eda, resolver problem\u00e1ticas y dar seguimiento a las gestiones de las familias veracruzanas.<\/div>\n<div id=\"x_ms-outlook-mobile-body-separator-line\" dir=\"auto\" data-applydefaultfontstyles=\"true\">\n<div dir=\"auto\" style=\"text-align: justify;\"><\/div>\n<\/div>\n","protected":false},"excerpt":{"rendered":"<p>9 de marzo de 2026 Bolet\u00edn Informativo *Gobierno Municipal de Veracruz consolida cercan\u00eda ciudadana con el programa \u201cD\u00eda del Pueblo\u201d* ***J\u00f3venes karatecas veracruzanos agradecen el respaldo de la alcaldesa Rosa Mar\u00eda Hern\u00e1ndez Espejo tras obtener 32 medallas en el estatal de Coatzintla. Escuchar, atender y dar seguimiento a las necesidades de la ciudadan\u00eda es el [&hellip;]<\/p>\n","protected":false},"author":1,"featured_media":6256,"comment_status":"closed","ping_status":"closed","sticky":false,"template":"","format":"standard","meta":{"_jetpack_memberships_contains_paid_content":false,"footnotes":"","jetpack_publicize_message":"","jetpack_publicize_feature_enabled":true,"jetpack_social_post_already_shared":true,"jetpack_social_options":{"image_generator_settings":{"template":"highway","default_image_id":0,"font":"","enabled":false},"version":2}},"categories":[4],"tags":[72],"class_list":["post-6255","post","type-post","status-publish","format-standard","has-post-thumbnail","hentry","category-noticia-politica","tag-rosa-maria-presidenta-de-veracruz"],"jetpack_publicize_connections":[],"jetpack_featured_media_url":"https:\/\/revistaenfoquepolitico.com\/wp-content\/uploads\/2026\/03\/IMG-20260309-WA0323-scaled.jpg","jetpack_sharing_enabled":true,"_links":{"self":[{"href":"https:\/\/revistaenfoquepolitico.com\/index.php\/wp-json\/wp\/v2\/posts\/6255","targetHints":{"allow":["GET"]}}],"collection":[{"href":"https:\/\/revistaenfoquepolitico.com\/index.php\/wp-json\/wp\/v2\/posts"}],"about":[{"href":"https:\/\/revistaenfoquepolitico.com\/index.php\/wp-json\/wp\/v2\/types\/post"}],"author":[{"embeddable":true,"href":"https:\/\/revistaenfoquepolitico.com\/index.php\/wp-json\/wp\/v2\/users\/1"}],"replies":[{"embeddable":true,"href":"https:\/\/revistaenfoquepolitico.com\/index.php\/wp-json\/wp\/v2\/comments?post=6255"}],"version-history":[{"count":1,"href":"https:\/\/revistaenfoquepolitico.com\/index.php\/wp-json\/wp\/v2\/posts\/6255\/revisions"}],"predecessor-version":[{"id":6260,"href":"https:\/\/revistaenfoquepolitico.com\/index.php\/wp-json\/wp\/v2\/posts\/6255\/revisions\/6260"}],"wp:featuredmedia":[{"embeddable":true,"href":"https:\/\/revistaenfoquepolitico.com\/index.php\/wp-json\/wp\/v2\/media\/6256"}],"wp:attachment":[{"href":"https:\/\/revistaenfoquepolitico.com\/index.php\/wp-json\/wp\/v2\/media?parent=6255"}],"wp:term":[{"taxonomy":"category","embeddable":true,"href":"https:\/\/revistaenfoquepolitico.com\/index.php\/wp-json\/wp\/v2\/categories?post=6255"},{"taxonomy":"post_tag","embeddable":true,"href":"https:\/\/revistaenfoquepolitico.com\/index.php\/wp-json\/wp\/v2\/tags?post=6255"}],"curies":[{"name":"wp","href":"https:\/\/api.w.org\/{rel}","templated":true}]}}