{"id":6261,"date":"2026-03-09T22:59:28","date_gmt":"2026-03-10T04:59:28","guid":{"rendered":"https:\/\/revistaenfoquepolitico.com\/?p=6261"},"modified":"2026-03-09T22:59:28","modified_gmt":"2026-03-10T04:59:28","slug":"cumplimenta-fgr-orden-de-cateo-por-un-delito-previsto-en-la-ley-de-hidrocarburos","status":"publish","type":"post","link":"https:\/\/revistaenfoquepolitico.com\/index.php\/2026\/03\/09\/cumplimenta-fgr-orden-de-cateo-por-un-delito-previsto-en-la-ley-de-hidrocarburos\/","title":{"rendered":"CUMPLIMENTA FGR ORDEN DE CATEO POR UN DELITO PREVISTO EN LA LEY DE HIDROCARBUROS"},"content":{"rendered":"<div dir=\"auto\" data-olk-copy-source=\"MessageBody\">Comunicado FGR DPE\/1016\/2026<\/div>\n<div dir=\"auto\">Veracruz, Veracruz, 9 de marzo de 2026<\/div>\n<div dir=\"auto\" aria-hidden=\"true\"><\/div>\n<div dir=\"auto\">CUMPLIMENTA FGR ORDEN DE CATEO POR UN DELITO PREVISTO EN LA LEY DE HIDROCARBUROS<\/div>\n<div dir=\"auto\"><\/div>\n<div dir=\"auto\" style=\"text-align: justify;\">La Fiscal\u00eda General de la Rep\u00fablica (FGR) a trav\u00e9s de la Fiscal\u00eda Especializada de Control Regional (FECOR) en el estado de Veracruz, solicit\u00f3 y obtuvo del juez de control, adscrito al Centro de Justicia Penal Federal en el estado, autorizaci\u00f3n para ejecutar una orden de cateo en el municipio de Jalcomulco, Veracruz.<\/div>\n<div dir=\"auto\"><\/div>\n<div dir=\"auto\" style=\"text-align: justify;\"><img loading=\"lazy\" decoding=\"async\" class=\"alignleft size-medium wp-image-6264\" src=\"https:\/\/revistaenfoquepolitico.com\/wp-content\/uploads\/2026\/03\/IMG-20260309-WA0117-300x232.jpg\" alt=\"\" width=\"300\" height=\"232\" srcset=\"https:\/\/revistaenfoquepolitico.com\/wp-content\/uploads\/2026\/03\/IMG-20260309-WA0117-300x232.jpg 300w, https:\/\/revistaenfoquepolitico.com\/wp-content\/uploads\/2026\/03\/IMG-20260309-WA0117.jpg 373w\" sizes=\"auto, (max-width: 300px) 100vw, 300px\" \/>El operativo se ejecut\u00f3 como parte de las diligencias realizadas por el Ministerio P\u00fablico Federal (MPF), dentro de una carpeta de investigaci\u00f3n iniciada por un delito previsto la Ley Para Prevenir y Sancionar los Delitos Cometidos en Materia de Hidrocarburos, en un terreno ubicado en la colonia El Ator\u00f3n, del municipio referido.<\/div>\n<div dir=\"auto\"><\/div>\n<div dir=\"auto\" style=\"text-align: justify;\">En el cateo, las autoridades aseguraron un tanque estacionario con dos mil 700 litros de gas LP, una manguera despachadora de presi\u00f3n, tres mangueras de alta presi\u00f3n, dos extintores, un panel de control digital conectado a una impresora, una caseta de operaci\u00f3n y el inmueble, en el que presuntamente se vend\u00eda il\u00edcitamente el petrol\u00edfero.<\/div>\n<div dir=\"auto\"><\/div>\n<div dir=\"auto\" style=\"text-align: justify;\"><img loading=\"lazy\" decoding=\"async\" class=\"alignright size-medium wp-image-6263\" src=\"https:\/\/revistaenfoquepolitico.com\/wp-content\/uploads\/2026\/03\/IMG-20260309-WA0116-300x232.jpg\" alt=\"\" width=\"300\" height=\"232\" srcset=\"https:\/\/revistaenfoquepolitico.com\/wp-content\/uploads\/2026\/03\/IMG-20260309-WA0116-300x232.jpg 300w, https:\/\/revistaenfoquepolitico.com\/wp-content\/uploads\/2026\/03\/IMG-20260309-WA0116.jpg 589w\" sizes=\"auto, (max-width: 300px) 100vw, 300px\" \/>El operativo fue realizado por elementos de la Polic\u00eda Federal Ministerial (PFM), en coordinaci\u00f3n con peritos del Centro Federal Pericial Forense (CFPF), ambos de la Agencia de Investigaci\u00f3n Criminal (AIC), con el apoyo de personal de la Secretar\u00eda de la Defensa Nacional (Defensa), Guardia Nacional y Polic\u00eda Estatal, quienes brindaron seguridad perimetral en el lugar.<\/div>\n<div dir=\"auto\"><\/div>\n<div dir=\"auto\" style=\"text-align: justify;\"><img loading=\"lazy\" decoding=\"async\" class=\"alignleft size-medium wp-image-6265\" src=\"https:\/\/revistaenfoquepolitico.com\/wp-content\/uploads\/2026\/03\/IMG-20260309-WA0118-300x229.jpg\" alt=\"\" width=\"300\" height=\"229\" srcset=\"https:\/\/revistaenfoquepolitico.com\/wp-content\/uploads\/2026\/03\/IMG-20260309-WA0118-300x229.jpg 300w, https:\/\/revistaenfoquepolitico.com\/wp-content\/uploads\/2026\/03\/IMG-20260309-WA0118.jpg 569w\" sizes=\"auto, (max-width: 300px) 100vw, 300px\" \/>El inmueble y lo asegurado qued\u00f3 a disposici\u00f3n del MPF, quien contin\u00faa con las diligencias de ley para resolver su situaci\u00f3n jur\u00eddica dentro del plazo constitucional.<\/div>\n<div dir=\"auto\"><\/div>\n<div dir=\"auto\" style=\"text-align: justify;\">Con estas acciones la FGR reafirma el compromiso con la sociedad para la investigaci\u00f3n y persecuci\u00f3n de los delitos en materia federal, por lo que se invita a la ciudadan\u00eda a que denuncie las 24 horas de los 365 d\u00edas del a\u00f1o, de forma presencial o an\u00f3nima, en las instalaciones de la Fiscal\u00eda General de la Rep\u00fablica en el estado de Veracruz, con domicilio en Av. J.B. Lobos n\u00famero 684, Colonia Reserva territorial \u201cEl Coyol\u201d, C.P. 91779, Veracruz, Ver, tel\u00e9fono 2299896334, correo electr\u00f3nico vua.veracruz@fgr.org.mx.<\/div>\n<div id=\"x_ms-outlook-mobile-body-separator-line\" dir=\"auto\" data-applydefaultfontstyles=\"true\">\n<div dir=\"auto\" style=\"text-align: justify;\"><\/div>\n<\/div>\n","protected":false},"excerpt":{"rendered":"<p>Comunicado FGR DPE\/1016\/2026 Veracruz, Veracruz, 9 de marzo de 2026 CUMPLIMENTA FGR ORDEN DE CATEO POR UN DELITO PREVISTO EN LA LEY DE HIDROCARBUROS La Fiscal\u00eda General de la Rep\u00fablica (FGR) a trav\u00e9s de la Fiscal\u00eda Especializada de Control Regional (FECOR) en el estado de Veracruz, solicit\u00f3 y obtuvo del juez de control, adscrito al [&hellip;]<\/p>\n","protected":false},"author":1,"featured_media":6262,"comment_status":"closed","ping_status":"closed","sticky":false,"template":"","format":"standard","meta":{"_jetpack_memberships_contains_paid_content":false,"footnotes":"","jetpack_publicize_message":"","jetpack_publicize_feature_enabled":true,"jetpack_social_post_already_shared":true,"jetpack_social_options":{"image_generator_settings":{"template":"highway","default_image_id":0,"font":"","enabled":false},"version":2}},"categories":[6],"tags":[62],"class_list":["post-6261","post","type-post","status-publish","format-standard","has-post-thumbnail","hentry","category-noticia-policiaca","tag-fgr"],"jetpack_publicize_connections":[],"jetpack_featured_media_url":"https:\/\/revistaenfoquepolitico.com\/wp-content\/uploads\/2026\/03\/IMG-20260309-WA0115.jpg","jetpack_sharing_enabled":true,"_links":{"self":[{"href":"https:\/\/revistaenfoquepolitico.com\/index.php\/wp-json\/wp\/v2\/posts\/6261","targetHints":{"allow":["GET"]}}],"collection":[{"href":"https:\/\/revistaenfoquepolitico.com\/index.php\/wp-json\/wp\/v2\/posts"}],"about":[{"href":"https:\/\/revistaenfoquepolitico.com\/index.php\/wp-json\/wp\/v2\/types\/post"}],"author":[{"embeddable":true,"href":"https:\/\/revistaenfoquepolitico.com\/index.php\/wp-json\/wp\/v2\/users\/1"}],"replies":[{"embeddable":true,"href":"https:\/\/revistaenfoquepolitico.com\/index.php\/wp-json\/wp\/v2\/comments?post=6261"}],"version-history":[{"count":1,"href":"https:\/\/revistaenfoquepolitico.com\/index.php\/wp-json\/wp\/v2\/posts\/6261\/revisions"}],"predecessor-version":[{"id":6266,"href":"https:\/\/revistaenfoquepolitico.com\/index.php\/wp-json\/wp\/v2\/posts\/6261\/revisions\/6266"}],"wp:featuredmedia":[{"embeddable":true,"href":"https:\/\/revistaenfoquepolitico.com\/index.php\/wp-json\/wp\/v2\/media\/6262"}],"wp:attachment":[{"href":"https:\/\/revistaenfoquepolitico.com\/index.php\/wp-json\/wp\/v2\/media?parent=6261"}],"wp:term":[{"taxonomy":"category","embeddable":true,"href":"https:\/\/revistaenfoquepolitico.com\/index.php\/wp-json\/wp\/v2\/categories?post=6261"},{"taxonomy":"post_tag","embeddable":true,"href":"https:\/\/revistaenfoquepolitico.com\/index.php\/wp-json\/wp\/v2\/tags?post=6261"}],"curies":[{"name":"wp","href":"https:\/\/api.w.org\/{rel}","templated":true}]}}