{"id":6269,"date":"2026-03-09T23:08:17","date_gmt":"2026-03-10T05:08:17","guid":{"rendered":"https:\/\/revistaenfoquepolitico.com\/?p=6269"},"modified":"2026-03-09T23:08:17","modified_gmt":"2026-03-10T05:08:17","slug":"aprueba-ayuntamiento-de-veracruz-nuevo-titular-en-la-tesoreria-municipal","status":"publish","type":"post","link":"https:\/\/revistaenfoquepolitico.com\/index.php\/2026\/03\/09\/aprueba-ayuntamiento-de-veracruz-nuevo-titular-en-la-tesoreria-municipal\/","title":{"rendered":"APRUEBA AYUNTAMIENTO DE VERACRUZ NUEVO TITULAR EN LA TESORER\u00cdA MUNICIPAL"},"content":{"rendered":"<div dir=\"auto\" data-olk-copy-source=\"MessageBody\">9 de marzo de 2026<\/div>\n<div dir=\"auto\">Bolet\u00edn Informativo<\/div>\n<div dir=\"auto\"><\/div>\n<div dir=\"auto\">*Aprueba Ayuntamiento de Veracruz nuevo titular en la Tesorer\u00eda Municipal*<\/div>\n<div dir=\"auto\"><\/div>\n<div dir=\"auto\" style=\"text-align: justify;\">En un ejercicio de continuidad institucional y compromiso con la transparencia, el Ayuntamiento de Veracruz, encabezado por la presidenta municipal Rosa Mar\u00eda Hern\u00e1ndez Espejo, aprob\u00f3 por unanimidad el nombramiento de Manuel Alejandro Serrano Trinidad como nuevo titular de la Tesorer\u00eda Municipal.<\/div>\n<div dir=\"auto\" style=\"text-align: justify;\"><\/div>\n<div dir=\"auto\" style=\"text-align: justify;\"><img loading=\"lazy\" decoding=\"async\" class=\"alignleft size-medium wp-image-6271\" src=\"https:\/\/revistaenfoquepolitico.com\/wp-content\/uploads\/2026\/03\/IMG-20260309-WA0340-300x221.jpg\" alt=\"\" width=\"300\" height=\"221\" srcset=\"https:\/\/revistaenfoquepolitico.com\/wp-content\/uploads\/2026\/03\/IMG-20260309-WA0340-300x221.jpg 300w, https:\/\/revistaenfoquepolitico.com\/wp-content\/uploads\/2026\/03\/IMG-20260309-WA0340-1024x754.jpg 1024w, https:\/\/revistaenfoquepolitico.com\/wp-content\/uploads\/2026\/03\/IMG-20260309-WA0340-768x566.jpg 768w, https:\/\/revistaenfoquepolitico.com\/wp-content\/uploads\/2026\/03\/IMG-20260309-WA0340-1536x1132.jpg 1536w, https:\/\/revistaenfoquepolitico.com\/wp-content\/uploads\/2026\/03\/IMG-20260309-WA0340-2048x1509.jpg 2048w\" sizes=\"auto, (max-width: 300px) 100vw, 300px\" \/>Durante la sesi\u00f3n ordinaria celebrada este lunes, las y los integrantes del cuerpo edilicio respaldaron la propuesta presentada por la alcaldesa, reconociendo su trayectoria en el servicio p\u00fablico y su capacidad para fortalecer la administraci\u00f3n financiera del municipio, luego de la renuncia de quien se desempe\u00f1aba en el cargo, Jos\u00e9 Luis Vargas Lugo.<\/div>\n<div dir=\"auto\" style=\"text-align: justify;\"><\/div>\n<div dir=\"auto\" style=\"text-align: justify;\"><img loading=\"lazy\" decoding=\"async\" class=\"alignright size-medium wp-image-6272\" src=\"https:\/\/revistaenfoquepolitico.com\/wp-content\/uploads\/2026\/03\/IMG-20260309-WA0345-300x200.jpg\" alt=\"\" width=\"300\" height=\"200\" srcset=\"https:\/\/revistaenfoquepolitico.com\/wp-content\/uploads\/2026\/03\/IMG-20260309-WA0345-300x200.jpg 300w, https:\/\/revistaenfoquepolitico.com\/wp-content\/uploads\/2026\/03\/IMG-20260309-WA0345-1024x683.jpg 1024w, https:\/\/revistaenfoquepolitico.com\/wp-content\/uploads\/2026\/03\/IMG-20260309-WA0345-768x512.jpg 768w, https:\/\/revistaenfoquepolitico.com\/wp-content\/uploads\/2026\/03\/IMG-20260309-WA0345-1536x1024.jpg 1536w, https:\/\/revistaenfoquepolitico.com\/wp-content\/uploads\/2026\/03\/IMG-20260309-WA0345-2048x1366.jpg 2048w\" sizes=\"auto, (max-width: 300px) 100vw, 300px\" \/>Tras rendir protesta ante el Cabildo, el nuevo Tesorero Municipal asumi\u00f3 la responsabilidad de conducir las finanzas p\u00fablicas bajo principios de orden, eficiencia y rendici\u00f3n de cuentas, contribuyendo a consolidar una gesti\u00f3n responsable de los recursos municipales.<\/div>\n<div dir=\"auto\" style=\"text-align: justify;\"><\/div>\n<div dir=\"auto\" style=\"text-align: justify;\">Con este nombramiento, el Ayuntamiento de Veracruz reafirma su compromiso con el manejo honesto y transparente del patrimonio p\u00fablico, as\u00ed como con la estabilidad financiera que permita seguir impulsando acciones en beneficio de las familias veracruzanas.<\/div>\n","protected":false},"excerpt":{"rendered":"<p>9 de marzo de 2026 Bolet\u00edn Informativo *Aprueba Ayuntamiento de Veracruz nuevo titular en la Tesorer\u00eda Municipal* En un ejercicio de continuidad institucional y compromiso con la transparencia, el Ayuntamiento de Veracruz, encabezado por la presidenta municipal Rosa Mar\u00eda Hern\u00e1ndez Espejo, aprob\u00f3 por unanimidad el nombramiento de Manuel Alejandro Serrano Trinidad como nuevo titular de [&hellip;]<\/p>\n","protected":false},"author":1,"featured_media":6270,"comment_status":"closed","ping_status":"closed","sticky":false,"template":"","format":"standard","meta":{"_jetpack_memberships_contains_paid_content":false,"footnotes":"","jetpack_publicize_message":"","jetpack_publicize_feature_enabled":true,"jetpack_social_post_already_shared":true,"jetpack_social_options":{"image_generator_settings":{"template":"highway","default_image_id":0,"font":"","enabled":false},"version":2}},"categories":[4],"tags":[72],"class_list":["post-6269","post","type-post","status-publish","format-standard","has-post-thumbnail","hentry","category-noticia-politica","tag-rosa-maria-presidenta-de-veracruz"],"jetpack_publicize_connections":[],"jetpack_featured_media_url":"https:\/\/revistaenfoquepolitico.com\/wp-content\/uploads\/2026\/03\/IMG-20260309-WA0343-scaled.jpg","jetpack_sharing_enabled":true,"_links":{"self":[{"href":"https:\/\/revistaenfoquepolitico.com\/index.php\/wp-json\/wp\/v2\/posts\/6269","targetHints":{"allow":["GET"]}}],"collection":[{"href":"https:\/\/revistaenfoquepolitico.com\/index.php\/wp-json\/wp\/v2\/posts"}],"about":[{"href":"https:\/\/revistaenfoquepolitico.com\/index.php\/wp-json\/wp\/v2\/types\/post"}],"author":[{"embeddable":true,"href":"https:\/\/revistaenfoquepolitico.com\/index.php\/wp-json\/wp\/v2\/users\/1"}],"replies":[{"embeddable":true,"href":"https:\/\/revistaenfoquepolitico.com\/index.php\/wp-json\/wp\/v2\/comments?post=6269"}],"version-history":[{"count":1,"href":"https:\/\/revistaenfoquepolitico.com\/index.php\/wp-json\/wp\/v2\/posts\/6269\/revisions"}],"predecessor-version":[{"id":6273,"href":"https:\/\/revistaenfoquepolitico.com\/index.php\/wp-json\/wp\/v2\/posts\/6269\/revisions\/6273"}],"wp:featuredmedia":[{"embeddable":true,"href":"https:\/\/revistaenfoquepolitico.com\/index.php\/wp-json\/wp\/v2\/media\/6270"}],"wp:attachment":[{"href":"https:\/\/revistaenfoquepolitico.com\/index.php\/wp-json\/wp\/v2\/media?parent=6269"}],"wp:term":[{"taxonomy":"category","embeddable":true,"href":"https:\/\/revistaenfoquepolitico.com\/index.php\/wp-json\/wp\/v2\/categories?post=6269"},{"taxonomy":"post_tag","embeddable":true,"href":"https:\/\/revistaenfoquepolitico.com\/index.php\/wp-json\/wp\/v2\/tags?post=6269"}],"curies":[{"name":"wp","href":"https:\/\/api.w.org\/{rel}","templated":true}]}}