{"id":6274,"date":"2026-03-09T23:18:20","date_gmt":"2026-03-10T05:18:20","guid":{"rendered":"https:\/\/revistaenfoquepolitico.com\/?p=6274"},"modified":"2026-03-09T23:18:20","modified_gmt":"2026-03-10T05:18:20","slug":"de-un-rescate-a-un-nuevo-comienzo-gina-medellina-ya-tiene-familia","status":"publish","type":"post","link":"https:\/\/revistaenfoquepolitico.com\/index.php\/2026\/03\/09\/de-un-rescate-a-un-nuevo-comienzo-gina-medellina-ya-tiene-familia\/","title":{"rendered":"DE UN RESCATE A UN NUEVO COMIENZO: GINA \u00abMEDELLINA\u00bb YA TIENE FAMILIA"},"content":{"rendered":"<div dir=\"auto\" data-olk-copy-source=\"MessageBody\">Medell\u00edn de Bravo 09 de marzo de 2026<\/div>\n<div dir=\"auto\" data-olk-copy-source=\"MessageBody\"><\/div>\n<div dir=\"auto\" data-olk-copy-source=\"MessageBody\">\ud83d\udc36De un rescate a un nuevo comienzo: Gina \u201cMedellina\u201d ya tiene familia<\/div>\n<div dir=\"auto\"><\/div>\n<div dir=\"auto\" style=\"text-align: justify;\">La peque\u00f1a perrita que fue encontrada atrapada entre el lirio del Arroyo Moreno, en Medell\u00edn de Bravo, ahora tiene una nueva oportunidad de vida.<\/div>\n<div dir=\"auto\" style=\"text-align: justify;\"><\/div>\n<div dir=\"auto\" style=\"text-align: justify;\"><img loading=\"lazy\" decoding=\"async\" class=\"alignleft size-medium wp-image-6276\" src=\"https:\/\/revistaenfoquepolitico.com\/wp-content\/uploads\/2026\/03\/IMG-20260309-WA0360-225x300.jpg\" alt=\"\" width=\"225\" height=\"300\" srcset=\"https:\/\/revistaenfoquepolitico.com\/wp-content\/uploads\/2026\/03\/IMG-20260309-WA0360-225x300.jpg 225w, https:\/\/revistaenfoquepolitico.com\/wp-content\/uploads\/2026\/03\/IMG-20260309-WA0360-768x1025.jpg 768w, https:\/\/revistaenfoquepolitico.com\/wp-content\/uploads\/2026\/03\/IMG-20260309-WA0360.jpg 916w\" sizes=\"auto, (max-width: 225px) 100vw, 225px\" \/>Luego de ser rescatada por elementos de Protecci\u00f3n Civil y recibir atenci\u00f3n en el Centro de Atenci\u00f3n Canina \u201cPatitas Traviesas\u201d, en el fraccionamiento Puente Moreno, la cachorrita de aproximadamente dos meses de edad logr\u00f3 recuperarse y encontrar un hogar.<\/div>\n<div dir=\"auto\" style=\"text-align: justify;\"><\/div>\n<div dir=\"auto\" style=\"text-align: justify;\">El ciudadano Armando Guisepe Acosta, vecino del fraccionamiento Lagos de Puente Moreno, decidi\u00f3 adoptarla y brindarle el cuidado y la protecci\u00f3n que necesita.<\/div>\n<div dir=\"auto\" style=\"text-align: justify;\"><\/div>\n<div dir=\"auto\" style=\"text-align: justify;\">Lo que comenz\u00f3 como una situaci\u00f3n de riesgo termin\u00f3 convirti\u00e9ndose en una historia de solidaridad, ya que Gina \u201cMedellina\u201d hoy inicia una nueva etapa rodeada de cari\u00f1o y seguridad.<\/div>\n<div dir=\"auto\" style=\"text-align: justify;\"><\/div>\n<div dir=\"auto\" style=\"text-align: justify;\">\ud83e\udd0e \u00a1Por la Grandeza de Medell\u00edn!<\/div>\n<div id=\"x_ms-outlook-mobile-body-separator-line\" dir=\"auto\" data-applydefaultfontstyles=\"true\">\n<div dir=\"auto\"><\/div>\n<\/div>\n","protected":false},"excerpt":{"rendered":"<p>Medell\u00edn de Bravo 09 de marzo de 2026 \ud83d\udc36De un rescate a un nuevo comienzo: Gina \u201cMedellina\u201d ya tiene familia La peque\u00f1a perrita que fue encontrada atrapada entre el lirio del Arroyo Moreno, en Medell\u00edn de Bravo, ahora tiene una nueva oportunidad de vida. Luego de ser rescatada por elementos de Protecci\u00f3n Civil y recibir [&hellip;]<\/p>\n","protected":false},"author":1,"featured_media":6275,"comment_status":"closed","ping_status":"closed","sticky":false,"template":"","format":"standard","meta":{"_jetpack_memberships_contains_paid_content":false,"footnotes":"","jetpack_publicize_message":"","jetpack_publicize_feature_enabled":true,"jetpack_social_post_already_shared":true,"jetpack_social_options":{"image_generator_settings":{"template":"highway","default_image_id":0,"font":"","enabled":false},"version":2}},"categories":[4],"tags":[85],"class_list":["post-6274","post","type-post","status-publish","format-standard","has-post-thumbnail","hentry","category-noticia-politica","tag-pc-medellin"],"jetpack_publicize_connections":[],"jetpack_featured_media_url":"https:\/\/revistaenfoquepolitico.com\/wp-content\/uploads\/2026\/03\/IMG-20260309-WA0359.jpg","jetpack_sharing_enabled":true,"_links":{"self":[{"href":"https:\/\/revistaenfoquepolitico.com\/index.php\/wp-json\/wp\/v2\/posts\/6274","targetHints":{"allow":["GET"]}}],"collection":[{"href":"https:\/\/revistaenfoquepolitico.com\/index.php\/wp-json\/wp\/v2\/posts"}],"about":[{"href":"https:\/\/revistaenfoquepolitico.com\/index.php\/wp-json\/wp\/v2\/types\/post"}],"author":[{"embeddable":true,"href":"https:\/\/revistaenfoquepolitico.com\/index.php\/wp-json\/wp\/v2\/users\/1"}],"replies":[{"embeddable":true,"href":"https:\/\/revistaenfoquepolitico.com\/index.php\/wp-json\/wp\/v2\/comments?post=6274"}],"version-history":[{"count":1,"href":"https:\/\/revistaenfoquepolitico.com\/index.php\/wp-json\/wp\/v2\/posts\/6274\/revisions"}],"predecessor-version":[{"id":6277,"href":"https:\/\/revistaenfoquepolitico.com\/index.php\/wp-json\/wp\/v2\/posts\/6274\/revisions\/6277"}],"wp:featuredmedia":[{"embeddable":true,"href":"https:\/\/revistaenfoquepolitico.com\/index.php\/wp-json\/wp\/v2\/media\/6275"}],"wp:attachment":[{"href":"https:\/\/revistaenfoquepolitico.com\/index.php\/wp-json\/wp\/v2\/media?parent=6274"}],"wp:term":[{"taxonomy":"category","embeddable":true,"href":"https:\/\/revistaenfoquepolitico.com\/index.php\/wp-json\/wp\/v2\/categories?post=6274"},{"taxonomy":"post_tag","embeddable":true,"href":"https:\/\/revistaenfoquepolitico.com\/index.php\/wp-json\/wp\/v2\/tags?post=6274"}],"curies":[{"name":"wp","href":"https:\/\/api.w.org\/{rel}","templated":true}]}}