{"id":6281,"date":"2026-03-11T23:14:33","date_gmt":"2026-03-12T05:14:33","guid":{"rendered":"https:\/\/revistaenfoquepolitico.com\/?p=6281"},"modified":"2026-03-11T23:14:33","modified_gmt":"2026-03-12T05:14:33","slug":"presidenta-del-dif-municipal-de-medellin-de-bravo-jessica-duran-participa-en-panel-la-mujer-en-el-mundo-del-derecho","status":"publish","type":"post","link":"https:\/\/revistaenfoquepolitico.com\/index.php\/2026\/03\/11\/presidenta-del-dif-municipal-de-medellin-de-bravo-jessica-duran-participa-en-panel-la-mujer-en-el-mundo-del-derecho\/","title":{"rendered":"PRESIDENTA DEL DIF MUNICIPAL DE MEDELL\u00cdN DE BRAVO, JESSICA DUR\u00c1N, PARTICIPA EN PANEL \u00abLA MUJER EN EL MUNDO DEL DERECHO\u00bb"},"content":{"rendered":"<div dir=\"auto\">Medell\u00edn de Bravo, Ver. 11 de marzo de 2026<\/div>\n<div dir=\"auto\"><\/div>\n<div dir=\"auto\" style=\"text-align: justify;\">En el marco de la conmemoraci\u00f3n del D\u00eda Internacional de la Mujer, la presidenta del Sistema DIF Municipal de Medell\u00edn de Bravo, Jessica Dur\u00e1n, asisti\u00f3 como invitada al panel \u201cLa Mujer en el Mundo del Derecho\u201d, organizado por la Escuela de Derecho de Veracruz, un espacio de di\u00e1logo y reflexi\u00f3n enfocado en los retos y avances de las mujeres dentro del \u00e1mbito jur\u00eddico.<\/div>\n<div dir=\"auto\" style=\"text-align: justify;\"><\/div>\n<div dir=\"auto\" style=\"text-align: justify;\"><img loading=\"lazy\" decoding=\"async\" class=\"alignleft size-medium wp-image-6282\" src=\"https:\/\/revistaenfoquepolitico.com\/wp-content\/uploads\/2026\/03\/IMG-20260311-WA0193-300x200.jpg\" alt=\"\" width=\"300\" height=\"200\" srcset=\"https:\/\/revistaenfoquepolitico.com\/wp-content\/uploads\/2026\/03\/IMG-20260311-WA0193-300x200.jpg 300w, https:\/\/revistaenfoquepolitico.com\/wp-content\/uploads\/2026\/03\/IMG-20260311-WA0193-1024x683.jpg 1024w, https:\/\/revistaenfoquepolitico.com\/wp-content\/uploads\/2026\/03\/IMG-20260311-WA0193-768x512.jpg 768w, https:\/\/revistaenfoquepolitico.com\/wp-content\/uploads\/2026\/03\/IMG-20260311-WA0193.jpg 1280w\" sizes=\"auto, (max-width: 300px) 100vw, 300px\" \/>El encuentro se llev\u00f3 a cabo el pasado 10 de marzo en la Sala de Juicios Orales de la Escuela de Derecho de Veracruz, donde se dieron cita estudiantes, acad\u00e9micos, profesionistas del derecho y p\u00fablico interesado en fortalecer la perspectiva de g\u00e9nero dentro del ejercicio jur\u00eddico.<\/div>\n<div dir=\"auto\" style=\"text-align: justify;\"><\/div>\n<div dir=\"auto\" style=\"text-align: justify;\"><img loading=\"lazy\" decoding=\"async\" class=\"alignright size-medium wp-image-6283\" src=\"https:\/\/revistaenfoquepolitico.com\/wp-content\/uploads\/2026\/03\/IMG-20260311-WA0195-300x200.jpg\" alt=\"\" width=\"300\" height=\"200\" srcset=\"https:\/\/revistaenfoquepolitico.com\/wp-content\/uploads\/2026\/03\/IMG-20260311-WA0195-300x200.jpg 300w, https:\/\/revistaenfoquepolitico.com\/wp-content\/uploads\/2026\/03\/IMG-20260311-WA0195-1024x683.jpg 1024w, https:\/\/revistaenfoquepolitico.com\/wp-content\/uploads\/2026\/03\/IMG-20260311-WA0195-768x512.jpg 768w, https:\/\/revistaenfoquepolitico.com\/wp-content\/uploads\/2026\/03\/IMG-20260311-WA0195.jpg 1280w\" sizes=\"auto, (max-width: 300px) 100vw, 300px\" \/>Durante el panel participaron destacadas juristas de la entidad, entre ellas la Mtra. Cirla Berger Mart\u00ednez, socia fundadora de la Escuela de Derecho de Veracruz; la Mtra. Mar\u00eda Guadalupe V\u00e1zquez Mendoza, notaria p\u00fablica n\u00famero 26 de Veracruz; y la Mtra. Cristina del Carmen Vera Loya, presidenta del Colegio de Abogados de Veracruz.<\/div>\n<div dir=\"auto\" style=\"text-align: justify;\"><\/div>\n<div dir=\"auto\" style=\"text-align: justify;\"><img loading=\"lazy\" decoding=\"async\" class=\"alignleft size-medium wp-image-6284\" src=\"https:\/\/revistaenfoquepolitico.com\/wp-content\/uploads\/2026\/03\/IMG-20260311-WA0196-300x200.jpg\" alt=\"\" width=\"300\" height=\"200\" srcset=\"https:\/\/revistaenfoquepolitico.com\/wp-content\/uploads\/2026\/03\/IMG-20260311-WA0196-300x200.jpg 300w, https:\/\/revistaenfoquepolitico.com\/wp-content\/uploads\/2026\/03\/IMG-20260311-WA0196-1024x683.jpg 1024w, https:\/\/revistaenfoquepolitico.com\/wp-content\/uploads\/2026\/03\/IMG-20260311-WA0196-768x512.jpg 768w, https:\/\/revistaenfoquepolitico.com\/wp-content\/uploads\/2026\/03\/IMG-20260311-WA0196.jpg 1280w\" sizes=\"auto, (max-width: 300px) 100vw, 300px\" \/>A lo largo de sus intervenciones, las panelistas compartieron sus experiencias profesionales, reflexionaron sobre los desaf\u00edos que han enfrentado en su trayectoria dentro del derecho y destacaron la importancia de continuar abriendo espacios de liderazgo, participaci\u00f3n e igualdad de oportunidades para las mujeres dentro del sector jur\u00eddico.<\/div>\n<div dir=\"auto\" style=\"text-align: justify;\"><\/div>\n<div dir=\"auto\" style=\"text-align: justify;\"><img loading=\"lazy\" decoding=\"async\" class=\"alignright size-medium wp-image-6285\" src=\"https:\/\/revistaenfoquepolitico.com\/wp-content\/uploads\/2026\/03\/IMG-20260311-WA0197-300x200.jpg\" alt=\"\" width=\"300\" height=\"200\" srcset=\"https:\/\/revistaenfoquepolitico.com\/wp-content\/uploads\/2026\/03\/IMG-20260311-WA0197-300x200.jpg 300w, https:\/\/revistaenfoquepolitico.com\/wp-content\/uploads\/2026\/03\/IMG-20260311-WA0197-1024x683.jpg 1024w, https:\/\/revistaenfoquepolitico.com\/wp-content\/uploads\/2026\/03\/IMG-20260311-WA0197-768x512.jpg 768w, https:\/\/revistaenfoquepolitico.com\/wp-content\/uploads\/2026\/03\/IMG-20260311-WA0197.jpg 1280w\" sizes=\"auto, (max-width: 300px) 100vw, 300px\" \/>Durante el evento tambi\u00e9n se subray\u00f3 el papel fundamental que desempe\u00f1an las mujeres en la transformaci\u00f3n y fortalecimiento del sistema de justicia, as\u00ed como la necesidad de impulsar una cultura que reconozca el talento, la preparaci\u00f3n y la capacidad de las mujeres en el ejercicio de la profesi\u00f3n legal.<\/div>\n<div dir=\"auto\" style=\"text-align: justify;\"><\/div>\n<div dir=\"auto\" style=\"text-align: justify;\"><img loading=\"lazy\" decoding=\"async\" class=\"alignleft size-medium wp-image-6287\" src=\"https:\/\/revistaenfoquepolitico.com\/wp-content\/uploads\/2026\/03\/IMG-20260311-WA0199-300x277.jpg\" alt=\"\" width=\"300\" height=\"277\" srcset=\"https:\/\/revistaenfoquepolitico.com\/wp-content\/uploads\/2026\/03\/IMG-20260311-WA0199-300x277.jpg 300w, https:\/\/revistaenfoquepolitico.com\/wp-content\/uploads\/2026\/03\/IMG-20260311-WA0199-1024x945.jpg 1024w, https:\/\/revistaenfoquepolitico.com\/wp-content\/uploads\/2026\/03\/IMG-20260311-WA0199-768x709.jpg 768w, https:\/\/revistaenfoquepolitico.com\/wp-content\/uploads\/2026\/03\/IMG-20260311-WA0199.jpg 1150w\" sizes=\"auto, (max-width: 300px) 100vw, 300px\" \/>Con su presencia, Jessica Dur\u00e1n reiter\u00f3 el compromiso del DIF Municipal de Medell\u00edn de Bravo con la promoci\u00f3n de iniciativas que impulsen la igualdad, el empoderamiento femenino y la generaci\u00f3n de espacios de di\u00e1logo que contribuyan al desarrollo social y profesional de las mujeres.<\/div>\n<div dir=\"auto\" style=\"text-align: justify;\"><\/div>\n<div dir=\"auto\" style=\"text-align: justify;\">Con este tipo de actividades, la Escuela de Derecho de Veracruz reafirma su compromiso con la formaci\u00f3n integral de sus estudiantes y con la creaci\u00f3n de espacios acad\u00e9micos que fomenten el an\u00e1lisis, la reflexi\u00f3n cr\u00edtica y el fortalecimiento del liderazgo femenino en la comunidad jur\u00eddica.<\/div>\n<div id=\"x_ms-outlook-mobile-body-separator-line\" dir=\"auto\" data-applydefaultfontstyles=\"true\">\n<div dir=\"auto\" style=\"text-align: justify;\"><\/div>\n<\/div>\n","protected":false},"excerpt":{"rendered":"<p>Medell\u00edn de Bravo, Ver. 11 de marzo de 2026 En el marco de la conmemoraci\u00f3n del D\u00eda Internacional de la Mujer, la presidenta del Sistema DIF Municipal de Medell\u00edn de Bravo, Jessica Dur\u00e1n, asisti\u00f3 como invitada al panel \u201cLa Mujer en el Mundo del Derecho\u201d, organizado por la Escuela de Derecho de Veracruz, un espacio [&hellip;]<\/p>\n","protected":false},"author":1,"featured_media":6286,"comment_status":"closed","ping_status":"closed","sticky":false,"template":"","format":"standard","meta":{"_jetpack_memberships_contains_paid_content":false,"footnotes":"","jetpack_publicize_message":"","jetpack_publicize_feature_enabled":true,"jetpack_social_post_already_shared":true,"jetpack_social_options":{"image_generator_settings":{"template":"highway","default_image_id":0,"font":"","enabled":false},"version":2}},"categories":[4],"tags":[67],"class_list":["post-6281","post","type-post","status-publish","format-standard","has-post-thumbnail","hentry","category-noticia-politica","tag-dif-medellin"],"jetpack_publicize_connections":[],"jetpack_featured_media_url":"https:\/\/revistaenfoquepolitico.com\/wp-content\/uploads\/2026\/03\/IMG-20260311-WA0198.jpg","jetpack_sharing_enabled":true,"_links":{"self":[{"href":"https:\/\/revistaenfoquepolitico.com\/index.php\/wp-json\/wp\/v2\/posts\/6281","targetHints":{"allow":["GET"]}}],"collection":[{"href":"https:\/\/revistaenfoquepolitico.com\/index.php\/wp-json\/wp\/v2\/posts"}],"about":[{"href":"https:\/\/revistaenfoquepolitico.com\/index.php\/wp-json\/wp\/v2\/types\/post"}],"author":[{"embeddable":true,"href":"https:\/\/revistaenfoquepolitico.com\/index.php\/wp-json\/wp\/v2\/users\/1"}],"replies":[{"embeddable":true,"href":"https:\/\/revistaenfoquepolitico.com\/index.php\/wp-json\/wp\/v2\/comments?post=6281"}],"version-history":[{"count":1,"href":"https:\/\/revistaenfoquepolitico.com\/index.php\/wp-json\/wp\/v2\/posts\/6281\/revisions"}],"predecessor-version":[{"id":6288,"href":"https:\/\/revistaenfoquepolitico.com\/index.php\/wp-json\/wp\/v2\/posts\/6281\/revisions\/6288"}],"wp:featuredmedia":[{"embeddable":true,"href":"https:\/\/revistaenfoquepolitico.com\/index.php\/wp-json\/wp\/v2\/media\/6286"}],"wp:attachment":[{"href":"https:\/\/revistaenfoquepolitico.com\/index.php\/wp-json\/wp\/v2\/media?parent=6281"}],"wp:term":[{"taxonomy":"category","embeddable":true,"href":"https:\/\/revistaenfoquepolitico.com\/index.php\/wp-json\/wp\/v2\/categories?post=6281"},{"taxonomy":"post_tag","embeddable":true,"href":"https:\/\/revistaenfoquepolitico.com\/index.php\/wp-json\/wp\/v2\/tags?post=6281"}],"curies":[{"name":"wp","href":"https:\/\/api.w.org\/{rel}","templated":true}]}}