{"id":6297,"date":"2026-03-13T14:04:55","date_gmt":"2026-03-13T20:04:55","guid":{"rendered":"https:\/\/revistaenfoquepolitico.com\/?p=6297"},"modified":"2026-03-13T14:04:55","modified_gmt":"2026-03-13T20:04:55","slug":"instalan-consejo-municipal-de-desarrollo-rural-sustentable-en-medellin-de-bravo","status":"publish","type":"post","link":"https:\/\/revistaenfoquepolitico.com\/index.php\/2026\/03\/13\/instalan-consejo-municipal-de-desarrollo-rural-sustentable-en-medellin-de-bravo\/","title":{"rendered":"INSTALAN CONSEJO MUNICIPAL DE DESARROLLO RURAL SUSTENTABLE EN MEDELL\u00cdN DE BRAVO"},"content":{"rendered":"<div dir=\"auto\"><\/div>\n<div dir=\"auto\" style=\"text-align: justify;\">Con el objetivo de fortalecer al sector agr\u00edcola y promover acciones que impulsen el desarrollo del campo, el Ayuntamiento de Medell\u00edn de Bravo llev\u00f3 a cabo la instalaci\u00f3n del Consejo Municipal de Desarrollo Rural Sustentable, un espacio de coordinaci\u00f3n entre autoridades y productores del municipio.<\/div>\n<div dir=\"auto\" style=\"text-align: justify;\"><\/div>\n<div dir=\"auto\" style=\"text-align: justify;\"><img loading=\"lazy\" decoding=\"async\" class=\"alignleft size-medium wp-image-6299\" src=\"https:\/\/revistaenfoquepolitico.com\/wp-content\/uploads\/2026\/03\/IMG-20260310-WA0185-300x225.jpg\" alt=\"\" width=\"300\" height=\"225\" srcset=\"https:\/\/revistaenfoquepolitico.com\/wp-content\/uploads\/2026\/03\/IMG-20260310-WA0185-300x225.jpg 300w, https:\/\/revistaenfoquepolitico.com\/wp-content\/uploads\/2026\/03\/IMG-20260310-WA0185-1024x768.jpg 1024w, https:\/\/revistaenfoquepolitico.com\/wp-content\/uploads\/2026\/03\/IMG-20260310-WA0185-768x576.jpg 768w, https:\/\/revistaenfoquepolitico.com\/wp-content\/uploads\/2026\/03\/IMG-20260310-WA0185.jpg 1280w\" sizes=\"auto, (max-width: 300px) 100vw, 300px\" \/>La toma de protesta del consejo fue encabezada por el alcalde Samuel Acosta Mart\u00ednez, quien estuvo acompa\u00f1ado por integrantes del Cabildo, as\u00ed como por representantes del sector agr\u00edcola y productores de distintas comunidades rurales.<\/div>\n<div dir=\"auto\" style=\"text-align: justify;\"><\/div>\n<div dir=\"auto\" style=\"text-align: justify;\">Durante el acto, se destac\u00f3 que este consejo permitir\u00e1 establecer estrategias, gestionar apoyos y coordinar programas enfocados al fortalecimiento del campo, con la finalidad de mejorar las condiciones de trabajo de los productores y contribuir al desarrollo econ\u00f3mico de las localidades rurales.<\/div>\n<div dir=\"auto\" style=\"text-align: justify;\"><\/div>\n<div dir=\"auto\" style=\"text-align: justify;\"><img loading=\"lazy\" decoding=\"async\" class=\"alignright size-medium wp-image-6300\" src=\"https:\/\/revistaenfoquepolitico.com\/wp-content\/uploads\/2026\/03\/IMG-20260310-WA0186-300x201.jpg\" alt=\"\" width=\"300\" height=\"201\" srcset=\"https:\/\/revistaenfoquepolitico.com\/wp-content\/uploads\/2026\/03\/IMG-20260310-WA0186-300x201.jpg 300w, https:\/\/revistaenfoquepolitico.com\/wp-content\/uploads\/2026\/03\/IMG-20260310-WA0186-1024x685.jpg 1024w, https:\/\/revistaenfoquepolitico.com\/wp-content\/uploads\/2026\/03\/IMG-20260310-WA0186-768x514.jpg 768w, https:\/\/revistaenfoquepolitico.com\/wp-content\/uploads\/2026\/03\/IMG-20260310-WA0186.jpg 1280w\" sizes=\"auto, (max-width: 300px) 100vw, 300px\" \/>El gobierno municipal reiter\u00f3 su compromiso de trabajar de la mano con los campesinos y productores, impulsando acciones que favorezcan la productividad, la sustentabilidad y el bienestar de las familias que dependen de las actividades del campo.<\/div>\n<div dir=\"auto\" style=\"text-align: justify;\"><\/div>\n<div dir=\"auto\" style=\"text-align: justify;\">Con la instalaci\u00f3n de este consejo, Medell\u00edn de Bravo avanza en la construcci\u00f3n de pol\u00edticas p\u00fablicas que fortalezcan el desarrollo rural y promuevan mejores oportunidades para el sector agr\u00edcola del municipio.<\/div>\n<div dir=\"auto\" style=\"text-align: justify;\"><\/div>\n<div dir=\"auto\" style=\"text-align: justify;\">\u00a1Por la Grandeza de Medell\u00edn! \ud83e\udd0e<\/div>\n<div id=\"x_ms-outlook-mobile-body-separator-line\" dir=\"auto\" data-applydefaultfontstyles=\"true\">\n<div dir=\"auto\" style=\"text-align: justify;\"><img loading=\"lazy\" decoding=\"async\" class=\"aligncenter size-medium wp-image-6301\" src=\"https:\/\/revistaenfoquepolitico.com\/wp-content\/uploads\/2026\/03\/IMG-20260310-WA0187-300x201.jpg\" alt=\"\" width=\"300\" height=\"201\" srcset=\"https:\/\/revistaenfoquepolitico.com\/wp-content\/uploads\/2026\/03\/IMG-20260310-WA0187-300x201.jpg 300w, https:\/\/revistaenfoquepolitico.com\/wp-content\/uploads\/2026\/03\/IMG-20260310-WA0187-1024x685.jpg 1024w, https:\/\/revistaenfoquepolitico.com\/wp-content\/uploads\/2026\/03\/IMG-20260310-WA0187-768x514.jpg 768w, https:\/\/revistaenfoquepolitico.com\/wp-content\/uploads\/2026\/03\/IMG-20260310-WA0187.jpg 1280w\" sizes=\"auto, (max-width: 300px) 100vw, 300px\" \/><\/div>\n<\/div>\n","protected":false},"excerpt":{"rendered":"<p>Con el objetivo de fortalecer al sector agr\u00edcola y promover acciones que impulsen el desarrollo del campo, el Ayuntamiento de Medell\u00edn de Bravo llev\u00f3 a cabo la instalaci\u00f3n del Consejo Municipal de Desarrollo Rural Sustentable, un espacio de coordinaci\u00f3n entre autoridades y productores del municipio. La toma de protesta del consejo fue encabezada por el [&hellip;]<\/p>\n","protected":false},"author":1,"featured_media":6298,"comment_status":"closed","ping_status":"closed","sticky":false,"template":"","format":"standard","meta":{"_jetpack_memberships_contains_paid_content":false,"footnotes":"","jetpack_publicize_message":"","jetpack_publicize_feature_enabled":true,"jetpack_social_post_already_shared":true,"jetpack_social_options":{"image_generator_settings":{"template":"highway","default_image_id":0,"font":"","enabled":false},"version":2}},"categories":[4],"tags":[73],"class_list":["post-6297","post","type-post","status-publish","format-standard","has-post-thumbnail","hentry","category-noticia-politica","tag-samuel-acosta-alcalde-de-medellin"],"jetpack_publicize_connections":[],"jetpack_featured_media_url":"https:\/\/revistaenfoquepolitico.com\/wp-content\/uploads\/2026\/03\/IMG-20260310-WA0184.jpg","jetpack_sharing_enabled":true,"_links":{"self":[{"href":"https:\/\/revistaenfoquepolitico.com\/index.php\/wp-json\/wp\/v2\/posts\/6297","targetHints":{"allow":["GET"]}}],"collection":[{"href":"https:\/\/revistaenfoquepolitico.com\/index.php\/wp-json\/wp\/v2\/posts"}],"about":[{"href":"https:\/\/revistaenfoquepolitico.com\/index.php\/wp-json\/wp\/v2\/types\/post"}],"author":[{"embeddable":true,"href":"https:\/\/revistaenfoquepolitico.com\/index.php\/wp-json\/wp\/v2\/users\/1"}],"replies":[{"embeddable":true,"href":"https:\/\/revistaenfoquepolitico.com\/index.php\/wp-json\/wp\/v2\/comments?post=6297"}],"version-history":[{"count":1,"href":"https:\/\/revistaenfoquepolitico.com\/index.php\/wp-json\/wp\/v2\/posts\/6297\/revisions"}],"predecessor-version":[{"id":6302,"href":"https:\/\/revistaenfoquepolitico.com\/index.php\/wp-json\/wp\/v2\/posts\/6297\/revisions\/6302"}],"wp:featuredmedia":[{"embeddable":true,"href":"https:\/\/revistaenfoquepolitico.com\/index.php\/wp-json\/wp\/v2\/media\/6298"}],"wp:attachment":[{"href":"https:\/\/revistaenfoquepolitico.com\/index.php\/wp-json\/wp\/v2\/media?parent=6297"}],"wp:term":[{"taxonomy":"category","embeddable":true,"href":"https:\/\/revistaenfoquepolitico.com\/index.php\/wp-json\/wp\/v2\/categories?post=6297"},{"taxonomy":"post_tag","embeddable":true,"href":"https:\/\/revistaenfoquepolitico.com\/index.php\/wp-json\/wp\/v2\/tags?post=6297"}],"curies":[{"name":"wp","href":"https:\/\/api.w.org\/{rel}","templated":true}]}}