{"id":6303,"date":"2026-03-13T15:35:36","date_gmt":"2026-03-13T21:35:36","guid":{"rendered":"https:\/\/revistaenfoquepolitico.com\/?p=6303"},"modified":"2026-03-13T15:35:36","modified_gmt":"2026-03-13T21:35:36","slug":"descacharriza-ayuntamiento-de-veracruz-playa-de-villa-del-mar-retiran-40-toneladas-de-desechos","status":"publish","type":"post","link":"https:\/\/revistaenfoquepolitico.com\/index.php\/2026\/03\/13\/descacharriza-ayuntamiento-de-veracruz-playa-de-villa-del-mar-retiran-40-toneladas-de-desechos\/","title":{"rendered":"DESCACHARRIZA AYUNTAMIENTO DE VERACRUZ PLAYA DE VILLA DEL MAR; RETIRAN 40 TONELADAS DE DESECHOS"},"content":{"rendered":"<div id=\"x_ms-outlook-mobile-body-separator-line\" dir=\"auto\" data-applydefaultfontstyles=\"true\">\n<div dir=\"auto\" data-olk-copy-source=\"MessageBody\">10 de marzo de 2026<\/div>\n<div dir=\"auto\">Bolet\u00edn Informativo<\/div>\n<div dir=\"auto\"><\/div>\n<div dir=\"auto\">*Descacharriza Ayuntamiento de Veracruz playa de Villa del Mar; retiran 40 toneladas de desechos*<\/div>\n<div dir=\"auto\"><\/div>\n<div dir=\"auto\" style=\"text-align: justify;\"><strong>*Estas acciones preventivas buscan mantener en \u00f3ptimas condiciones esta emblem\u00e1tica zona tur\u00edstica, previo al periodo vacacional de Semana Santa*<\/strong><\/div>\n<div dir=\"auto\"><\/div>\n<div dir=\"auto\" style=\"text-align: justify;\"><img loading=\"lazy\" decoding=\"async\" class=\"alignleft size-medium wp-image-6305\" src=\"https:\/\/revistaenfoquepolitico.com\/wp-content\/uploads\/2026\/03\/IMG-20260310-WA0165-300x186.jpg\" alt=\"\" width=\"300\" height=\"186\" srcset=\"https:\/\/revistaenfoquepolitico.com\/wp-content\/uploads\/2026\/03\/IMG-20260310-WA0165-300x186.jpg 300w, https:\/\/revistaenfoquepolitico.com\/wp-content\/uploads\/2026\/03\/IMG-20260310-WA0165-1024x636.jpg 1024w, https:\/\/revistaenfoquepolitico.com\/wp-content\/uploads\/2026\/03\/IMG-20260310-WA0165-768x477.jpg 768w, https:\/\/revistaenfoquepolitico.com\/wp-content\/uploads\/2026\/03\/IMG-20260310-WA0165-1536x954.jpg 1536w, https:\/\/revistaenfoquepolitico.com\/wp-content\/uploads\/2026\/03\/IMG-20260310-WA0165-2048x1271.jpg 2048w\" sizes=\"auto, (max-width: 300px) 100vw, 300px\" \/>Rumbo al periodo vacacional de Semana Santa 2026, el Ayuntamiento de Veracruz realiz\u00f3 una jornada de descacharrizaci\u00f3n en la playa de Villa del Mar, una emblem\u00e1tica zona tur\u00edstica que, tradicionalmente, recibe a miles de visitantes en cada temporada de asueto. Estas acciones buscan mantener espacios limpios, seguros y en condiciones \u00f3ptimas para el disfrute de toda la ciudadan\u00eda.<\/div>\n<div dir=\"auto\" style=\"text-align: justify;\"><\/div>\n<div dir=\"auto\" style=\"text-align: justify;\"><img loading=\"lazy\" decoding=\"async\" class=\"alignright size-medium wp-image-6307\" src=\"https:\/\/revistaenfoquepolitico.com\/wp-content\/uploads\/2026\/03\/IMG-20260310-WA0171-300x209.jpg\" alt=\"\" width=\"300\" height=\"209\" srcset=\"https:\/\/revistaenfoquepolitico.com\/wp-content\/uploads\/2026\/03\/IMG-20260310-WA0171-300x209.jpg 300w, https:\/\/revistaenfoquepolitico.com\/wp-content\/uploads\/2026\/03\/IMG-20260310-WA0171-1024x714.jpg 1024w, https:\/\/revistaenfoquepolitico.com\/wp-content\/uploads\/2026\/03\/IMG-20260310-WA0171-768x536.jpg 768w, https:\/\/revistaenfoquepolitico.com\/wp-content\/uploads\/2026\/03\/IMG-20260310-WA0171-1536x1071.jpg 1536w, https:\/\/revistaenfoquepolitico.com\/wp-content\/uploads\/2026\/03\/IMG-20260310-WA0171-2048x1428.jpg 2048w\" sizes=\"auto, (max-width: 300px) 100vw, 300px\" \/>Durante la jornada, brigadas municipales realizaron labores de limpieza y retiro de objetos en desuso, logrando recolectar alrededor de 40 toneladas de desechos. Asimismo, se entregaron botes de basura a palaperos y vendedores del \u00e1rea para garantizar el manejo adecuado de los residuos y contribuir al cuidado de este espacio tur\u00edstico.<\/div>\n<div dir=\"auto\" style=\"text-align: justify;\"><\/div>\n<div dir=\"auto\" style=\"text-align: justify;\"><img loading=\"lazy\" decoding=\"async\" class=\"alignleft size-medium wp-image-6308\" src=\"https:\/\/revistaenfoquepolitico.com\/wp-content\/uploads\/2026\/03\/IMG-20260310-WA0175-300x200.jpg\" alt=\"\" width=\"300\" height=\"200\" srcset=\"https:\/\/revistaenfoquepolitico.com\/wp-content\/uploads\/2026\/03\/IMG-20260310-WA0175-300x200.jpg 300w, https:\/\/revistaenfoquepolitico.com\/wp-content\/uploads\/2026\/03\/IMG-20260310-WA0175-1024x683.jpg 1024w, https:\/\/revistaenfoquepolitico.com\/wp-content\/uploads\/2026\/03\/IMG-20260310-WA0175-768x512.jpg 768w, https:\/\/revistaenfoquepolitico.com\/wp-content\/uploads\/2026\/03\/IMG-20260310-WA0175-1536x1024.jpg 1536w, https:\/\/revistaenfoquepolitico.com\/wp-content\/uploads\/2026\/03\/IMG-20260310-WA0175-2048x1366.jpg 2048w\" sizes=\"auto, (max-width: 300px) 100vw, 300px\" \/>La alcaldesa de Veracruz, Rosa Mar\u00eda Hern\u00e1ndez Espejo, exhort\u00f3 a quienes brindan servicios en esta franja de playa a trabajar de manera coordinada para ofrecer una atenci\u00f3n de calidad, mantener una buena imagen del destino y generar un ambiente que invite a las y los visitantes a disfrutar y regresar a la ciudad de Veracruz.<\/div>\n<div dir=\"auto\" style=\"text-align: justify;\"><\/div>\n<div dir=\"auto\" style=\"text-align: justify;\">En estas labores participaron ediles y personal de las direcciones de Limpia P\u00fablica, Medio Ambiente, Protecci\u00f3n Civil, Atenci\u00f3n Ciudadana y Tr\u00e1nsito Municipal, quienes sumaron esfuerzos junto con comerciantes y trabajadores de la zona para conservar en excelente estado este importante punto tur\u00edstico.<\/div>\n<div dir=\"auto\"><img loading=\"lazy\" decoding=\"async\" class=\"aligncenter size-medium wp-image-6309\" src=\"https:\/\/revistaenfoquepolitico.com\/wp-content\/uploads\/2026\/03\/IMG-20260310-WA0177-300x200.jpg\" alt=\"\" width=\"300\" height=\"200\" srcset=\"https:\/\/revistaenfoquepolitico.com\/wp-content\/uploads\/2026\/03\/IMG-20260310-WA0177-300x200.jpg 300w, https:\/\/revistaenfoquepolitico.com\/wp-content\/uploads\/2026\/03\/IMG-20260310-WA0177-1024x683.jpg 1024w, https:\/\/revistaenfoquepolitico.com\/wp-content\/uploads\/2026\/03\/IMG-20260310-WA0177-768x512.jpg 768w, https:\/\/revistaenfoquepolitico.com\/wp-content\/uploads\/2026\/03\/IMG-20260310-WA0177-1536x1024.jpg 1536w, https:\/\/revistaenfoquepolitico.com\/wp-content\/uploads\/2026\/03\/IMG-20260310-WA0177-2048x1366.jpg 2048w\" sizes=\"auto, (max-width: 300px) 100vw, 300px\" \/><\/div>\n<\/div>\n","protected":false},"excerpt":{"rendered":"<p>10 de marzo de 2026 Bolet\u00edn Informativo *Descacharriza Ayuntamiento de Veracruz playa de Villa del Mar; retiran 40 toneladas de desechos* *Estas acciones preventivas buscan mantener en \u00f3ptimas condiciones esta emblem\u00e1tica zona tur\u00edstica, previo al periodo vacacional de Semana Santa* Rumbo al periodo vacacional de Semana Santa 2026, el Ayuntamiento de Veracruz realiz\u00f3 una jornada [&hellip;]<\/p>\n","protected":false},"author":1,"featured_media":6306,"comment_status":"closed","ping_status":"closed","sticky":false,"template":"","format":"standard","meta":{"_jetpack_memberships_contains_paid_content":false,"footnotes":"","jetpack_publicize_message":"","jetpack_publicize_feature_enabled":true,"jetpack_social_post_already_shared":true,"jetpack_social_options":{"image_generator_settings":{"template":"highway","default_image_id":0,"font":"","enabled":false},"version":2}},"categories":[4],"tags":[72],"class_list":["post-6303","post","type-post","status-publish","format-standard","has-post-thumbnail","hentry","category-noticia-politica","tag-rosa-maria-presidenta-de-veracruz"],"jetpack_publicize_connections":[],"jetpack_featured_media_url":"https:\/\/revistaenfoquepolitico.com\/wp-content\/uploads\/2026\/03\/IMG-20260310-WA0169-scaled.jpg","jetpack_sharing_enabled":true,"_links":{"self":[{"href":"https:\/\/revistaenfoquepolitico.com\/index.php\/wp-json\/wp\/v2\/posts\/6303","targetHints":{"allow":["GET"]}}],"collection":[{"href":"https:\/\/revistaenfoquepolitico.com\/index.php\/wp-json\/wp\/v2\/posts"}],"about":[{"href":"https:\/\/revistaenfoquepolitico.com\/index.php\/wp-json\/wp\/v2\/types\/post"}],"author":[{"embeddable":true,"href":"https:\/\/revistaenfoquepolitico.com\/index.php\/wp-json\/wp\/v2\/users\/1"}],"replies":[{"embeddable":true,"href":"https:\/\/revistaenfoquepolitico.com\/index.php\/wp-json\/wp\/v2\/comments?post=6303"}],"version-history":[{"count":2,"href":"https:\/\/revistaenfoquepolitico.com\/index.php\/wp-json\/wp\/v2\/posts\/6303\/revisions"}],"predecessor-version":[{"id":6310,"href":"https:\/\/revistaenfoquepolitico.com\/index.php\/wp-json\/wp\/v2\/posts\/6303\/revisions\/6310"}],"wp:featuredmedia":[{"embeddable":true,"href":"https:\/\/revistaenfoquepolitico.com\/index.php\/wp-json\/wp\/v2\/media\/6306"}],"wp:attachment":[{"href":"https:\/\/revistaenfoquepolitico.com\/index.php\/wp-json\/wp\/v2\/media?parent=6303"}],"wp:term":[{"taxonomy":"category","embeddable":true,"href":"https:\/\/revistaenfoquepolitico.com\/index.php\/wp-json\/wp\/v2\/categories?post=6303"},{"taxonomy":"post_tag","embeddable":true,"href":"https:\/\/revistaenfoquepolitico.com\/index.php\/wp-json\/wp\/v2\/tags?post=6303"}],"curies":[{"name":"wp","href":"https:\/\/api.w.org\/{rel}","templated":true}]}}