{"id":6316,"date":"2026-03-13T15:54:20","date_gmt":"2026-03-13T21:54:20","guid":{"rendered":"https:\/\/revistaenfoquepolitico.com\/?p=6316"},"modified":"2026-03-13T15:54:20","modified_gmt":"2026-03-13T21:54:20","slug":"el-discurso-fresco-de-luis-carbonell-proyecta-bien-a-movimiento-ciudadano","status":"publish","type":"post","link":"https:\/\/revistaenfoquepolitico.com\/index.php\/2026\/03\/13\/el-discurso-fresco-de-luis-carbonell-proyecta-bien-a-movimiento-ciudadano\/","title":{"rendered":"EL DISCURSO FRESCO DE LUIS CARBONELL PROYECTA BIEN A MOVIMIENTO CIUDADANO"},"content":{"rendered":"<div dir=\"auto\" aria-hidden=\"true\">Xalapa, Ver.<\/div>\n<div dir=\"auto\"><\/div>\n<div dir=\"auto\" style=\"text-align: justify;\">Ahora que algunos gobiernos no aceptan la cr\u00edtica y sienten a la prensa como sus enemigos, sale al paso, como en un juego de ajedrez, la figura del dirigente del partido pol\u00edtico Movimiento Ciudadano, Luis Carbonell de la Hoz.<\/div>\n<div dir=\"auto\" style=\"text-align: justify;\"><\/div>\n<div dir=\"auto\" style=\"text-align: justify;\">En una mesa de di\u00e1logo abierto, reconoce el m\u00e9rito de los que se dedican al ejercicio period\u00edstico, porque incluso arriesgan la vida y en muchas ocasiones son menospreciados y amenazados.<\/div>\n<div dir=\"auto\" style=\"text-align: justify;\"><\/div>\n<div dir=\"auto\" style=\"text-align: justify;\">En una reuni\u00f3n con algunos reporteros de la Asociaci\u00f3n de Comunicadores de Veracruz (ACOVER), el joven pol\u00edtico de discurso agudo y profundo, se\u00f1ala la urgencia de la participaci\u00f3n ciudadana en las elecciones del a\u00f1o 2027, porque las puertas de MC est\u00e1n abiertas, lo dijo y lo repiti\u00f3.<\/div>\n<div dir=\"auto\" style=\"text-align: justify;\"><\/div>\n<div dir=\"auto\" style=\"text-align: justify;\">A pesar de que ese partido tiene sus propios cuadros en los 212 municipios de la entidad veracruzana, con hombres y mujeres valiosas, no est\u00e1n cerrados a abanderar la candidatura de cualquier persona que tenga principios, respeto y amor por Veracruz.<\/div>\n<div dir=\"auto\" style=\"text-align: justify;\"><\/div>\n<div dir=\"auto\" style=\"text-align: justify;\">Opin\u00f3 acerca de muchos temas y escuch\u00f3 con atenci\u00f3n la expresi\u00f3n de los periodistas ah\u00ed reunidos, pero entre sus puntos de vista destac\u00f3 que Veracruz requiere de obras y acciones que nos lleven a la modernidad y al progreso, en vez de estar en un sub ejercicio que tanto da\u00f1a al pueblo y sobre todo a los que menos tienen.<\/div>\n<div dir=\"auto\" style=\"text-align: justify;\"><\/div>\n<div dir=\"auto\" style=\"text-align: justify;\">Con tono optimista dijo que, si en 2025 Movimiento Ciudadano gan\u00f3 41 alcald\u00edas, en 2027 el triunfo en muchos distritos se ver\u00e1 reflejado para ese partido, por el antecedente y la experiencia que lograron y que los llev\u00f3 a ser la segunda fuerza electoral en el estado.<\/div>\n<div dir=\"auto\" style=\"text-align: justify;\"><\/div>\n<div dir=\"auto\" style=\"text-align: justify;\">Muchos de los que nos reunimos con el dirigente celebramos que exista ese di\u00e1logo y esa apertura, para escuchar y responder todo tipo de preguntas sin que el invitado se muestre molesto.<\/div>\n<div dir=\"auto\" style=\"text-align: justify;\"><\/div>\n<div dir=\"auto\" style=\"text-align: justify;\">Reconoci\u00f3 que algunos de los alcaldes y diputados de MC han traicionado sus principios y se han ido con otras siglas, pero dijo que esa es cuesti\u00f3n personal, cada quien hace lo que mejor le conviene, incluso alguien que fue candidato a la gubernatura fue mencionado, pero el coordinador de Movimiento Ciudadano no emiti\u00f3 juicios o malas palabras en contra de quienes han actuado de esa manera. En todo momento se mostr\u00f3 respetuoso.<\/div>\n<div dir=\"auto\" style=\"text-align: justify;\"><\/div>\n<div dir=\"auto\" style=\"text-align: justify;\">Junto con \u00e9l estuvieron la coordinadora de comunicaci\u00f3n social, Noem\u00ed Vald\u00e9s y el secretario general de MC, Luciano Antonio Folgueras, quienes compartieron tambi\u00e9n sus puntos de vista.<\/div>\n<div dir=\"auto\" style=\"text-align: justify;\"><\/div>\n<div dir=\"auto\" style=\"text-align: justify;\">Que Luis Carbonell se abriera ante los reporteros por m\u00e1s de dos horas, permiti\u00f3 que lo pudi\u00e9ramos conocer mejor, observar sus reacciones y sus tendencias, pero al mismo tiempo logr\u00f3 la confianza de muchos y eso lo posiciona mejor que otros dirigentes que corren cuando ven a la prensa.<\/div>\n<div dir=\"auto\" style=\"text-align: justify;\"><\/div>\n<div dir=\"auto\" style=\"text-align: justify;\">El representa al partido, pero ofreci\u00f3 continuar con esos encuentros acompa\u00f1ado de los alcaldes, que est\u00e1n aplicados en resolver los problemas de la sociedad de sus respectivos municipios y con esa difusi\u00f3n el proyecto de ese partido pod\u00eda tomar la delantera. M\u00e1s claro ni el agua.<\/div>\n<div id=\"x_ms-outlook-mobile-body-separator-line\" dir=\"auto\" data-applydefaultfontstyles=\"true\">\n<div dir=\"auto\" style=\"text-align: justify;\"><\/div>\n<\/div>\n","protected":false},"excerpt":{"rendered":"<p>Xalapa, Ver. Ahora que algunos gobiernos no aceptan la cr\u00edtica y sienten a la prensa como sus enemigos, sale al paso, como en un juego de ajedrez, la figura del dirigente del partido pol\u00edtico Movimiento Ciudadano, Luis Carbonell de la Hoz. En una mesa de di\u00e1logo abierto, reconoce el m\u00e9rito de los que se dedican [&hellip;]<\/p>\n","protected":false},"author":1,"featured_media":6317,"comment_status":"closed","ping_status":"closed","sticky":false,"template":"","format":"standard","meta":{"_jetpack_memberships_contains_paid_content":false,"footnotes":"","jetpack_publicize_message":"","jetpack_publicize_feature_enabled":true,"jetpack_social_post_already_shared":true,"jetpack_social_options":{"image_generator_settings":{"template":"highway","default_image_id":0,"font":"","enabled":false},"version":2}},"categories":[65],"tags":[81],"class_list":["post-6316","post","type-post","status-publish","format-standard","has-post-thumbnail","hentry","category-columna","tag-felipe-mendiola-parra"],"jetpack_publicize_connections":[],"jetpack_featured_media_url":"https:\/\/revistaenfoquepolitico.com\/wp-content\/uploads\/2026\/03\/IMG-20260310-WA0392.jpg","jetpack_sharing_enabled":true,"_links":{"self":[{"href":"https:\/\/revistaenfoquepolitico.com\/index.php\/wp-json\/wp\/v2\/posts\/6316","targetHints":{"allow":["GET"]}}],"collection":[{"href":"https:\/\/revistaenfoquepolitico.com\/index.php\/wp-json\/wp\/v2\/posts"}],"about":[{"href":"https:\/\/revistaenfoquepolitico.com\/index.php\/wp-json\/wp\/v2\/types\/post"}],"author":[{"embeddable":true,"href":"https:\/\/revistaenfoquepolitico.com\/index.php\/wp-json\/wp\/v2\/users\/1"}],"replies":[{"embeddable":true,"href":"https:\/\/revistaenfoquepolitico.com\/index.php\/wp-json\/wp\/v2\/comments?post=6316"}],"version-history":[{"count":1,"href":"https:\/\/revistaenfoquepolitico.com\/index.php\/wp-json\/wp\/v2\/posts\/6316\/revisions"}],"predecessor-version":[{"id":6318,"href":"https:\/\/revistaenfoquepolitico.com\/index.php\/wp-json\/wp\/v2\/posts\/6316\/revisions\/6318"}],"wp:featuredmedia":[{"embeddable":true,"href":"https:\/\/revistaenfoquepolitico.com\/index.php\/wp-json\/wp\/v2\/media\/6317"}],"wp:attachment":[{"href":"https:\/\/revistaenfoquepolitico.com\/index.php\/wp-json\/wp\/v2\/media?parent=6316"}],"wp:term":[{"taxonomy":"category","embeddable":true,"href":"https:\/\/revistaenfoquepolitico.com\/index.php\/wp-json\/wp\/v2\/categories?post=6316"},{"taxonomy":"post_tag","embeddable":true,"href":"https:\/\/revistaenfoquepolitico.com\/index.php\/wp-json\/wp\/v2\/tags?post=6316"}],"curies":[{"name":"wp","href":"https:\/\/api.w.org\/{rel}","templated":true}]}}