{"id":6322,"date":"2026-03-13T23:06:27","date_gmt":"2026-03-14T05:06:27","guid":{"rendered":"https:\/\/revistaenfoquepolitico.com\/?p=6322"},"modified":"2026-03-13T23:06:27","modified_gmt":"2026-03-14T05:06:27","slug":"playas-de-la-ciudad-de-veracruz-limpias-y-listas-para-semana-santa-2026","status":"publish","type":"post","link":"https:\/\/revistaenfoquepolitico.com\/index.php\/2026\/03\/13\/playas-de-la-ciudad-de-veracruz-limpias-y-listas-para-semana-santa-2026\/","title":{"rendered":"PLAYAS DE LA CIUDAD DE VERACRUZ LIMPIAS Y LISTAS PARA SEMANA SANTA 2026"},"content":{"rendered":"<div dir=\"auto\" data-olk-copy-source=\"MessageBody\">12 de marzo de 2026<\/div>\n<div dir=\"auto\">Bolet\u00edn Informativo<\/div>\n<div dir=\"auto\"><\/div>\n<div dir=\"auto\">*Playas de la ciudad de Veracruz limpias y listas para Semana Santa 2026*<\/div>\n<div dir=\"auto\"><\/div>\n<div dir=\"auto\" style=\"text-align: justify;\"><strong>*Locales y turistas podr\u00e1n disfrutar de un litoral seguro y limpio, con vigilancia intensiva y recorridos terrestres y a\u00e9reos que garantizan espacios en condiciones \u00f3ptimas durante toda la temporada vacacional*<\/strong><\/div>\n<div dir=\"auto\"><\/div>\n<div dir=\"auto\" style=\"text-align: justify;\"><img loading=\"lazy\" decoding=\"async\" class=\"alignleft size-medium wp-image-6328\" src=\"https:\/\/revistaenfoquepolitico.com\/wp-content\/uploads\/2026\/03\/IMG-20260312-WA0088-1-300x200.jpg\" alt=\"\" width=\"300\" height=\"200\" srcset=\"https:\/\/revistaenfoquepolitico.com\/wp-content\/uploads\/2026\/03\/IMG-20260312-WA0088-1-300x200.jpg 300w, https:\/\/revistaenfoquepolitico.com\/wp-content\/uploads\/2026\/03\/IMG-20260312-WA0088-1-1024x683.jpg 1024w, https:\/\/revistaenfoquepolitico.com\/wp-content\/uploads\/2026\/03\/IMG-20260312-WA0088-1-768x512.jpg 768w, https:\/\/revistaenfoquepolitico.com\/wp-content\/uploads\/2026\/03\/IMG-20260312-WA0088-1-1536x1024.jpg 1536w, https:\/\/revistaenfoquepolitico.com\/wp-content\/uploads\/2026\/03\/IMG-20260312-WA0088-1-2048x1366.jpg 2048w\" sizes=\"auto, (max-width: 300px) 100vw, 300px\" \/>A poco m\u00e1s de dos semanas de las vacaciones de Semana Santa 2026, las playas de la ciudad de Veracruz est\u00e1n limpias, seguras y listas para recibir a locales y turistas, con vigilancia y limpieza intensiva, incluyendo recorridos terrestres y a\u00e9reos, sin detecci\u00f3n de contaminantes en el litoral.<\/div>\n<div dir=\"auto\" style=\"text-align: justify;\"><\/div>\n<div dir=\"auto\" style=\"text-align: justify;\">El Ayuntamiento de Veracruz, encabezado por la alcaldesa Rosa Mar\u00eda Hern\u00e1ndez Espejo, mantiene un operativo integral para garantizar que las playas permanezcan en condiciones \u00f3ptimas durante la temporada de asueto y fines de semana largos, fortaleciendo el mantenimiento y la atenci\u00f3n a la poblaci\u00f3n y visitantes.<\/div>\n<div dir=\"auto\" style=\"text-align: justify;\"><\/div>\n<div dir=\"auto\" style=\"text-align: justify;\"><img loading=\"lazy\" decoding=\"async\" class=\"alignright size-medium wp-image-6329\" src=\"https:\/\/revistaenfoquepolitico.com\/wp-content\/uploads\/2026\/03\/IMG-20260312-WA0090-300x200.jpg\" alt=\"\" width=\"300\" height=\"200\" srcset=\"https:\/\/revistaenfoquepolitico.com\/wp-content\/uploads\/2026\/03\/IMG-20260312-WA0090-300x200.jpg 300w, https:\/\/revistaenfoquepolitico.com\/wp-content\/uploads\/2026\/03\/IMG-20260312-WA0090-1024x683.jpg 1024w, https:\/\/revistaenfoquepolitico.com\/wp-content\/uploads\/2026\/03\/IMG-20260312-WA0090-768x512.jpg 768w, https:\/\/revistaenfoquepolitico.com\/wp-content\/uploads\/2026\/03\/IMG-20260312-WA0090-1536x1024.jpg 1536w, https:\/\/revistaenfoquepolitico.com\/wp-content\/uploads\/2026\/03\/IMG-20260312-WA0090-2048x1366.jpg 2048w\" sizes=\"auto, (max-width: 300px) 100vw, 300px\" \/>Brigadas diarias recorren los principales puntos de la ciudad, incluyendo cabeza y bajante, as\u00ed como Villa del Mar, Play\u00f3n de Hornos y Regatas, realizando limpieza de arena, recolecci\u00f3n de residuos y monitoreo de infraestructura, mientras coordinan con prestadores de servicios tur\u00edsticos y fomentan la participaci\u00f3n ciudadana en el cuidado del litoral.<\/div>\n<div dir=\"auto\" style=\"text-align: justify;\"><\/div>\n<div dir=\"auto\" style=\"text-align: justify;\"><img loading=\"lazy\" decoding=\"async\" class=\"alignleft size-medium wp-image-6330\" src=\"https:\/\/revistaenfoquepolitico.com\/wp-content\/uploads\/2026\/03\/IMG-20260312-WA0096-300x200.jpg\" alt=\"\" width=\"300\" height=\"200\" srcset=\"https:\/\/revistaenfoquepolitico.com\/wp-content\/uploads\/2026\/03\/IMG-20260312-WA0096-300x200.jpg 300w, https:\/\/revistaenfoquepolitico.com\/wp-content\/uploads\/2026\/03\/IMG-20260312-WA0096-1024x683.jpg 1024w, https:\/\/revistaenfoquepolitico.com\/wp-content\/uploads\/2026\/03\/IMG-20260312-WA0096-768x512.jpg 768w, https:\/\/revistaenfoquepolitico.com\/wp-content\/uploads\/2026\/03\/IMG-20260312-WA0096-1536x1024.jpg 1536w, https:\/\/revistaenfoquepolitico.com\/wp-content\/uploads\/2026\/03\/IMG-20260312-WA0096-2048x1366.jpg 2048w\" sizes=\"auto, (max-width: 300px) 100vw, 300px\" \/>En v\u00edsperas de Semana Santa, el Ayuntamiento reitera el llamado a disfrutar de las playas con tranquilidad, respetando las indicaciones de seguridad, participando en el cuidado del litoral y aprovechando los servicios que mantienen los espacios en condiciones \u00f3ptimas para visitantes.<\/div>\n<div dir=\"auto\" style=\"text-align: justify;\"><\/div>\n<div dir=\"auto\" style=\"text-align: justify;\">La fuerza de tarea est\u00e1 conformada por la Secretar\u00eda de Marina, Turismo, Protecci\u00f3n Civil Municipal, Medio Ambiente, Limpia P\u00fablica, Bienestar, Gobernaci\u00f3n, Polic\u00eda Municipal, guardavidas y brigadas operativas, quienes trabajan de manera coordinada para garantizar vigilancia constante, atenci\u00f3n inmediata y la calidad de los espacios p\u00fablicos durante toda la temporada vacacional.<\/div>\n<div id=\"x_ms-outlook-mobile-body-separator-line\" dir=\"auto\" data-applydefaultfontstyles=\"true\">\n<div dir=\"auto\" style=\"text-align: justify;\"><\/div>\n<\/div>\n","protected":false},"excerpt":{"rendered":"<p>12 de marzo de 2026 Bolet\u00edn Informativo *Playas de la ciudad de Veracruz limpias y listas para Semana Santa 2026* *Locales y turistas podr\u00e1n disfrutar de un litoral seguro y limpio, con vigilancia intensiva y recorridos terrestres y a\u00e9reos que garantizan espacios en condiciones \u00f3ptimas durante toda la temporada vacacional* A poco m\u00e1s de dos [&hellip;]<\/p>\n","protected":false},"author":1,"featured_media":6327,"comment_status":"closed","ping_status":"closed","sticky":false,"template":"","format":"standard","meta":{"_jetpack_memberships_contains_paid_content":false,"footnotes":"","jetpack_publicize_message":"","jetpack_publicize_feature_enabled":true,"jetpack_social_post_already_shared":true,"jetpack_social_options":{"image_generator_settings":{"template":"highway","default_image_id":0,"font":"","enabled":false},"version":2}},"categories":[4],"tags":[72],"class_list":["post-6322","post","type-post","status-publish","format-standard","has-post-thumbnail","hentry","category-noticia-politica","tag-rosa-maria-presidenta-de-veracruz"],"jetpack_publicize_connections":[],"jetpack_featured_media_url":"https:\/\/revistaenfoquepolitico.com\/wp-content\/uploads\/2026\/03\/IMG-20260312-WA0086-1.jpg","jetpack_sharing_enabled":true,"_links":{"self":[{"href":"https:\/\/revistaenfoquepolitico.com\/index.php\/wp-json\/wp\/v2\/posts\/6322","targetHints":{"allow":["GET"]}}],"collection":[{"href":"https:\/\/revistaenfoquepolitico.com\/index.php\/wp-json\/wp\/v2\/posts"}],"about":[{"href":"https:\/\/revistaenfoquepolitico.com\/index.php\/wp-json\/wp\/v2\/types\/post"}],"author":[{"embeddable":true,"href":"https:\/\/revistaenfoquepolitico.com\/index.php\/wp-json\/wp\/v2\/users\/1"}],"replies":[{"embeddable":true,"href":"https:\/\/revistaenfoquepolitico.com\/index.php\/wp-json\/wp\/v2\/comments?post=6322"}],"version-history":[{"count":1,"href":"https:\/\/revistaenfoquepolitico.com\/index.php\/wp-json\/wp\/v2\/posts\/6322\/revisions"}],"predecessor-version":[{"id":6331,"href":"https:\/\/revistaenfoquepolitico.com\/index.php\/wp-json\/wp\/v2\/posts\/6322\/revisions\/6331"}],"wp:featuredmedia":[{"embeddable":true,"href":"https:\/\/revistaenfoquepolitico.com\/index.php\/wp-json\/wp\/v2\/media\/6327"}],"wp:attachment":[{"href":"https:\/\/revistaenfoquepolitico.com\/index.php\/wp-json\/wp\/v2\/media?parent=6322"}],"wp:term":[{"taxonomy":"category","embeddable":true,"href":"https:\/\/revistaenfoquepolitico.com\/index.php\/wp-json\/wp\/v2\/categories?post=6322"},{"taxonomy":"post_tag","embeddable":true,"href":"https:\/\/revistaenfoquepolitico.com\/index.php\/wp-json\/wp\/v2\/tags?post=6322"}],"curies":[{"name":"wp","href":"https:\/\/api.w.org\/{rel}","templated":true}]}}