{"id":6333,"date":"2026-03-14T12:17:58","date_gmt":"2026-03-14T18:17:58","guid":{"rendered":"https:\/\/revistaenfoquepolitico.com\/?p=6333"},"modified":"2026-03-14T12:17:58","modified_gmt":"2026-03-14T18:17:58","slug":"rocio-nahle-y-la-ciudad-industrial-bruno-pagliai","status":"publish","type":"post","link":"https:\/\/revistaenfoquepolitico.com\/index.php\/2026\/03\/14\/rocio-nahle-y-la-ciudad-industrial-bruno-pagliai\/","title":{"rendered":"ROC\u00cdO NAHLE Y LA CIUDAD INDUSTRIAL \u00abBRUNO PAGLIAI\u00bb.."},"content":{"rendered":"<div dir=\"auto\" data-olk-copy-source=\"MessageBody\">Por: Ricardo Chua<\/div>\n<div dir=\"auto\"><\/div>\n<div dir=\"auto\">ROC\u00cdO NAHLE Y LA CIUDAD INDUSTRIAL \u00abBRUNO PAGLIAI\u00bb..<\/div>\n<div dir=\"auto\"><\/div>\n<div dir=\"auto\" style=\"text-align: justify;\">Informaci\u00f3n obtenida por \u00abGarganta Profunda\u00bb, al interior de la principal oficina de Palacio de Gobierno en Xalapa, se\u00f1alan que muy pronto las m\u00e1s alta autoridad estatal del gobierno de Veracruz.. Empezar\u00e1 a buscar un di\u00e1logo con los grupos empresariales, que est\u00e1n ubicados en la Ciudad Industrial \u00abBruno Pagliai\u00bb en el municipio de Veracruz, que es el sitio industrial m\u00e1s importante de todo el sureste mexicano.. Para llegar a acuerdos, acabar con confusiones y empezar a trabajar por el desarrollo econ\u00f3mico, laboral y empresarial en la entidad.. Y acabar con las \u00abgrillas\u00bb que mantienen molestos a estos empresarios..<\/div>\n<div dir=\"auto\" style=\"text-align: justify;\"><\/div>\n<div dir=\"auto\" style=\"text-align: justify;\">Al parecer, la gobernadora Roc\u00edo Nahle va tomar el \u00abtoro por los cuernos\u00bb y va a citar ya de una vez por todas al Comit\u00e9 T\u00e9cnico, donde la mandataria estatal es la directora, para revisar como a operando el Fideicomiso del Fondo del Futuro, que es el organismo dependiente de la Secretar\u00eda de Desarrollo Econ\u00f3mico y Portuario (SEDECOP), para tambi\u00e9n saber si han respetado las reglas de operaci\u00f3n y si han seguido la normatividad estatal.. Y sabe si se han enfocado en el mantenimiento y mejora de esta ciudad industrial, que se encuentra en la ciudad y puerto de Veracruz,,<\/div>\n<div dir=\"auto\" style=\"text-align: justify;\"><\/div>\n<div dir=\"auto\" style=\"text-align: justify;\">Seg\u00fan lo que se menciona dentro de los pasillos de Palacio de Gobierno.. Es que a la propia gobernadora Nahle, dice \u00abGarganta Profunda\u00bb, LE CAUS\u00d3 EXTRA\u00d1EZA que los empresarios adheridos de la \u00abAsociaci\u00f3n de Industriales de la Ciudad Industrial -Bruno Pagliai- AC\u00bb.. Hayan sido los que con recursos propios de este organismo empresarial, arreglaran un acceso a este sitio, pavimentando con concreto hidr\u00e1ulico, una avenida que tambi\u00e9n da entrada a una comunidad rural de este puerto de Veracruz.. Y que se hab\u00eda visto afectada por el paso de los veh\u00edculos pesados que entraban a la ciudad industrial..<\/div>\n<div dir=\"auto\" style=\"text-align: justify;\"><\/div>\n<div dir=\"auto\" style=\"text-align: justify;\">Motivo por el cual, hay versiones que la misma gobernadora mand\u00f3 a investigar este tema.. Con personajes cercanos al gobierno estatal.. Ya que se supone que para eso existe el Fideicomiso \u00abFondo del Futuro\u00bb, dependiente de la SEDECOP, cuyo prop\u00f3sito est\u00e1 enfocado al MANTENIMIENTO Y MEJORA de esta Ciudad Industrial.. Que para ello cuenta con recursos suficientes para dar todo este servicio y los empresarios no tengan que estar ocupando su propio dinero para dar servicios de mantenimiento, sino para generar m\u00e1s riquezas y empleos a los veracruzanos..<\/div>\n<div dir=\"auto\" style=\"text-align: justify;\"><\/div>\n<div dir=\"auto\" style=\"text-align: justify;\">Hay quien asegura que desde la SEGUNDA OFICINA m\u00e1s importante del gobierno de Veracruz.. Se ha entregado un informe real de lo que presuntamente, ha realizado este Fideicomiso del \u00abFondo del Futuro\u00bb porque las \u00abluces rojas\u00bb se \u00abencendieron\u00bb cuando en el gobierno estatal.. Se dieron cuenta de las quejas p\u00fablicas y medi\u00e1ticas de la Asociaci\u00f3n de Industriales, sobre la falta de transparencia en el manejo de estos recursos y que es un presupuesto millonario.. Ya que los industriales han hecho dos ruedas de prensa al respecto en los \u00faltimos tres meses.. Y, al parecer, han sido escuchados..<\/div>\n<div dir=\"auto\" style=\"text-align: justify;\"><\/div>\n<div dir=\"auto\" style=\"text-align: justify;\">Situaci\u00f3n por la cual, se comenta que la gobernadora de Veracruz citar\u00e1 a la reuni\u00f3n del Comit\u00e9 T\u00e9cnico del \u00abFondo del Futuro\u00bb para pedir explicaciones de todo lo que est\u00e1 pasando ah\u00ed.. Tanto del manejo de los recursos, as\u00ed como sus funciones del mismo Fondo dentro de la SEDECOP.. Adem\u00e1s de evaluar el trabajo realizado por los funcionarios p\u00fablicos, que est\u00e1n en este organismo que pertenece a la SEDECOP.. Por ello, se presume que PRESUNTAMENTE la mandataria estatal tomar\u00e1 decisiones y cartas en el asunto.. Tal como hace unos meses lo hizo con la Universidad Popular Aut\u00f3noma de Veracruz (UPAV)..<\/div>\n<div dir=\"auto\" style=\"text-align: justify;\"><\/div>\n<div dir=\"auto\" style=\"text-align: justify;\">En pocas palabras, se puede decir que Roc\u00edo Nahle aplicar\u00e1 ese refr\u00e1n que dice: \u00abA grandes males, grandes remedios\u00bb en torno a lo que pasa en la Ciudad Industrial de Veracruz y el Fideicomiso del \u00abFondo del Futuro\u00bb.. Por lo cual, se espera que puedan venir cambios dentro de la SEDECOP, que ayuden a los industriales de Veracruz, a que decidan instalar sus empresas en este sitio y puedan competirle a las ciudades industriales que est\u00e1n en Quer\u00e9taro y Nuevo Le\u00f3n, que son consideradas las mejores del pa\u00eds y es la altura que deben estar las industrial jarochas..<\/div>\n<div dir=\"auto\" style=\"text-align: justify;\"><\/div>\n<div dir=\"auto\" style=\"text-align: justify;\">Pero es algo que no se puede lograr.. Si los industriales y empresarios de esta Ciudad Industrial, est\u00e1n m\u00e1s preocupados por arreglar calles y avenidas de este sitio, del cual no es su funci\u00f3n, que en estar pensando como generar m\u00e1s inversi\u00f3n, que pueda ayudar en Veracruz a salir adelante del subdesarrollo econ\u00f3mico que se vive.. Sobre todo por factores externos como las crisis de inseguridad que azota en todo el pa\u00eds.. Y que por eso ella tiene que poner todo en orden.. Desde la SEDECOP y sus organismos como el \u00abFondo del Futuro\u00bb.. El buen juez por su casa empieza..<\/div>\n<div dir=\"auto\" style=\"text-align: justify;\"><\/div>\n<div dir=\"auto\" style=\"text-align: justify;\">Adem\u00e1s menciona \u00abGarganta Profunda\u00bb, que en Palacio de Gobierno hay datos precisos de la nula relaci\u00f3n entre la Asociaci\u00f3n de Industriales de la \u00abBruno Pagliai\u00bb y los directivos del \u00abFondo del Futuro\u00bb.. Mismos que han sido dados a conocer de manera p\u00fablica por los propios empresarios en una rueda de prensa, hace apenas el mes de febrero pasado.. Una relaci\u00f3n que ya est\u00e1 \u00abrota\u00bb y de la cual, la \u00fanica persona que puede resolver este asunto para que los industriales de nuevo platiquen y acuerden con las autoridades.. Es la gobernadora Roc\u00edo Nahle Garc\u00eda.. EL QUE ENTENDI\u00d3, ENTENDI\u00d3..<\/div>\n<div dir=\"auto\" style=\"text-align: justify;\"><\/div>\n<div dir=\"auto\" style=\"text-align: justify;\">PD.. De estos desencuentros y falta de entendimiento entre los industriales de \u00abBruno Pagliai\u00bb y el Fideicomiso del \u00abFondo del Futuro\u00bb.. Hay sendas denuncias penales ante la Fiscal\u00eda Anticorrupci\u00f3n en Veracruz, misma que ha abierto carpetas de investigaci\u00f3n al respecto.. Algo que fue denunciado de manera p\u00fablica por esta asociaci\u00f3n empresarial.. Donde se se\u00f1alan que ellos pagaban 48 millones de pesos anuales.. Para el mantenimiento de este sitio.. Y que esa aportaci\u00f3n la llevaban haciendo desde hace 9 a\u00f1os.. Ahora decidieron, no pagar, pedir auditor\u00eda y remoci\u00f3n de funcionarios.. Habr\u00e1 que ver en qu\u00e9 termina todo.. AMEN<\/div>\n<div id=\"x_ms-outlook-mobile-body-separator-line\" dir=\"auto\" data-applydefaultfontstyles=\"true\">\n<div dir=\"auto\" style=\"text-align: justify;\"><\/div>\n<\/div>\n","protected":false},"excerpt":{"rendered":"<p>Por: Ricardo Chua ROC\u00cdO NAHLE Y LA CIUDAD INDUSTRIAL \u00abBRUNO PAGLIAI\u00bb.. Informaci\u00f3n obtenida por \u00abGarganta Profunda\u00bb, al interior de la principal oficina de Palacio de Gobierno en Xalapa, se\u00f1alan que muy pronto las m\u00e1s alta autoridad estatal del gobierno de Veracruz.. Empezar\u00e1 a buscar un di\u00e1logo con los grupos empresariales, que est\u00e1n ubicados en la [&hellip;]<\/p>\n","protected":false},"author":1,"featured_media":6334,"comment_status":"closed","ping_status":"closed","sticky":false,"template":"","format":"standard","meta":{"_jetpack_memberships_contains_paid_content":false,"footnotes":"","jetpack_publicize_message":"","jetpack_publicize_feature_enabled":true,"jetpack_social_post_already_shared":true,"jetpack_social_options":{"image_generator_settings":{"template":"highway","default_image_id":0,"font":"","enabled":false},"version":2}},"categories":[65],"tags":[63],"class_list":["post-6333","post","type-post","status-publish","format-standard","has-post-thumbnail","hentry","category-columna","tag-ricardo-chua"],"jetpack_publicize_connections":[],"jetpack_featured_media_url":"https:\/\/revistaenfoquepolitico.com\/wp-content\/uploads\/2026\/03\/IMG-20260314-WA0006.jpg","jetpack_sharing_enabled":true,"_links":{"self":[{"href":"https:\/\/revistaenfoquepolitico.com\/index.php\/wp-json\/wp\/v2\/posts\/6333","targetHints":{"allow":["GET"]}}],"collection":[{"href":"https:\/\/revistaenfoquepolitico.com\/index.php\/wp-json\/wp\/v2\/posts"}],"about":[{"href":"https:\/\/revistaenfoquepolitico.com\/index.php\/wp-json\/wp\/v2\/types\/post"}],"author":[{"embeddable":true,"href":"https:\/\/revistaenfoquepolitico.com\/index.php\/wp-json\/wp\/v2\/users\/1"}],"replies":[{"embeddable":true,"href":"https:\/\/revistaenfoquepolitico.com\/index.php\/wp-json\/wp\/v2\/comments?post=6333"}],"version-history":[{"count":1,"href":"https:\/\/revistaenfoquepolitico.com\/index.php\/wp-json\/wp\/v2\/posts\/6333\/revisions"}],"predecessor-version":[{"id":6335,"href":"https:\/\/revistaenfoquepolitico.com\/index.php\/wp-json\/wp\/v2\/posts\/6333\/revisions\/6335"}],"wp:featuredmedia":[{"embeddable":true,"href":"https:\/\/revistaenfoquepolitico.com\/index.php\/wp-json\/wp\/v2\/media\/6334"}],"wp:attachment":[{"href":"https:\/\/revistaenfoquepolitico.com\/index.php\/wp-json\/wp\/v2\/media?parent=6333"}],"wp:term":[{"taxonomy":"category","embeddable":true,"href":"https:\/\/revistaenfoquepolitico.com\/index.php\/wp-json\/wp\/v2\/categories?post=6333"},{"taxonomy":"post_tag","embeddable":true,"href":"https:\/\/revistaenfoquepolitico.com\/index.php\/wp-json\/wp\/v2\/tags?post=6333"}],"curies":[{"name":"wp","href":"https:\/\/api.w.org\/{rel}","templated":true}]}}