{"id":6367,"date":"2026-03-15T10:36:13","date_gmt":"2026-03-15T16:36:13","guid":{"rendered":"https:\/\/revistaenfoquepolitico.com\/?p=6367"},"modified":"2026-03-15T10:36:13","modified_gmt":"2026-03-15T16:36:13","slug":"rocio-nahle-los-vives-y-el-pirata-fuente","status":"publish","type":"post","link":"https:\/\/revistaenfoquepolitico.com\/index.php\/2026\/03\/15\/rocio-nahle-los-vives-y-el-pirata-fuente\/","title":{"rendered":"ROC\u00cdO NAHLE, LOS VIVES Y EL \u00abPIRATA FUENTE\u00bb"},"content":{"rendered":"<div dir=\"auto\" data-olk-copy-source=\"MessageBody\">Por: Ricardo Chua<\/div>\n<div dir=\"auto\"><\/div>\n<div dir=\"auto\">ROC\u00cdO NAHLE, LOS VIVES Y EL \u00abPIRATA\u00bb FUENTE<\/div>\n<div dir=\"auto\"><\/div>\n<div dir=\"auto\" style=\"text-align: justify;\">Con el anuncio de que se acaba la \u00absequ\u00eda\u00bb de f\u00fatbol profesional en Veracruz.. Ya que a partir de la temporada 2026-2027 de la Liga de Expansi\u00f3n del F\u00fatbol Mexicano, se volver\u00e1 a ver rodar el bal\u00f3n en el estadio \u00abPirata\u00bb Fuente.. Y no ser\u00e1 con \u00abLos Tiburones Rojos\u00bb del Veracruz, como se hab\u00eda dicho.. Sino que ser\u00e1 con el equipo \u00abLos Piratas\u00bb del Veracruz, que es un equipo de nueva creaci\u00f3n, propiedad de los hermanos, Jos\u00e9 Carlos y Ren\u00e9 Vives, que ocupan la franquicia que antes era \u00abLos Toros\u00bb del Celaya, donde se rumora que detr\u00e1s de los empresarios Vives, est\u00e1 muy cerca el due\u00f1o del Pachuca, el papanteco, Jes\u00fas Mart\u00ednez..<\/div>\n<div dir=\"auto\" style=\"text-align: justify;\"><\/div>\n<div dir=\"auto\" style=\"text-align: justify;\">De confirmarse que todo camina al 100 por ciento, para que \u00abLos Piratas\u00bb jueguen la siguiente temporada en \u00abEl Pirata\u00bb.. Eso quiere decir, que los hermanos Vives, RESOLVIERON LAS DIFERENCIAS, que sostuvieron pol\u00edticamente con la gobernadora Roc\u00edo Nahle.. Ya que sin el aval de ella, este equipo no podr\u00eda utilizar el \u00abPirata\u00bb.. Hay que recordar que \u00abGarganta Profunda\u00bb se\u00f1al\u00f3 hace tiempo, que Jos\u00e9 Carlos y Ren\u00e9 Vives, fueron muy cercanos al gobernador Cuitl\u00e1huac Garc\u00eda. Y que estos dos empresarios veracruzanos ten\u00edan cercan\u00eda tambi\u00e9n con los altos mandos de Palacio Nacional.. As\u00ed que todo qued\u00f3 perfecto para ellos..<\/div>\n<div dir=\"auto\" style=\"text-align: justify;\"><\/div>\n<div dir=\"auto\" style=\"text-align: justify;\">Ya que independientemente del tema deportivo y de f\u00fatbol.. \u00abGarganta Profunda\u00bb comenta que, al resolverse las diferencias con Palacio de Gobierno, estos dos hermanos tienen proyectos empresariales en el sector energ\u00e9tico.. En el puerto de Alvarado, la Cuenca del Papaloapan y el Sotavento Veracruzano.. As\u00ed que si ya los dejar\u00e1n jugar en \u00abEl Pirata\u00bb, seguramente van a REACTIVAR todos esos proyectos que tienen pendientes en Veracruz en materia de inversi\u00f3n.. Porque este asunto le dar\u00eda una gran reactivaci\u00f3n econ\u00f3mica en esta zona, sin precedentes y lo ser\u00eda por muchos a\u00f1os..<\/div>\n<div dir=\"auto\" style=\"text-align: justify;\"><\/div>\n<div dir=\"auto\" style=\"text-align: justify;\">Por ello, es que se cuenta que el tema del f\u00fatbol, ser\u00eda el \u00abpuente\u00bb o un \u00abgancho\u00bb para todo ello.. Ya que seg\u00fan se sabe de que a Jos\u00e9 Carlos Vives, es un empresario, que no le gusta mucho el f\u00fatbol.. Pero es un personaje muy inteligente.. Y sabe que con este deporte, se echar\u00eda a la \u00abbolsa\u00bb a la gran mayor\u00eda de los veracruzanos.. Quienes lo conocen de cerca, comentan que Carlos Vives, es el \u00abcerebro\u00bb financiero y de negocios en esa familia.. De esa manera, puede ocupar el f\u00fatbol como una \u00abpuerta de acceso\u00bb y de resolver diferencias, como seguramente le sucede a Roc\u00edo Nahle..<\/div>\n<div dir=\"auto\" style=\"text-align: justify;\"><\/div>\n<div dir=\"auto\" style=\"text-align: justify;\">As\u00ed que mientras eso sucede.. Los Vives han logrado el acceso al \u00abPirata\u00bb Fuentes.. Para que el equipo \u00abLos Piratas\u00bb del Veracruz jueguen en ese sitio.. As\u00ed que ahora a Carlos y Ren\u00e9, lo que les queda es hacer de su club, un deportivo competitivo en la divisi\u00f3n de \u00abplata\u00bb del F\u00fatbol Mexicano.. Y posteriormente buscar el ascenso a la Primera Divisi\u00f3n de la FeMexFut.. Ya que es muy probable, que despu\u00e9s de que pase el Mundial de F\u00fatbol.. Que se \u00abdestrabe\u00bb el tema del ascenso y descenso en FMF, de esa manera este equipo podr\u00eda pelear por un lugar en el m\u00e1ximo circuito, siempre y cuando esto se acomoda..<\/div>\n<div dir=\"auto\" style=\"text-align: justify;\"><\/div>\n<div dir=\"auto\" style=\"text-align: justify;\">Por lo pronto, este asunto de los \u00abPiratas\u00bb en el \u00abPirata\u00bb ya es oficial.. Porque la Federaci\u00f3n Mexicana de F\u00fatbol, notific\u00f3 a trav\u00e9s de un comunicado a todos los clubes de la Liga de Expansi\u00f3n.. Y que la franquicia de \u00abLos Toros de Celaya\u00bb pasaba a ser de Veracruz y su sede ser\u00eda el puerto \u00abJarocho\u00bb.. De esa manera, al no tener ning\u00fan problema la franquicia.. Es que los hermanos Jos\u00e9 Carlos y Ren\u00e9 Vives, podr\u00e1n traer a este equipo al puerto \u00abjarocho\u00bb con un proyecto deportivo interesante para que ascienda a la Liga Mx..<\/div>\n<div dir=\"auto\" style=\"text-align: justify;\"><\/div>\n<div dir=\"auto\" style=\"text-align: justify;\">Pero no podr\u00e1n llamarse \u00abTiburones Rojos\u00bb.. A pesar de que los hermanos Vivas as\u00ed lo quieran o as\u00ed lo busquen.. Pero este nombre es complicado, por los temas legales que tiene el propietario del nombre del club.. \u00a0Fidel Kuri Grajales.. As\u00ed que ante esas situaciones legales, no se descarta que m\u00e1s adelante , una vez solucionado el asunto.. Los \u00abTiburones Rojos\u00bb regresen a la cancha de \u00abEl Pirata\u00bb.. Pero en este momento, son \u00abPiratas\u00bb de Veracruz, con su logotipo .. Y que ahora s\u00f3lo queda esperar el anuncio oficial con Jos\u00e9 Carlos y Ren\u00e9 Vives como due\u00f1os de este club.. Que debe ser en las pr\u00f3ximas semanas..<\/div>\n<div dir=\"auto\" style=\"text-align: justify;\"><\/div>\n<div dir=\"auto\" style=\"text-align: justify;\">De momento s\u00f3lo se sabe que Jos\u00e9 Carlos Vives, quedar\u00eda como el due\u00f1o del equipo y Ren\u00e9 ser\u00eda el presidente del equipo, que jugar\u00e1 en el Coloso del fraccionamiento Virginia, habr\u00e1 a quien le guste o no le guste, pero la realidad es que con esto, se va a REACTIVAR la econom\u00eda del lugar.. No s\u00f3lo en Veracruz-Boca del R\u00edo, sino en todo el Estado.. Porque el f\u00fatbol siempre atrae derrama econ\u00f3mica, siempre atrae turismo y le genera trabajos directos e indirectos a la sociedad.. As\u00ed que era necesario que la pelota volviera a \u00abjalar\u00bb a su equipo para llamarlos \u00abTiburones Rojos\u00bb.. AMEN,,<\/div>\n<div id=\"x_ms-outlook-mobile-body-separator-line\" dir=\"auto\" data-applydefaultfontstyles=\"true\">\n<div dir=\"auto\" style=\"text-align: justify;\"><\/div>\n<\/div>\n","protected":false},"excerpt":{"rendered":"<p>Por: Ricardo Chua ROC\u00cdO NAHLE, LOS VIVES Y EL \u00abPIRATA\u00bb FUENTE Con el anuncio de que se acaba la \u00absequ\u00eda\u00bb de f\u00fatbol profesional en Veracruz.. Ya que a partir de la temporada 2026-2027 de la Liga de Expansi\u00f3n del F\u00fatbol Mexicano, se volver\u00e1 a ver rodar el bal\u00f3n en el estadio \u00abPirata\u00bb Fuente.. Y no [&hellip;]<\/p>\n","protected":false},"author":1,"featured_media":6365,"comment_status":"closed","ping_status":"closed","sticky":false,"template":"","format":"standard","meta":{"_jetpack_memberships_contains_paid_content":false,"footnotes":"","jetpack_publicize_message":"","jetpack_publicize_feature_enabled":true,"jetpack_social_post_already_shared":true,"jetpack_social_options":{"image_generator_settings":{"template":"highway","default_image_id":0,"font":"","enabled":false},"version":2}},"categories":[65],"tags":[63],"class_list":["post-6367","post","type-post","status-publish","format-standard","has-post-thumbnail","hentry","category-columna","tag-ricardo-chua"],"jetpack_publicize_connections":[],"jetpack_featured_media_url":"https:\/\/revistaenfoquepolitico.com\/wp-content\/uploads\/2026\/03\/IMG-20260315-WA0020.jpg","jetpack_sharing_enabled":true,"_links":{"self":[{"href":"https:\/\/revistaenfoquepolitico.com\/index.php\/wp-json\/wp\/v2\/posts\/6367","targetHints":{"allow":["GET"]}}],"collection":[{"href":"https:\/\/revistaenfoquepolitico.com\/index.php\/wp-json\/wp\/v2\/posts"}],"about":[{"href":"https:\/\/revistaenfoquepolitico.com\/index.php\/wp-json\/wp\/v2\/types\/post"}],"author":[{"embeddable":true,"href":"https:\/\/revistaenfoquepolitico.com\/index.php\/wp-json\/wp\/v2\/users\/1"}],"replies":[{"embeddable":true,"href":"https:\/\/revistaenfoquepolitico.com\/index.php\/wp-json\/wp\/v2\/comments?post=6367"}],"version-history":[{"count":1,"href":"https:\/\/revistaenfoquepolitico.com\/index.php\/wp-json\/wp\/v2\/posts\/6367\/revisions"}],"predecessor-version":[{"id":6368,"href":"https:\/\/revistaenfoquepolitico.com\/index.php\/wp-json\/wp\/v2\/posts\/6367\/revisions\/6368"}],"wp:featuredmedia":[{"embeddable":true,"href":"https:\/\/revistaenfoquepolitico.com\/index.php\/wp-json\/wp\/v2\/media\/6365"}],"wp:attachment":[{"href":"https:\/\/revistaenfoquepolitico.com\/index.php\/wp-json\/wp\/v2\/media?parent=6367"}],"wp:term":[{"taxonomy":"category","embeddable":true,"href":"https:\/\/revistaenfoquepolitico.com\/index.php\/wp-json\/wp\/v2\/categories?post=6367"},{"taxonomy":"post_tag","embeddable":true,"href":"https:\/\/revistaenfoquepolitico.com\/index.php\/wp-json\/wp\/v2\/tags?post=6367"}],"curies":[{"name":"wp","href":"https:\/\/api.w.org\/{rel}","templated":true}]}}