{"id":6375,"date":"2026-03-16T18:45:10","date_gmt":"2026-03-17T00:45:10","guid":{"rendered":"https:\/\/revistaenfoquepolitico.com\/?p=6375"},"modified":"2026-03-16T18:45:10","modified_gmt":"2026-03-17T00:45:10","slug":"se-va-ricardo-ahued","status":"publish","type":"post","link":"https:\/\/revistaenfoquepolitico.com\/index.php\/2026\/03\/16\/se-va-ricardo-ahued\/","title":{"rendered":"\u00bfSE VA RICARDO AHUED?.."},"content":{"rendered":"<div dir=\"auto\" data-olk-copy-source=\"MessageBody\">Por: Ricardo Chua<\/div>\n<div dir=\"auto\"><\/div>\n<div dir=\"auto\">\u00bfSE VA RICARDO AHUED?..<\/div>\n<div dir=\"auto\"><\/div>\n<div dir=\"auto\" style=\"text-align: justify;\">Seg\u00fan informes obtenidos por \u00abGarganta Profunda\u00bb.. Derivado de la crisis pol\u00edtica que vive el partido MORENA en Xalapa, debido a que no ha despuntado el gobierno municipal de Daniela Griego.. Sumado a los conflictos internos de este partido en esa ciudad.. Adem\u00e1s de la problem\u00e1tica, que est\u00e1n viviendo de que en esos dos distritos locales y el federal, que se van a \u00abjugar\u00bb para el 2027.. Ya que NO TIENEN CANDIDATOS COMPETIDORES.. Es que la \u00fanica soluci\u00f3n, es que volver\u00edan a echar mano de Ricardo Ahued para asegurar el triunfo en la capital de Veracruz.. NO LES QUEDA DE OTRA..<\/div>\n<div dir=\"auto\" style=\"text-align: justify;\"><\/div>\n<div dir=\"auto\" style=\"text-align: justify;\">A pesar de que esta situaci\u00f3n.. No era algo que entraba en los planes del actual secretario de Gobierno de Veracruz con Roc\u00edo Nahle.. Y que tampoco ten\u00eda pensado participar en el proceso electoral federal del 2027.. Todo indica que esta situaci\u00f3n, es una decisi\u00f3n que se est\u00e1 valorando en el comit\u00e9 nacional de MORENA.. Ya que los sondeos realizados por MORENA en CDMX sobre el distrito federal de Xalapa.. Es que MORENA PIERDE esa demarcaci\u00f3n, sea cual sea el candidato, y \u00e9l \u00fanico que lo podr\u00eda ganar ser\u00eda Ahued Baralhuill.. NO HAY OTRO..<\/div>\n<div dir=\"auto\" style=\"text-align: justify;\"><\/div>\n<div dir=\"auto\" style=\"text-align: justify;\">Cuentan que el CEN de MORENA.. Tiene informes fidedignos que ning\u00fan aspirante que lance MORENA en ese distrito federal, est\u00e1 fuerte o puede ganar en esa demarcaci\u00f3n.. Ni Esteban Ram\u00edrez Zepeta, l\u00edder estatal de MORENA, tampoco Dorhenny Garc\u00eda Cayetano, diputada local, son competencia para el aspirante que pueda lanzar Movimiento Ciudadano.. Que es el partido que tiene casi, casi en sus manos ese distrito, al menos, que el candidato sea Ricardo Ahued.. Que es el \u00fanico con el que garantizan el triunfo en la capital del Estado en esa demarcaci\u00f3n federal..<\/div>\n<div dir=\"auto\" style=\"text-align: justify;\"><\/div>\n<div dir=\"auto\" style=\"text-align: justify;\">Lo que se sabe, dice \u00abGarganta Profunda\u00bb, que MORENA tiene serios problemas en el distrito local de Xalapa urbano, donde lo tendr\u00eda perdido si las elecciones fueran en este momento.. En el \u00fanico que podr\u00edan competir ser\u00eda en el distrito rural de Xalapa, dependiendo el candidato que pongan porque la posibilidad de triunfo ah\u00ed es m\u00ednima.. Mientras que en el tema de la diputaci\u00f3n federal, \u00e9l \u00fanico que le compite a MC es Ahued Barahuill.. As\u00ed de claro.. Hay que recordar que Ricardo gana en las elecciones que participa porque en la que opera para otros, pues, ha tenido serios reveses.. Ah\u00ed est\u00e1 el 2024.. AMEN..<\/div>\n<div dir=\"auto\" style=\"text-align: justify;\"><\/div>\n<div dir=\"auto\" style=\"text-align: justify;\">EL CONFLICTO EN SEDECOP..<\/div>\n<div dir=\"auto\" style=\"text-align: justify;\"><\/div>\n<div dir=\"auto\" style=\"text-align: justify;\">Cuentan al interior de Palacio de Gobierno.. Que uno de los grandes responsables de que el gobierno de Roc\u00edo Nahle, tenga conflictos con empresarios de Veracruz, como el caso de los industriales de la Ciudad Industrial \u00abBruno Pagliai\u00bb y el organismo dependiente de la Secretar\u00eda de Desarrollo Econ\u00f3mico y Portuario, llamado Fideicomiso \u00abFondo del Futuro\u00bb, es el titular de la SEDECOP, Ernesto P\u00e9rez Astorga, ya que \u00e9l lleva casi un a\u00f1o y medio en el cargo y no le ha podido RESOLVER este asunto a la gobernadora, en qui\u00e9n ella tiene depositada toda su confianza para atraer inversiones a Veracruz..<\/div>\n<div dir=\"auto\" style=\"text-align: justify;\"><\/div>\n<div dir=\"auto\" style=\"text-align: justify;\">Pero si con la Asociaci\u00f3n de Industriales de la \u00abBruno Pagliai\u00bb del puerto de Veracruz, tienen estos conflictos que NO ha podido subsanar.. Que pueden esperar, si el Fondo del Futuro depende de SEDECOP, del cual \u00e9l est\u00e1 a cargo.. Pero adem\u00e1s hay otros temas que a\u00fan P\u00e9rez Astorga mantiene a\u00fan pendientes y no se hace nada al respecto.. Tal es el caso del polo de desarrollo del puerto de Tuxpan, el cual est\u00e1 totalmente parado y sin NING\u00daN AVANCE.. Y que fue algo que Roc\u00edo Nahle dijo en campa\u00f1a en 2024 que lo iba a detonar el a\u00f1o pasado y no ha sucedido nada.. Las \u00abgrillas\u00bb en su contra est\u00e1n a todo lo que dan..<\/div>\n<div dir=\"auto\" style=\"text-align: justify;\"><\/div>\n<div dir=\"auto\" style=\"text-align: justify;\">Ya que Ernesto P\u00e9rez Astorga es la \u00abcomidilla\u00bb en las reuniones privadas y hasta p\u00fablicas o en comidas, donde se encuentran presentes miembros del sector empresarial de Veracruz.. Ya que en estas mismas, expresan que cuando la gobernadora Roc\u00edo Nahle, piense en cambios urgentes en su gabinete porque a las personas, que les ha dado su confianza, pues, no han dado el ancho como se esperaba.. Uno de los que podr\u00eda encabezar esa lista.. Podr\u00eda ser el titular de la SEDECOP.. Le se\u00f1alan que se la pasa en CDMX en el Hotel Presidente de Polanco.. Y no saben que hace tanto all\u00e1 y no en Xalapa.. EST\u00c1 CA\u00d1\u00d3N..<\/div>\n<div dir=\"auto\" style=\"text-align: justify;\"><\/div>\n<div dir=\"auto\" style=\"text-align: justify;\">RAMIRO MART\u00cdNEZ AMEZCUA, \u00bfEL ALCALDE L\u00cdDER DEL SOTAVENTO?<\/div>\n<div dir=\"auto\" style=\"text-align: justify;\"><\/div>\n<div dir=\"auto\" style=\"text-align: justify;\">Nos cuentan que dentro del Partido Verde Ecologista de M\u00e9xico (PVEM) en Veracruz.. Una de las principales sorpresas que han tenido dentro de este organismo.. Es el despegue en su labor como alcalde en el aspecto administrativo, laboral, social y pol\u00edtico de Ramiro Mart\u00ednez Amezcua, de Playa Vicente, donde se ha consolidado con un gran liderazgo en esta regi\u00f3n del Sotavento Veracruzano.. Como no pasaba hace muchos a\u00f1os.. Ya que este personaje, en vez de dedicarse a la \u00abgrilla\u00bb, se ha puesto a trabajar en estos casi 80 d\u00edas que lleva como presidente municipal.. Y ha sorprendido con resultados reales..<\/div>\n<div dir=\"auto\" style=\"text-align: justify;\"><\/div>\n<div dir=\"auto\" style=\"text-align: justify;\">Hay que recordar que Playa Vicente es un municipio netamente ganadero y agricultor.. No hay otra actividad econ\u00f3mica.. Y el alcalde Mart\u00ednez Amezcua fue uno de los primeros que implement\u00f3 medidas sanitarias pertinentes en su municipio, cuando se present\u00f3 la crisis del gusano barrenador de ganado.. Adem\u00e1s de que Amezcua ten\u00eda la experiencia porque \u00e9l es el presidente de la Uni\u00f3n Ganadera Local de esa ciudad.. Por eso, las afectaciones fueron m\u00ednimas en esa localidad con ese tema fitosanitario.. Atac\u00f3 el problema desde la ra\u00edz y los ganaderos de Playa Vicente no tuvieron graves problemas con el control del gusano..<\/div>\n<div dir=\"auto\" style=\"text-align: justify;\"><\/div>\n<div dir=\"auto\" style=\"text-align: justify;\">Adem\u00e1s proyectar\u00e1 el desarrollo econ\u00f3mico de su municipio.. Participando en la Feria Mundial del Caballo, que se llevar\u00e1 a cabo en unas semanas en Boca del R\u00edo.. Pero adem\u00e1s tambi\u00e9n ha dado resultados en tema de seguridad.. Playa Vicente, a pesar de estar ubicado en una zona con muchos problemas de violencia e inseguridad, es una ciudad l\u00edder porque en este sitio, se han acabado las extorsiones, \u00abcobro de piso\u00bb y se combate a la delincuencia con la polic\u00eda local.. Poco a poco este alcalde se va convirtiendo en el principal activo pol\u00edtico del PVEM en todo el Sotavento.. Al dar soluciones, ese es el resultado.. AMEN..<\/div>\n<div id=\"x_ms-outlook-mobile-body-separator-line\" dir=\"auto\" data-applydefaultfontstyles=\"true\">\n<div dir=\"auto\" style=\"text-align: justify;\"><\/div>\n<\/div>\n","protected":false},"excerpt":{"rendered":"<p>Por: Ricardo Chua \u00bfSE VA RICARDO AHUED?.. Seg\u00fan informes obtenidos por \u00abGarganta Profunda\u00bb.. Derivado de la crisis pol\u00edtica que vive el partido MORENA en Xalapa, debido a que no ha despuntado el gobierno municipal de Daniela Griego.. Sumado a los conflictos internos de este partido en esa ciudad.. Adem\u00e1s de la problem\u00e1tica, que est\u00e1n viviendo [&hellip;]<\/p>\n","protected":false},"author":1,"featured_media":6376,"comment_status":"closed","ping_status":"closed","sticky":false,"template":"","format":"standard","meta":{"_jetpack_memberships_contains_paid_content":false,"footnotes":"","jetpack_publicize_message":"","jetpack_publicize_feature_enabled":true,"jetpack_social_post_already_shared":true,"jetpack_social_options":{"image_generator_settings":{"template":"highway","default_image_id":0,"font":"","enabled":false},"version":2}},"categories":[65],"tags":[63],"class_list":["post-6375","post","type-post","status-publish","format-standard","has-post-thumbnail","hentry","category-columna","tag-ricardo-chua"],"jetpack_publicize_connections":[],"jetpack_featured_media_url":"https:\/\/revistaenfoquepolitico.com\/wp-content\/uploads\/2026\/03\/IMG-20260316-WA0031.jpg","jetpack_sharing_enabled":true,"_links":{"self":[{"href":"https:\/\/revistaenfoquepolitico.com\/index.php\/wp-json\/wp\/v2\/posts\/6375","targetHints":{"allow":["GET"]}}],"collection":[{"href":"https:\/\/revistaenfoquepolitico.com\/index.php\/wp-json\/wp\/v2\/posts"}],"about":[{"href":"https:\/\/revistaenfoquepolitico.com\/index.php\/wp-json\/wp\/v2\/types\/post"}],"author":[{"embeddable":true,"href":"https:\/\/revistaenfoquepolitico.com\/index.php\/wp-json\/wp\/v2\/users\/1"}],"replies":[{"embeddable":true,"href":"https:\/\/revistaenfoquepolitico.com\/index.php\/wp-json\/wp\/v2\/comments?post=6375"}],"version-history":[{"count":1,"href":"https:\/\/revistaenfoquepolitico.com\/index.php\/wp-json\/wp\/v2\/posts\/6375\/revisions"}],"predecessor-version":[{"id":6378,"href":"https:\/\/revistaenfoquepolitico.com\/index.php\/wp-json\/wp\/v2\/posts\/6375\/revisions\/6378"}],"wp:featuredmedia":[{"embeddable":true,"href":"https:\/\/revistaenfoquepolitico.com\/index.php\/wp-json\/wp\/v2\/media\/6376"}],"wp:attachment":[{"href":"https:\/\/revistaenfoquepolitico.com\/index.php\/wp-json\/wp\/v2\/media?parent=6375"}],"wp:term":[{"taxonomy":"category","embeddable":true,"href":"https:\/\/revistaenfoquepolitico.com\/index.php\/wp-json\/wp\/v2\/categories?post=6375"},{"taxonomy":"post_tag","embeddable":true,"href":"https:\/\/revistaenfoquepolitico.com\/index.php\/wp-json\/wp\/v2\/tags?post=6375"}],"curies":[{"name":"wp","href":"https:\/\/api.w.org\/{rel}","templated":true}]}}