{"id":6385,"date":"2026-03-16T19:05:50","date_gmt":"2026-03-17T01:05:50","guid":{"rendered":"https:\/\/revistaenfoquepolitico.com\/?p=6385"},"modified":"2026-03-16T19:05:50","modified_gmt":"2026-03-17T01:05:50","slug":"solicita-ayuntamiento-de-veracruz-a-familiares-de-difuntos-realizar-tramite-de-exhumacion-en-el-panteon-municipal","status":"publish","type":"post","link":"https:\/\/revistaenfoquepolitico.com\/index.php\/2026\/03\/16\/solicita-ayuntamiento-de-veracruz-a-familiares-de-difuntos-realizar-tramite-de-exhumacion-en-el-panteon-municipal\/","title":{"rendered":"SOLICITA AYUNTAMIENTO DE VERACRUZ A FAMILIARES DE DIFUNTOS, REALIZAR TR\u00c1MITE DE EXHUMACI\u00d3N EN EL PANTE\u00d3N MUNICIPAL"},"content":{"rendered":"<div dir=\"auto\" data-olk-copy-source=\"MessageBody\">15 de marzo de 2026<\/div>\n<div dir=\"auto\">Aviso Informativo<\/div>\n<div dir=\"auto\"><\/div>\n<div dir=\"auto\"><\/div>\n<div dir=\"auto\" style=\"text-align: justify;\">*Solicita Ayuntamiento de Veracruz a familiares de difuntos, realizar tr\u00e1mite de exhumaci\u00f3n en el Pante\u00f3n Municipal*<\/div>\n<div dir=\"auto\" style=\"text-align: justify;\"><\/div>\n<div dir=\"auto\" style=\"text-align: justify;\">***Concluy\u00f3 el periodo de resguardo para registros del a\u00f1o 2018 y de enero\u2013febrero de 2019<\/div>\n<div dir=\"auto\" style=\"text-align: justify;\"><\/div>\n<div dir=\"auto\" style=\"text-align: justify;\"><\/div>\n<div dir=\"auto\" style=\"text-align: justify;\">Debido a que los espacios funerarios con registros del a\u00f1o 2018 y de enero\u2013febrero de 2019 han concluido su periodo de resguardo, el Ayuntamiento de Veracruz solicita a familiares o responsables de restos humanos, presentarse en las oficinas del Pante\u00f3n Municipal para realizar el tr\u00e1mite de exhumaci\u00f3n correspondiente.<\/div>\n<div dir=\"auto\" style=\"text-align: justify;\"><\/div>\n<div dir=\"auto\" style=\"text-align: justify;\"><img loading=\"lazy\" decoding=\"async\" class=\"alignleft size-medium wp-image-6380\" src=\"https:\/\/revistaenfoquepolitico.com\/wp-content\/uploads\/2026\/03\/IMG-20260315-WA0244-300x200.jpg\" alt=\"\" width=\"300\" height=\"200\" srcset=\"https:\/\/revistaenfoquepolitico.com\/wp-content\/uploads\/2026\/03\/IMG-20260315-WA0244-300x200.jpg 300w, https:\/\/revistaenfoquepolitico.com\/wp-content\/uploads\/2026\/03\/IMG-20260315-WA0244-1024x683.jpg 1024w, https:\/\/revistaenfoquepolitico.com\/wp-content\/uploads\/2026\/03\/IMG-20260315-WA0244-768x512.jpg 768w, https:\/\/revistaenfoquepolitico.com\/wp-content\/uploads\/2026\/03\/IMG-20260315-WA0244.jpg 1280w\" sizes=\"auto, (max-width: 300px) 100vw, 300px\" \/>La direcci\u00f3n Municipal de Panteones informa que para la atenci\u00f3n de este tr\u00e1mite ser\u00e1 necesario presentar identificaci\u00f3n oficial vigente (INE) y la ficha de identidad del espacio funerario, documentos indispensables para dar seguimiento al procedimiento administrativo.<\/div>\n<div dir=\"auto\" style=\"text-align: justify;\"><\/div>\n<div dir=\"auto\" style=\"text-align: justify;\">Se exhorta a las y los responsables a acudir a la mayor brevedad posible, ya que conforme a la normativa vigente, ha concluido el plazo para realizar este procedimiento, y poder mantener una adecuada administraci\u00f3n de los espacios disponibles en el cementerio.<\/div>\n<div id=\"x_ms-outlook-mobile-body-separator-line\" dir=\"auto\" data-applydefaultfontstyles=\"true\">\n<div dir=\"auto\" style=\"text-align: justify;\"><\/div>\n<\/div>\n","protected":false},"excerpt":{"rendered":"<p>15 de marzo de 2026 Aviso Informativo *Solicita Ayuntamiento de Veracruz a familiares de difuntos, realizar tr\u00e1mite de exhumaci\u00f3n en el Pante\u00f3n Municipal* ***Concluy\u00f3 el periodo de resguardo para registros del a\u00f1o 2018 y de enero\u2013febrero de 2019 Debido a que los espacios funerarios con registros del a\u00f1o 2018 y de enero\u2013febrero de 2019 han [&hellip;]<\/p>\n","protected":false},"author":1,"featured_media":6377,"comment_status":"closed","ping_status":"closed","sticky":false,"template":"","format":"standard","meta":{"_jetpack_memberships_contains_paid_content":false,"footnotes":"","jetpack_publicize_message":"","jetpack_publicize_feature_enabled":true,"jetpack_social_post_already_shared":true,"jetpack_social_options":{"image_generator_settings":{"template":"highway","default_image_id":0,"font":"","enabled":false},"version":2}},"categories":[4],"tags":[72],"class_list":["post-6385","post","type-post","status-publish","format-standard","has-post-thumbnail","hentry","category-noticia-politica","tag-rosa-maria-presidenta-de-veracruz"],"jetpack_publicize_connections":[],"jetpack_featured_media_url":"https:\/\/revistaenfoquepolitico.com\/wp-content\/uploads\/2026\/03\/IMG-20260315-WA0243.jpg","jetpack_sharing_enabled":true,"_links":{"self":[{"href":"https:\/\/revistaenfoquepolitico.com\/index.php\/wp-json\/wp\/v2\/posts\/6385","targetHints":{"allow":["GET"]}}],"collection":[{"href":"https:\/\/revistaenfoquepolitico.com\/index.php\/wp-json\/wp\/v2\/posts"}],"about":[{"href":"https:\/\/revistaenfoquepolitico.com\/index.php\/wp-json\/wp\/v2\/types\/post"}],"author":[{"embeddable":true,"href":"https:\/\/revistaenfoquepolitico.com\/index.php\/wp-json\/wp\/v2\/users\/1"}],"replies":[{"embeddable":true,"href":"https:\/\/revistaenfoquepolitico.com\/index.php\/wp-json\/wp\/v2\/comments?post=6385"}],"version-history":[{"count":1,"href":"https:\/\/revistaenfoquepolitico.com\/index.php\/wp-json\/wp\/v2\/posts\/6385\/revisions"}],"predecessor-version":[{"id":6386,"href":"https:\/\/revistaenfoquepolitico.com\/index.php\/wp-json\/wp\/v2\/posts\/6385\/revisions\/6386"}],"wp:featuredmedia":[{"embeddable":true,"href":"https:\/\/revistaenfoquepolitico.com\/index.php\/wp-json\/wp\/v2\/media\/6377"}],"wp:attachment":[{"href":"https:\/\/revistaenfoquepolitico.com\/index.php\/wp-json\/wp\/v2\/media?parent=6385"}],"wp:term":[{"taxonomy":"category","embeddable":true,"href":"https:\/\/revistaenfoquepolitico.com\/index.php\/wp-json\/wp\/v2\/categories?post=6385"},{"taxonomy":"post_tag","embeddable":true,"href":"https:\/\/revistaenfoquepolitico.com\/index.php\/wp-json\/wp\/v2\/tags?post=6385"}],"curies":[{"name":"wp","href":"https:\/\/api.w.org\/{rel}","templated":true}]}}