{"id":6394,"date":"2026-03-18T20:01:55","date_gmt":"2026-03-19T02:01:55","guid":{"rendered":"https:\/\/revistaenfoquepolitico.com\/?p=6394"},"modified":"2026-03-18T20:01:55","modified_gmt":"2026-03-19T02:01:55","slug":"oposicion-sin-coalicion-en-veracruz","status":"publish","type":"post","link":"https:\/\/revistaenfoquepolitico.com\/index.php\/2026\/03\/18\/oposicion-sin-coalicion-en-veracruz\/","title":{"rendered":"OPOSICI\u00d3N SIN COALICI\u00d3N EN VERACRUZ.."},"content":{"rendered":"<div dir=\"auto\" style=\"text-align: justify;\" data-olk-copy-source=\"MessageBody\">Por: Ricardo Chua<\/div>\n<div dir=\"auto\" style=\"text-align: justify;\"><\/div>\n<div dir=\"auto\" style=\"text-align: justify;\">OPOSICI\u00d3N SIN COALICI\u00d3N EN VERACRUZ..<\/div>\n<div dir=\"auto\" style=\"text-align: justify;\"><\/div>\n<div dir=\"auto\" style=\"text-align: justify;\">Por m\u00e1s esfuerzos desesperados que hagan dirigentes pol\u00edticos de partidos de oposici\u00f3n en Veracruz.. Para lograr conjuntar sus fuerzas y conformar una alianza opositora, que enfrente a la coalici\u00f3n que va a conformar la 4T en Veracruz, por lo menos entre MORENA y PVEM, para enfrentar las elecciones locales en 2027.. Est\u00e1, por desgracia, NO SE PODR\u00c1 ARMAR O AFIANZAR porque en los comit\u00e9s nacionales de estos partidos opositores (PAN y Movimiento Ciudadano) no tienen ninguna intenci\u00f3n de que esta se conforme legalmente para el pr\u00f3ximo proceso electoral local en Veracruz..<\/div>\n<div dir=\"auto\" style=\"text-align: justify;\"><\/div>\n<div dir=\"auto\" style=\"text-align: justify;\">Los argumentos han sido muchos y variados.. Como de que en otros estados, esos partidos que piden hacer coalici\u00f3n en Veracruz, son los rivales a vencer.. Que si el PAN no conf\u00eda en el PRI y en vez de sumar, les resta.. Que si MC puede perder Nuevo Le\u00f3n en manos del PRI.. Que en Veracruz, MC es el partido \u00abesquirol\u00bb de MORENA.. Que el PAN s\u00f3lo se preocupa en Veracruz de sus cargos v\u00eda plurinominales, por eso no hace coalici\u00f3n.. De que todos tienen acuerdos en Palacio de Gobierno o Palacio Legislativo.. Esas y \u00abmil linduras\u00bb m\u00e1s son las versiones que suenan para no llevarla a cabo..<\/div>\n<div dir=\"auto\" style=\"text-align: justify;\"><\/div>\n<div dir=\"auto\" style=\"text-align: justify;\">Pero en concreto, no hay manera de formar esa alianza opositora.. De esa manera, es probable que la pr\u00f3xima elecci\u00f3n a diputados locales en Veracruz.. Se presentar\u00e1 s\u00f3lo con una coalici\u00f3n, que ser\u00eda la de MORENA y el PVEM.. Ya que el PT la \u00abjugar\u00eda\u00bb s\u00f3lo en este proceso electoral local.. Lo mismo pasar\u00eda con el PAN y MC.. Y al PRI no le quedar\u00eda de otra, que \u00abjugarla\u00bb de manera solitaria.. No se ve qui\u00e9n le \u00abhaga eco\u00bb de conformar una coalici\u00f3n.. No, al menos, a la vista.. Y a pesar de todo ello, la oposici\u00f3n tiene posibilidades de triunfo en 10 distritos electorales locales de los 30 que tiene Veracruz..<\/div>\n<div dir=\"auto\" style=\"text-align: justify;\"><\/div>\n<div dir=\"auto\" style=\"text-align: justify;\">Pero los intereses de partido y particulares a nivel nacional y estatal siempre pesan m\u00e1s, que el bien com\u00fan y de tener un frente opositor en contra de MORENA, para que no tengan el control absoluto del Congreso del Estado, como lo han tenido los \u00faltimos 8 a\u00f1os.. Por eso, lo que se espera, es que este pr\u00f3ximo a\u00f1o, que sea la elecci\u00f3n, no exista la coalici\u00f3n.. No hay condiciones, hay otros acuerdos, sus dirigentes nacionales y uno que otro en el Estado, no quieren hacer esa alianza en Veracruz.. Y en pol\u00edtica, las casualidades no existen.. Ya que tampoco quieren revocaci\u00f3n de mandato de la Presidenta.. EL QUE ENTENDI\u00d3, ENTENDI\u00d3<\/div>\n<div dir=\"auto\" style=\"text-align: justify;\"><\/div>\n<div dir=\"auto\" style=\"text-align: justify;\">LA RUTA DE MARYJOSE GAMBOA..<\/div>\n<div dir=\"auto\" style=\"text-align: justify;\"><\/div>\n<div dir=\"auto\" style=\"text-align: justify;\">Independiente de la labor destacada que ha tenido en estos casi 80 d\u00edas, que lleg\u00f3 a la presidencia municipal de Boca del R\u00edo, Maryjose Gamboa Torales, que le ha permitido enfrentar un \u00abvendaval\u00bb de acciones para mantener a este municipio, como el principal activo econ\u00f3mico y tur\u00edstico de la entidad veracruzana.. La alcaldesa panista sabe bien que le tiene que \u00abcaminar y gastar la suela\u00bb a\u00fan m\u00e1s para mantener la aceptaci\u00f3n alta que hoy tiene en esa ciudad.. Que ha sido reconocida en propios sondeos en empresas encuestadoras muy afines al partido MORENA..<\/div>\n<div dir=\"auto\" style=\"text-align: justify;\"><\/div>\n<div dir=\"auto\" style=\"text-align: justify;\">Por eso, Gamboa Torales dej\u00f3 \u00abmudos\u00bb a sus cr\u00edticos m\u00e1s ac\u00e9rrimos.. Cuando al inicio de su administraci\u00f3n, que muchos esperaban fuera de enfrentamientos pol\u00edticos y medi\u00e1ticos, contra otras autoridades locales por ser de un partido distinto al suyo.. Utiliz\u00f3 la CIVILIDAD POL\u00cdTICA Y GUBERNAMENTAL para empezar a trabajar en pro de la ciudadan\u00eda boque\u00f1a.. De la mano de los otros gobiernos.. Por ello, su trato con la gobernadora Roc\u00edo Nahle es de cordialidad y respeto.. Con su hom\u00f3loga del puerto de Veracruz, Rosa Mar\u00eda Hern\u00e1ndez Espejo es de apoyo mutuo.. La conurbaci\u00f3n as\u00ed lo exige.. Y as\u00ed est\u00e1n trabajando..<\/div>\n<div dir=\"auto\" style=\"text-align: justify;\"><\/div>\n<div dir=\"auto\" style=\"text-align: justify;\">Eso ha generado grandes expectativas para el municipio de Boca del R\u00edo.. Ya que se espera al paso de los meses y los siguientes a\u00f1os, que est\u00e9 Maryjose Gamboa y Roc\u00edo Nahle en ambos gobiernos.. Puedan hacer todas la obra p\u00fablica y social, que necesita esta ciudad para sacarla de los \u00faltimos rezagos que pueda tener.. Para que se convierta en un ayuntamiento 100 por ciento urbanizado.. Y eso se lo agradecer\u00e1n los boque\u00f1os.. Finalmente la alcaldesa anda caminando todos los d\u00edas en la ciudad para ir resolviendo esas necesidades.. Y eso se resuelve en \u00abtierra\u00bb.. No s\u00f3lo con \u00abaire.. Y eso lo sabe bien la alcaldesa boque\u00f1a..<\/div>\n<div dir=\"auto\" style=\"text-align: justify;\"><\/div>\n<div dir=\"auto\" style=\"text-align: justify;\">As\u00ed que la ruta de Maryjose Gamboa es esa.. La del trabajo diario para dar resultados a Boca del R\u00edo.. Que finalmente dio su voto de confianza para que los gobernara.. Muchos llegaron a pensar que su car\u00e1cter firme, le iba a provocar \u00abfisuras\u00bb en relaciones pol\u00edticas con otras autoridades.. Pero fue todo lo contrario, la civilidad provoc\u00f3 que afianzar\u00e1 acuerdos de gobierno.. La mun\u00edcipe panista sabe que a\u00fan tiene que caminar m\u00e1s.. Pero ella conoce bien esta plaza pol\u00edtica, que es la m\u00e1s intensa del estado y ha construido su propio capital p\u00fablico.. Que seguro crecer\u00e1 a\u00fan m\u00e1s en Boca del R\u00edo.. AMEN<\/div>\n<div dir=\"auto\" style=\"text-align: justify;\"><\/div>\n<div dir=\"auto\" style=\"text-align: justify;\">PABLO CABALLERO, EL OTRO BOQUE\u00d1O..<\/div>\n<div dir=\"auto\" style=\"text-align: justify;\"><\/div>\n<div dir=\"auto\" style=\"text-align: justify;\">Uno de los personajes que est\u00e1 dando resultados en Boca del R\u00edo, es el regidor Pablo Caballero P\u00e9rez, quien al ser postulado por Movimiento Ciudadano.. Se ha dedicado a trabajar en su cargo desde que lleg\u00f3 el pasado 1 de enero. Sin \u00abgrillas palaciegas\u00bb u otra forma de distracci\u00f3n que pudieran \u00abempa\u00f1ar\u00bb el cargo que ahora desempe\u00f1a en el ayuntamiento boque\u00f1o.. Est\u00e1 trabajando a la par de la alcaldesa, Marijose Gamboa, con quien se le ha visto una relaci\u00f3n profesional de respeto mutuo.. Pese a que ambos militan en distintos partidos.. Pero el trabajar juntos, el beneficio es para la ciudadan\u00eda..<\/div>\n<div dir=\"auto\" style=\"text-align: justify;\"><\/div>\n<div dir=\"auto\" style=\"text-align: justify;\">Caballero se ha distinguido por ir laborando en su cargo de regidor.. Atendiendo necesidades de las personas o instituciones m\u00e1s necesitadas de la ciudad.. Ayudando con su \u00abgrano de arena\u00bb para beneficiar a Boca del R\u00edo.. Atendiendo sobre todo las solicitudes del mantenimiento escolar en algunas escuelas boque\u00f1as, siendo su regidur\u00eda un canal efectivo para resolver las necesidades prioritarias en las instituciones educativas.. De esa manera, los que ganan son los estudiantes a los cuales se les resuelven las necesidades.. En pol\u00edtica, cuando no te confrontas das mejores resultados.. Bien por Pablo Caballero.. AMEN<\/div>\n<div id=\"x_ms-outlook-mobile-body-separator-line\" dir=\"auto\" data-applydefaultfontstyles=\"true\">\n<div dir=\"auto\" style=\"text-align: justify;\"><\/div>\n<\/div>\n","protected":false},"excerpt":{"rendered":"<p>Por: Ricardo Chua OPOSICI\u00d3N SIN COALICI\u00d3N EN VERACRUZ.. Por m\u00e1s esfuerzos desesperados que hagan dirigentes pol\u00edticos de partidos de oposici\u00f3n en Veracruz.. Para lograr conjuntar sus fuerzas y conformar una alianza opositora, que enfrente a la coalici\u00f3n que va a conformar la 4T en Veracruz, por lo menos entre MORENA y PVEM, para enfrentar las [&hellip;]<\/p>\n","protected":false},"author":1,"featured_media":6395,"comment_status":"closed","ping_status":"closed","sticky":false,"template":"","format":"standard","meta":{"_jetpack_memberships_contains_paid_content":false,"footnotes":"","jetpack_publicize_message":"","jetpack_publicize_feature_enabled":true,"jetpack_social_post_already_shared":true,"jetpack_social_options":{"image_generator_settings":{"template":"highway","default_image_id":0,"font":"","enabled":false},"version":2}},"categories":[65],"tags":[63],"class_list":["post-6394","post","type-post","status-publish","format-standard","has-post-thumbnail","hentry","category-columna","tag-ricardo-chua"],"jetpack_publicize_connections":[],"jetpack_featured_media_url":"https:\/\/revistaenfoquepolitico.com\/wp-content\/uploads\/2026\/03\/IMG-20260318-WA0012.jpg","jetpack_sharing_enabled":true,"_links":{"self":[{"href":"https:\/\/revistaenfoquepolitico.com\/index.php\/wp-json\/wp\/v2\/posts\/6394","targetHints":{"allow":["GET"]}}],"collection":[{"href":"https:\/\/revistaenfoquepolitico.com\/index.php\/wp-json\/wp\/v2\/posts"}],"about":[{"href":"https:\/\/revistaenfoquepolitico.com\/index.php\/wp-json\/wp\/v2\/types\/post"}],"author":[{"embeddable":true,"href":"https:\/\/revistaenfoquepolitico.com\/index.php\/wp-json\/wp\/v2\/users\/1"}],"replies":[{"embeddable":true,"href":"https:\/\/revistaenfoquepolitico.com\/index.php\/wp-json\/wp\/v2\/comments?post=6394"}],"version-history":[{"count":1,"href":"https:\/\/revistaenfoquepolitico.com\/index.php\/wp-json\/wp\/v2\/posts\/6394\/revisions"}],"predecessor-version":[{"id":6396,"href":"https:\/\/revistaenfoquepolitico.com\/index.php\/wp-json\/wp\/v2\/posts\/6394\/revisions\/6396"}],"wp:featuredmedia":[{"embeddable":true,"href":"https:\/\/revistaenfoquepolitico.com\/index.php\/wp-json\/wp\/v2\/media\/6395"}],"wp:attachment":[{"href":"https:\/\/revistaenfoquepolitico.com\/index.php\/wp-json\/wp\/v2\/media?parent=6394"}],"wp:term":[{"taxonomy":"category","embeddable":true,"href":"https:\/\/revistaenfoquepolitico.com\/index.php\/wp-json\/wp\/v2\/categories?post=6394"},{"taxonomy":"post_tag","embeddable":true,"href":"https:\/\/revistaenfoquepolitico.com\/index.php\/wp-json\/wp\/v2\/tags?post=6394"}],"curies":[{"name":"wp","href":"https:\/\/api.w.org\/{rel}","templated":true}]}}