{"id":6424,"date":"2026-03-18T21:20:24","date_gmt":"2026-03-19T03:20:24","guid":{"rendered":"https:\/\/revistaenfoquepolitico.com\/?p=6424"},"modified":"2026-03-18T21:20:24","modified_gmt":"2026-03-19T03:20:24","slug":"atiende-ayuntamiento-de-medellin-de-bravo-a-vecinos-de-los-robles-evitan-bloqueo-carretero","status":"publish","type":"post","link":"https:\/\/revistaenfoquepolitico.com\/index.php\/2026\/03\/18\/atiende-ayuntamiento-de-medellin-de-bravo-a-vecinos-de-los-robles-evitan-bloqueo-carretero\/","title":{"rendered":"ATIENDE AYUNTAMIENTO DE MEDELL\u00cdN DE BRAVO A VECINOS DE LOS ROBLES; EVITAN BLOQUEO CARRETERO"},"content":{"rendered":"<div dir=\"auto\">Medell\u00edn de Bravo, Veracruz., 18 de marzo de 2026<\/div>\n<div dir=\"auto\"><\/div>\n<div dir=\"auto\" style=\"text-align: justify;\">El H. Ayuntamiento de Medell\u00edn de Bravo, a trav\u00e9s de la Direcci\u00f3n de Gobernaci\u00f3n, atendi\u00f3 de manera oportuna a vecinos de la localidad de Los Robles, quienes manifestaban inconformidad ante la falta de energ\u00eda el\u00e9ctrica que se prolong\u00f3 por varias horas.<\/div>\n<div dir=\"auto\" style=\"text-align: justify;\"><\/div>\n<div dir=\"auto\" style=\"text-align: justify;\"><img loading=\"lazy\" decoding=\"async\" class=\"alignleft size-medium wp-image-6425\" src=\"https:\/\/revistaenfoquepolitico.com\/wp-content\/uploads\/2026\/03\/IMG-20260318-WA0252-225x300.jpg\" alt=\"\" width=\"225\" height=\"300\" srcset=\"https:\/\/revistaenfoquepolitico.com\/wp-content\/uploads\/2026\/03\/IMG-20260318-WA0252-225x300.jpg 225w, https:\/\/revistaenfoquepolitico.com\/wp-content\/uploads\/2026\/03\/IMG-20260318-WA0252-768x1024.jpg 768w, https:\/\/revistaenfoquepolitico.com\/wp-content\/uploads\/2026\/03\/IMG-20260318-WA0252.jpg 960w\" sizes=\"auto, (max-width: 225px) 100vw, 225px\" \/>Ante esta situaci\u00f3n, habitantes de la zona amagaban con realizar el cierre de la carretera Paso del Toro\u2013Alvarado como medida de presi\u00f3n. Sin embargo, gracias a la intervenci\u00f3n inmediata del director de Gobernaci\u00f3n, Santos \u00c1lvarez, se logr\u00f3 entablar el di\u00e1logo con los ciudadanos y evitar afectaciones mayores a la circulaci\u00f3n.<\/div>\n<div dir=\"auto\" style=\"text-align: justify;\"><\/div>\n<div dir=\"auto\" style=\"text-align: justify;\">Derivado de las gestiones realizadas y la coordinaci\u00f3n con la Comisi\u00f3n Federal de Electricidad (CFE), se brind\u00f3 pronta atenci\u00f3n al problema, restableciendo el servicio el\u00e9ctrico y devolviendo la calma a la <img loading=\"lazy\" decoding=\"async\" class=\"alignright size-medium wp-image-6429\" src=\"https:\/\/revistaenfoquepolitico.com\/wp-content\/uploads\/2026\/03\/IMG-20260318-WA0256-300x225.jpg\" alt=\"\" width=\"300\" height=\"225\" srcset=\"https:\/\/revistaenfoquepolitico.com\/wp-content\/uploads\/2026\/03\/IMG-20260318-WA0256-300x225.jpg 300w, https:\/\/revistaenfoquepolitico.com\/wp-content\/uploads\/2026\/03\/IMG-20260318-WA0256-1024x768.jpg 1024w, https:\/\/revistaenfoquepolitico.com\/wp-content\/uploads\/2026\/03\/IMG-20260318-WA0256-768x576.jpg 768w, https:\/\/revistaenfoquepolitico.com\/wp-content\/uploads\/2026\/03\/IMG-20260318-WA0256.jpg 1280w\" sizes=\"auto, (max-width: 300px) 100vw, 300px\" \/>comunidad.<\/div>\n<div dir=\"auto\" style=\"text-align: justify;\"><\/div>\n<div dir=\"auto\" style=\"text-align: justify;\">El alcalde Samuel Acosta Mart\u00ednez y el H. Ayuntamiento de Medell\u00edn de Bravo reiteran su compromiso de atender de manera cercana y eficaz las necesidades de la ciudadan\u00eda, privilegiando siempre el di\u00e1logo y la soluci\u00f3n pac\u00edfica de los conflictos.<\/div>\n<div dir=\"auto\" style=\"text-align: justify;\"><img loading=\"lazy\" decoding=\"async\" class=\"aligncenter size-medium wp-image-6426\" src=\"https:\/\/revistaenfoquepolitico.com\/wp-content\/uploads\/2026\/03\/IMG-20260318-WA0253-225x300.jpg\" alt=\"\" width=\"225\" height=\"300\" srcset=\"https:\/\/revistaenfoquepolitico.com\/wp-content\/uploads\/2026\/03\/IMG-20260318-WA0253-225x300.jpg 225w, https:\/\/revistaenfoquepolitico.com\/wp-content\/uploads\/2026\/03\/IMG-20260318-WA0253-768x1024.jpg 768w, https:\/\/revistaenfoquepolitico.com\/wp-content\/uploads\/2026\/03\/IMG-20260318-WA0253.jpg 960w\" sizes=\"auto, (max-width: 225px) 100vw, 225px\" \/><\/div>\n<div dir=\"auto\"><\/div>\n<div dir=\"auto\"><img loading=\"lazy\" decoding=\"async\" class=\"aligncenter size-medium wp-image-6428\" src=\"https:\/\/revistaenfoquepolitico.com\/wp-content\/uploads\/2026\/03\/IMG-20260318-WA0255-225x300.jpg\" alt=\"\" width=\"225\" height=\"300\" srcset=\"https:\/\/revistaenfoquepolitico.com\/wp-content\/uploads\/2026\/03\/IMG-20260318-WA0255-225x300.jpg 225w, https:\/\/revistaenfoquepolitico.com\/wp-content\/uploads\/2026\/03\/IMG-20260318-WA0255-768x1024.jpg 768w, https:\/\/revistaenfoquepolitico.com\/wp-content\/uploads\/2026\/03\/IMG-20260318-WA0255.jpg 960w\" sizes=\"auto, (max-width: 225px) 100vw, 225px\" \/><\/div>\n","protected":false},"excerpt":{"rendered":"<p>Medell\u00edn de Bravo, Veracruz., 18 de marzo de 2026 El H. Ayuntamiento de Medell\u00edn de Bravo, a trav\u00e9s de la Direcci\u00f3n de Gobernaci\u00f3n, atendi\u00f3 de manera oportuna a vecinos de la localidad de Los Robles, quienes manifestaban inconformidad ante la falta de energ\u00eda el\u00e9ctrica que se prolong\u00f3 por varias horas. Ante esta situaci\u00f3n, habitantes de [&hellip;]<\/p>\n","protected":false},"author":1,"featured_media":6427,"comment_status":"closed","ping_status":"closed","sticky":false,"template":"","format":"standard","meta":{"_jetpack_memberships_contains_paid_content":false,"footnotes":"","jetpack_publicize_message":"","jetpack_publicize_feature_enabled":true,"jetpack_social_post_already_shared":true,"jetpack_social_options":{"image_generator_settings":{"template":"highway","default_image_id":0,"font":"","enabled":false},"version":2}},"categories":[4],"tags":[73],"class_list":["post-6424","post","type-post","status-publish","format-standard","has-post-thumbnail","hentry","category-noticia-politica","tag-samuel-acosta-alcalde-de-medellin"],"jetpack_publicize_connections":[],"jetpack_featured_media_url":"https:\/\/revistaenfoquepolitico.com\/wp-content\/uploads\/2026\/03\/IMG-20260318-WA0254.jpg","jetpack_sharing_enabled":true,"_links":{"self":[{"href":"https:\/\/revistaenfoquepolitico.com\/index.php\/wp-json\/wp\/v2\/posts\/6424","targetHints":{"allow":["GET"]}}],"collection":[{"href":"https:\/\/revistaenfoquepolitico.com\/index.php\/wp-json\/wp\/v2\/posts"}],"about":[{"href":"https:\/\/revistaenfoquepolitico.com\/index.php\/wp-json\/wp\/v2\/types\/post"}],"author":[{"embeddable":true,"href":"https:\/\/revistaenfoquepolitico.com\/index.php\/wp-json\/wp\/v2\/users\/1"}],"replies":[{"embeddable":true,"href":"https:\/\/revistaenfoquepolitico.com\/index.php\/wp-json\/wp\/v2\/comments?post=6424"}],"version-history":[{"count":1,"href":"https:\/\/revistaenfoquepolitico.com\/index.php\/wp-json\/wp\/v2\/posts\/6424\/revisions"}],"predecessor-version":[{"id":6430,"href":"https:\/\/revistaenfoquepolitico.com\/index.php\/wp-json\/wp\/v2\/posts\/6424\/revisions\/6430"}],"wp:featuredmedia":[{"embeddable":true,"href":"https:\/\/revistaenfoquepolitico.com\/index.php\/wp-json\/wp\/v2\/media\/6427"}],"wp:attachment":[{"href":"https:\/\/revistaenfoquepolitico.com\/index.php\/wp-json\/wp\/v2\/media?parent=6424"}],"wp:term":[{"taxonomy":"category","embeddable":true,"href":"https:\/\/revistaenfoquepolitico.com\/index.php\/wp-json\/wp\/v2\/categories?post=6424"},{"taxonomy":"post_tag","embeddable":true,"href":"https:\/\/revistaenfoquepolitico.com\/index.php\/wp-json\/wp\/v2\/tags?post=6424"}],"curies":[{"name":"wp","href":"https:\/\/api.w.org\/{rel}","templated":true}]}}