{"id":6433,"date":"2026-03-19T22:19:31","date_gmt":"2026-03-20T04:19:31","guid":{"rendered":"https:\/\/revistaenfoquepolitico.com\/?p=6433"},"modified":"2026-03-19T22:19:31","modified_gmt":"2026-03-20T04:19:31","slug":"winckler-lisbeth-aurelia-y-la-fge","status":"publish","type":"post","link":"https:\/\/revistaenfoquepolitico.com\/index.php\/2026\/03\/19\/winckler-lisbeth-aurelia-y-la-fge\/","title":{"rendered":"WINCKLER, LISBETH AURELIA Y LA FGE.."},"content":{"rendered":"<div id=\"x_ms-outlook-mobile-body-separator-line\" dir=\"auto\" data-applydefaultfontstyles=\"true\">\n<div dir=\"auto\" data-olk-copy-source=\"MessageBody\"><strong>Por: Ricardo Chua<\/strong><\/div>\n<div dir=\"auto\"><\/div>\n<div dir=\"auto\"><strong>WINCKLER, LISBETH AURELIA Y LA FGE..<\/strong><\/div>\n<div dir=\"auto\"><\/div>\n<div dir=\"auto\" style=\"text-align: justify;\">En Veracruz, tierra de rumores, versiones y chismes.. Y otras mil \u00ablinduras\u00bb m\u00e1s.. \u00a0Muchos dicen que el caso donde est\u00e1 implicado el ex Fiscal de Veracruz, Jorge Winckler, el cual lo mantendr\u00e1 preso por un a\u00f1o m\u00e1s, en prisi\u00f3n preventiva, porque la Fiscal\u00eda General del Estado, le imput\u00f3 otros delitos como: Ejercicio indebido del servicio p\u00fablico, abuso de autoridad y tr\u00e1fico de influencias.. Se debe a una VENGANZA POL\u00cdTICA.. Pero otros se\u00f1alan que esas imputaciones son porque el ex titular de la FGE, si INCUMPLI\u00d3 acciones legales para quedarse en el cargo.. No arregl\u00f3 esos temas en su momento y ahora paga las consecuencias..<\/div>\n<div dir=\"auto\" style=\"text-align: justify;\"><\/div>\n<div dir=\"auto\" style=\"text-align: justify;\"><strong>\u00abGarganta Profunda\u00bb<\/strong> se enter\u00f3 de que la situaci\u00f3n legal por lo cual, al ex Fiscal le volvieron a dictar una prisi\u00f3n preventiva, por lo cual quedar\u00e1 preso hasta que se resuelva estas carpetas de investigaci\u00f3n.. Se debe a que Winckler, PRESUNTAMENTE no present\u00f3 las pruebas de confiabilidad y por lo tanto NO PAS\u00d3 los ex\u00e1menes de control y confianza, que le exigen a todo aquel que ocupe el cargo de Fiscal General de un Estado, en el Centro de Evaluaci\u00f3n y Control de Confianza del Servicio de Protecci\u00f3n Federal.. Al no presentarlo, no cumpli\u00f3 con los requisitos de ingreso y permanencia en la FGE.. Y por eso, se le imputan estos delitos..<\/div>\n<div dir=\"auto\" style=\"text-align: justify;\"><\/div>\n<div dir=\"auto\" style=\"text-align: justify;\"><strong>Seg\u00fan lo que dice \u00abGarganta Profunda\u00bb<\/strong> es que ex Fiscal, no hizo los ex\u00e1menes que te aplican en CDMX las dependencias federales y que son psicol\u00f3gicos, m\u00e9dicos, poligr\u00e1ficos, toxicol\u00f3gicos y socioecon\u00f3micos.. Adem\u00e1s de referencias sociales y financieras de toda la vida privada y p\u00fablica.. Al no hacerlo, incumpli\u00f3 con la ley de servidores p\u00fablicos en su caso y se derivaron los otros delitos.. Pero como un grupo pol\u00edtico af\u00edn estaba en el poder.. No se procedi\u00f3 en consecuencia y as\u00ed se mantuvo por m\u00e1s de 2 a\u00f1os en el cargo de Fiscal General.. Hasta que fue quitado del cargo por el Congreso del Estado.. Lo dem\u00e1s es historia..<\/div>\n<div dir=\"auto\" style=\"text-align: justify;\"><\/div>\n<div dir=\"auto\" style=\"text-align: justify;\"><strong>Lo que si le mencionaron a \u00abGarganta Profunda\u00bb..<\/strong> Que esos ex\u00e1menes de control y confianza.. Los tuvo que haber presentado cuando lleg\u00f3 al cargo en 2017, donde todav\u00eda era un gobierno federal emanado del PRI con Enrique Pe\u00f1a Nieto, no de la 4T y por lo tanto, las sanciones y delitos los cometi\u00f3 en esos a\u00f1os, PRESUNTAMENTE, por lo cual se\u00f1ala que a esto NO SE LE PUEDE LLAMAR VENGANZA POL\u00cdTICA s\u00f3lo le est\u00e1n aplicando la ley y por ello, hay abierta una carpeta de investigaci\u00f3n para que la FGE determine realmente qu\u00e9 pas\u00f3 con este caso y todo se transparente para la aplicaci\u00f3n de la justicia..<\/div>\n<div dir=\"auto\" style=\"text-align: justify;\"><\/div>\n<div dir=\"auto\" style=\"text-align: justify;\"><strong>Motivo por el cual, \u00abGarganta Profunda\u00bb<\/strong> a\u00f1ade que de acuerdo a la informaci\u00f3n, que posee.. Es que el ex titular de la FGE para \u00abcumplir\u00bb con este requisito legal, que le ped\u00edan para quedar a cargo de la Fiscal\u00eda, \u00e9l mismo se someti\u00f3 a estos ex\u00e1menes en el Centro de Evaluaci\u00f3n y Control de Confianza de la Fiscal\u00eda General del Estado de Veracruz.. Donde los pas\u00f3 sin problema alguno, aprobando su permanencia en la FGE.. Pero el conflicto, ahora, es que este no era el organismo legal donde ten\u00eda que haberlos presentado.. Y por ello es que actualmente se le imputan delitos por ese asunto..<\/div>\n<div dir=\"auto\" style=\"text-align: justify;\"><\/div>\n<div dir=\"auto\" style=\"text-align: justify;\"><strong>Ya que al hacerlo<\/strong> en un centro que depend\u00eda de la FGE.. Y ocupar a subordinados para realizar dichos ex\u00e1menes para evaluarlo y con ello quedarse como Fiscal.. Jorge \u00abN\u00bb era \u00abjuez y parte\u00bb.. Por ello, es que hoy se le investiga por este caso.. Esto debido a que \u00e9l tuvo que haber acudido al organismo federal para realizarlos porque es un requisito de ley, no s\u00f3lo para el que sea titular de la FGE en Veracruz si no que tambi\u00e9n lo deben hacer todos los dem\u00e1s fiscales estatales.. Si pasan los ex\u00e1menes, los ratifican en su cargo.. Caso contrario son retirados de la Fiscal\u00eda estatal.. Ah\u00ed est\u00e1 el meollo del asunto..<\/div>\n<div dir=\"auto\" style=\"text-align: justify;\"><\/div>\n<div dir=\"auto\" style=\"text-align: justify;\"><strong>Por esa raz\u00f3n<\/strong>, la ahora Fiscal de Veracruz, Lisbeth Aurelia Jim\u00e9nez Aguirre.. Ayer mismo por la tarde, despu\u00e9s de conocerse medi\u00e1ticamente que al ex Fiscal le imputan otros delitos y que por ello se queda en prisi\u00f3n.. Ella anunci\u00f3 tambi\u00e9n en sus redes sociales, que acababa de cumplir con la realizaci\u00f3n de estos ex\u00e1menes de control y confianza ante el organismo federal.. Y que ella no tuvo problema alguno al aprobarlos y que por eso, cumpli\u00f3 de manera institucional con esos requisitos legales para quedarse en el cargo.. EL BUEN JUEZ POR SU CASA EMPIEZA..<\/div>\n<div dir=\"auto\" style=\"text-align: justify;\"><\/div>\n<div dir=\"auto\" style=\"text-align: justify;\"><strong>En lo pol\u00edtico de esta historia.. \u00abGarganta Profunda\u00bb<\/strong> se\u00f1ala que el hecho de que Winckler no present\u00f3 ante organismos federales sus ex\u00e1menes como Fiscal de Veracruz.. Fue el argumento legal, que necesit\u00f3 el gobierno de la 4T en Veracruz a cargo de Cuitl\u00e1huac Garc\u00eda.. Para que el entonces secretario de Gobierno, Eric Cisneros Burgos, operar\u00e1 con legisladores locales de MORENA, la salida de Jorge Winckler, en 2019, desde el Congreso Local.. Provocando que se volviera un presunto pr\u00f3fugo de la ley.. Hasta su detenci\u00f3n en 2022 en Oaxaca..<\/div>\n<div dir=\"auto\" style=\"text-align: justify;\"><\/div>\n<div dir=\"auto\" style=\"text-align: justify;\"><strong>Con ese argumento<\/strong> legal fue la manera que la 4T de Cuitl\u00e1huac Garc\u00eda.. Logr\u00f3 deshacerse de la figura de Jorge Winclker, que era un personaje que hab\u00eda llegado en el gobierno de Miguel \u00c1ngel Yunes Linares como gobernador a la Fiscal\u00eda.. Pero que a la llegada de Cuitl\u00e1huac Garc\u00eda al gobierno, fue visto como persona \u00abNo grata\u00bb.. Y buscaron \u00abreventarlo\u00bb de mil maneras.. Winckler resisti\u00f3 hasta donde pudo, pero un s\u00f3lo hombre no puede contra el sistema.. Y al final fue retirado del cargo y asumi\u00f3 el cargo Ver\u00f3nica Hern\u00e1ndez.. Lo dem\u00e1s, repetimos, es historia.. Pero esto es una \u00abnovela\u00bb que tiene continuaci\u00f3n.. <strong>AMEN..<\/strong><\/div>\n<div dir=\"auto\"><img loading=\"lazy\" decoding=\"async\" class=\"aligncenter size-medium wp-image-6434\" src=\"https:\/\/revistaenfoquepolitico.com\/wp-content\/uploads\/2026\/03\/IMG-20260319-WA0018-300x228.jpg\" alt=\"\" width=\"300\" height=\"228\" srcset=\"https:\/\/revistaenfoquepolitico.com\/wp-content\/uploads\/2026\/03\/IMG-20260319-WA0018-300x228.jpg 300w, https:\/\/revistaenfoquepolitico.com\/wp-content\/uploads\/2026\/03\/IMG-20260319-WA0018-1024x777.jpg 1024w, https:\/\/revistaenfoquepolitico.com\/wp-content\/uploads\/2026\/03\/IMG-20260319-WA0018-768x583.jpg 768w, https:\/\/revistaenfoquepolitico.com\/wp-content\/uploads\/2026\/03\/IMG-20260319-WA0018-1536x1165.jpg 1536w, https:\/\/revistaenfoquepolitico.com\/wp-content\/uploads\/2026\/03\/IMG-20260319-WA0018.jpg 1600w\" sizes=\"auto, (max-width: 300px) 100vw, 300px\" \/><\/div>\n<\/div>\n","protected":false},"excerpt":{"rendered":"<p>Por: Ricardo Chua WINCKLER, LISBETH AURELIA Y LA FGE.. En Veracruz, tierra de rumores, versiones y chismes.. Y otras mil \u00ablinduras\u00bb m\u00e1s.. \u00a0Muchos dicen que el caso donde est\u00e1 implicado el ex Fiscal de Veracruz, Jorge Winckler, el cual lo mantendr\u00e1 preso por un a\u00f1o m\u00e1s, en prisi\u00f3n preventiva, porque la Fiscal\u00eda General del Estado, [&hellip;]<\/p>\n","protected":false},"author":1,"featured_media":6434,"comment_status":"closed","ping_status":"closed","sticky":false,"template":"","format":"standard","meta":{"_jetpack_memberships_contains_paid_content":false,"footnotes":"","jetpack_publicize_message":"","jetpack_publicize_feature_enabled":true,"jetpack_social_post_already_shared":true,"jetpack_social_options":{"image_generator_settings":{"template":"highway","default_image_id":0,"font":"","enabled":false},"version":2}},"categories":[65],"tags":[63],"class_list":["post-6433","post","type-post","status-publish","format-standard","has-post-thumbnail","hentry","category-columna","tag-ricardo-chua"],"jetpack_publicize_connections":[],"jetpack_featured_media_url":"https:\/\/revistaenfoquepolitico.com\/wp-content\/uploads\/2026\/03\/IMG-20260319-WA0018.jpg","jetpack_sharing_enabled":true,"_links":{"self":[{"href":"https:\/\/revistaenfoquepolitico.com\/index.php\/wp-json\/wp\/v2\/posts\/6433","targetHints":{"allow":["GET"]}}],"collection":[{"href":"https:\/\/revistaenfoquepolitico.com\/index.php\/wp-json\/wp\/v2\/posts"}],"about":[{"href":"https:\/\/revistaenfoquepolitico.com\/index.php\/wp-json\/wp\/v2\/types\/post"}],"author":[{"embeddable":true,"href":"https:\/\/revistaenfoquepolitico.com\/index.php\/wp-json\/wp\/v2\/users\/1"}],"replies":[{"embeddable":true,"href":"https:\/\/revistaenfoquepolitico.com\/index.php\/wp-json\/wp\/v2\/comments?post=6433"}],"version-history":[{"count":1,"href":"https:\/\/revistaenfoquepolitico.com\/index.php\/wp-json\/wp\/v2\/posts\/6433\/revisions"}],"predecessor-version":[{"id":6439,"href":"https:\/\/revistaenfoquepolitico.com\/index.php\/wp-json\/wp\/v2\/posts\/6433\/revisions\/6439"}],"wp:featuredmedia":[{"embeddable":true,"href":"https:\/\/revistaenfoquepolitico.com\/index.php\/wp-json\/wp\/v2\/media\/6434"}],"wp:attachment":[{"href":"https:\/\/revistaenfoquepolitico.com\/index.php\/wp-json\/wp\/v2\/media?parent=6433"}],"wp:term":[{"taxonomy":"category","embeddable":true,"href":"https:\/\/revistaenfoquepolitico.com\/index.php\/wp-json\/wp\/v2\/categories?post=6433"},{"taxonomy":"post_tag","embeddable":true,"href":"https:\/\/revistaenfoquepolitico.com\/index.php\/wp-json\/wp\/v2\/tags?post=6433"}],"curies":[{"name":"wp","href":"https:\/\/api.w.org\/{rel}","templated":true}]}}