{"id":6446,"date":"2026-03-20T23:35:26","date_gmt":"2026-03-21T05:35:26","guid":{"rendered":"https:\/\/revistaenfoquepolitico.com\/?p=6446"},"modified":"2026-03-20T23:35:26","modified_gmt":"2026-03-21T05:35:26","slug":"morena-en-veracruz-sin-delegado-nacional","status":"publish","type":"post","link":"https:\/\/revistaenfoquepolitico.com\/index.php\/2026\/03\/20\/morena-en-veracruz-sin-delegado-nacional\/","title":{"rendered":"MORENA EN VERACRUZ, SIN DELEGADO NACIONAL.."},"content":{"rendered":"<div dir=\"auto\" data-olk-copy-source=\"MessageBody\">Por: Ricardo Chua<\/div>\n<div dir=\"auto\"><\/div>\n<div dir=\"auto\">MORENA EN VERACRUZ, SIN DELEGADO NACIONAL..<\/div>\n<div dir=\"auto\"><\/div>\n<div dir=\"auto\" style=\"text-align: justify;\">Ya ha pasado m\u00e1s de un a\u00f1o y por lo que se ve.. Ning\u00fan pol\u00edtico del comit\u00e9 nacional de MORENA en CDMX.. Se quiere comprometer a aceptar el cargo de delegado nacional de este partido en Veracruz.. Se sabe que desde el 2024, este organismo pol\u00edtico en el poder, no tiene nombrado a ning\u00fan delegado del CEN de MORENA en Veracruz.. Este cargo, se encuentra ac\u00e9falo pero tampoco es que sea tan necesario.. S\u00f3lo que ese delegado, es el \u00abpuente\u00bb entre el comit\u00e9 nacional y la dirigencia estatal.. Pero, al parecer, todo lo resuelve Esteban Ram\u00edrez Zepeta con Luisa Mar\u00eda Alcalde, de manera directa..<\/div>\n<div dir=\"auto\" style=\"text-align: justify;\"><\/div>\n<div dir=\"auto\" style=\"text-align: justify;\">Sin embargo, dentro de las versiones que corren en CDMX, es que en Veracruz no hay delegado nacional porque en este partido.. Cada grupo se maneja a su antojo, nadie le hace caso a nadie y s\u00f3lo siguen la directriz de Palacio Nacional o Palacio de Gobierno.. Las corrientes o los grupos al interior de MORENA.. No entienden de liderazgos partidistas o de orden institucional en un partido.. A todos se sienten iguales y a todos tratan por igual.. Las jerarqu\u00edas no importan.. Por eso, un delegado nacional en Veracruz tampoco es de mucho inter\u00e9s.. S\u00f3lo por el salario..<\/div>\n<div dir=\"auto\" style=\"text-align: justify;\"><\/div>\n<div dir=\"auto\" style=\"text-align: justify;\">Pero tambi\u00e9n hay una versi\u00f3n m\u00e1s real, que se maneja directamente desde MORENA Veracruz con algunos actores pol\u00edticos del mismo partido, que se encuentran dentro de la c\u00e1mara de diputados federales y del Senado.. Y esta versi\u00f3n se basa principalmente en que de varios de esos personajes, a los que les han ofrecido este cargo desde el CEN.. Muchos han declinado venir a Veracruz.. Esto debido a que en la elecci\u00f3n del 2027, si bien es cierto que podr\u00edan ganar muchos distritos electorales federales.. Tambi\u00e9n es una realidad que la 4T puede perder un buen n\u00famero de demarcaciones en la entidad..<\/div>\n<div dir=\"auto\" style=\"text-align: justify;\"><\/div>\n<div dir=\"auto\" style=\"text-align: justify;\">As\u00ed que ante ese posible escenario pol\u00edtico en 2027 en la entidad, nadie quiere ser el que d\u00e9 la cara para dar explicaciones cuando eso suceda y echarse encima esta responsabilidad.. Se sabe que de los 19 distritos electorales federales con los que cuenta Veracruz, al menos, 9 a 8 est\u00e1n en riesgo de perder.. De esos, al menos, 6 tienen serios conflictos para ser derrotados por la oposici\u00f3n el pr\u00f3ximo a\u00f1o.. Hay otros 3, los cuales est\u00e1n m\u00e1s que re\u00f1idos, pero tambi\u00e9n se pueden perder..<\/div>\n<div dir=\"auto\" style=\"text-align: justify;\"><\/div>\n<div dir=\"auto\" style=\"text-align: justify;\">Lo cual, de presentarse, esto podr\u00eda ser una \u00abhecatombe\u00bb para MORENA porque en la elecci\u00f3n del 2024, s\u00f3lo perdieron un distrito electoral federal, que fue el de Boca del R\u00edo.. Y si pierden 8 o 9, eso s\u00ed ser\u00eda un verdadero desastre pol\u00edtico para el gobierno federal.. Ya que podr\u00edan ver \u00abtruncado\u00bb el proyecto de la 4T desde el poder legislativo.. Y eso es lo desean evitar a toda costa.. Motivo por el cual, es que cada vez toma m\u00e1s fuerza la versi\u00f3n.. De que, al menos, de aqu\u00ed hasta la elecci\u00f3n del 2027, Veracruz no tendr\u00e1 delegado nacional en su partido..<\/div>\n<div dir=\"auto\" style=\"text-align: justify;\"><\/div>\n<div dir=\"auto\" style=\"text-align: justify;\">Todo debido a que esto podr\u00eda ser un escenario poco halagador para MORENA en Veracruz, en su elecci\u00f3n federal, por ello es que nadie quiere hacerse cargo de la delegaci\u00f3n nacional de MORENA en la entidad.. Qu\u00e9 cara tendr\u00edan que poner, cuando le informen a Luisa Mar\u00eda Alcalde, dirigente nacional, de esos posibles resultados.. Y si les hablan de Palacio Nacional y luego de Palacio de Gobierno.. Qu\u00e9 explicaci\u00f3n podr\u00edan dar al respecto.. Por eso, se dice que en CDMX o Veracruz, no hay un valiente que quiera ese cargo para luego dar la cara ante una posible derrota..<\/div>\n<div dir=\"auto\" style=\"text-align: justify;\"><\/div>\n<div dir=\"auto\" style=\"text-align: justify;\">Ya que por lo general, cuando se presenta un escenario electoral as\u00ed, se vuelve adverso para el partido o grupo pol\u00edtico en el poder.. El encargado de dar esas noticias y en cierta forma explicar alg\u00fan escenario de derrota de esta elecci\u00f3n, es el personaje que queda marcado por esos fracasos porque, al final, \u00e9l era el representante del organismo a nivel nacional en esta entidad.. Por lo que los reclamos le pueden venir por todos lados.. Esa situaci\u00f3n, es la que dicen, complica que cualquier personaje de CDMX se quiera \u00abaventar\u00bb ese \u00abpaquete\u00bb.. Ya que muchos aspiran seguir con carreras pol\u00edticas dentro de la 4T..<\/div>\n<div dir=\"auto\" style=\"text-align: justify;\"><\/div>\n<div dir=\"auto\" style=\"text-align: justify;\">REFLEXI\u00d3N.. Si este escenario de derrotas electorales en varios distritos, de las 19 demarcaciones federales que hay en Veracruz.. Est\u00e1 contemplado que este escenario pueda presentarse en el proceso electoral federal del pr\u00f3ximo a\u00f1o.. Dentro del CEN de MORENA, no hay un -suicida- pol\u00edtico que se quiera venir a echar esa responsabilidad encima en la entidad.. Sobre todo porque en MORENA no perdonan nada y como ah\u00ed nadie tiene la culpa de nada, los culpables siempre son otros.. Los mismos pol\u00edticos de MORENA ya lo saben.. Y la realidad es que nadie se quiere arriesgar.. \u00bfPara qu\u00e9?.. \u00bfSirve de algo?.. AMEN..<\/div>\n<div id=\"x_ms-outlook-mobile-body-separator-line\" dir=\"auto\" style=\"text-align: justify;\" data-applydefaultfontstyles=\"true\"><\/div>\n","protected":false},"excerpt":{"rendered":"<p>Por: Ricardo Chua MORENA EN VERACRUZ, SIN DELEGADO NACIONAL.. Ya ha pasado m\u00e1s de un a\u00f1o y por lo que se ve.. Ning\u00fan pol\u00edtico del comit\u00e9 nacional de MORENA en CDMX.. Se quiere comprometer a aceptar el cargo de delegado nacional de este partido en Veracruz.. Se sabe que desde el 2024, este organismo pol\u00edtico [&hellip;]<\/p>\n","protected":false},"author":1,"featured_media":6447,"comment_status":"closed","ping_status":"closed","sticky":false,"template":"","format":"standard","meta":{"_jetpack_memberships_contains_paid_content":false,"footnotes":"","jetpack_publicize_message":"","jetpack_publicize_feature_enabled":true,"jetpack_social_post_already_shared":true,"jetpack_social_options":{"image_generator_settings":{"template":"highway","default_image_id":0,"font":"","enabled":false},"version":2}},"categories":[65],"tags":[63],"class_list":["post-6446","post","type-post","status-publish","format-standard","has-post-thumbnail","hentry","category-columna","tag-ricardo-chua"],"jetpack_publicize_connections":[],"jetpack_featured_media_url":"https:\/\/revistaenfoquepolitico.com\/wp-content\/uploads\/2026\/03\/IMG-20260320-WA0017.jpg","jetpack_sharing_enabled":true,"_links":{"self":[{"href":"https:\/\/revistaenfoquepolitico.com\/index.php\/wp-json\/wp\/v2\/posts\/6446","targetHints":{"allow":["GET"]}}],"collection":[{"href":"https:\/\/revistaenfoquepolitico.com\/index.php\/wp-json\/wp\/v2\/posts"}],"about":[{"href":"https:\/\/revistaenfoquepolitico.com\/index.php\/wp-json\/wp\/v2\/types\/post"}],"author":[{"embeddable":true,"href":"https:\/\/revistaenfoquepolitico.com\/index.php\/wp-json\/wp\/v2\/users\/1"}],"replies":[{"embeddable":true,"href":"https:\/\/revistaenfoquepolitico.com\/index.php\/wp-json\/wp\/v2\/comments?post=6446"}],"version-history":[{"count":1,"href":"https:\/\/revistaenfoquepolitico.com\/index.php\/wp-json\/wp\/v2\/posts\/6446\/revisions"}],"predecessor-version":[{"id":6448,"href":"https:\/\/revistaenfoquepolitico.com\/index.php\/wp-json\/wp\/v2\/posts\/6446\/revisions\/6448"}],"wp:featuredmedia":[{"embeddable":true,"href":"https:\/\/revistaenfoquepolitico.com\/index.php\/wp-json\/wp\/v2\/media\/6447"}],"wp:attachment":[{"href":"https:\/\/revistaenfoquepolitico.com\/index.php\/wp-json\/wp\/v2\/media?parent=6446"}],"wp:term":[{"taxonomy":"category","embeddable":true,"href":"https:\/\/revistaenfoquepolitico.com\/index.php\/wp-json\/wp\/v2\/categories?post=6446"},{"taxonomy":"post_tag","embeddable":true,"href":"https:\/\/revistaenfoquepolitico.com\/index.php\/wp-json\/wp\/v2\/tags?post=6446"}],"curies":[{"name":"wp","href":"https:\/\/api.w.org\/{rel}","templated":true}]}}