{"id":6471,"date":"2026-03-21T09:24:47","date_gmt":"2026-03-21T15:24:47","guid":{"rendered":"https:\/\/revistaenfoquepolitico.com\/?p=6471"},"modified":"2026-03-21T09:24:47","modified_gmt":"2026-03-21T15:24:47","slug":"pfm-cumplimenta-orden-de-aprehension-contra-una-persona-por-portacion-de-arma-contra-la-salud-y-vehiculo-robado","status":"publish","type":"post","link":"https:\/\/revistaenfoquepolitico.com\/index.php\/2026\/03\/21\/pfm-cumplimenta-orden-de-aprehension-contra-una-persona-por-portacion-de-arma-contra-la-salud-y-vehiculo-robado\/","title":{"rendered":"PFM CUMPLIMENTA ORDEN DE APREHENSI\u00d3N CONTRA UNA PERSONA POR PORTACI\u00d3N DE ARMA, CONTRA LA SALUD Y VEH\u00cdCULO ROBADO"},"content":{"rendered":"<div dir=\"auto\" data-olk-copy-source=\"MessageBody\">Comunicado FGR DPE\/1227\/2026<\/div>\n<div dir=\"auto\">Veracruz, Veracruz, 20 de marzo de 2026<\/div>\n<div dir=\"auto\" aria-hidden=\"true\"><\/div>\n<div dir=\"auto\">PFM CUMPLIMENTA ORDEN DE APREHENSI\u00d3N CONTRA UNA PERSONA POR PORTACI\u00d3N DE ARMA, CONTRA LA SALUD Y VEH\u00cdCULO ROBADO<\/div>\n<div dir=\"auto\" aria-hidden=\"true\"><\/div>\n<div dir=\"auto\" style=\"text-align: justify;\">La Fiscal\u00eda General de la Rep\u00fablica (FGR) a trav\u00e9s de la Fiscal\u00eda Especializada de Control Regional (FECOR) en el estado de Veracruz, cumpliment\u00f3 una orden de aprehensi\u00f3n con detenido, contra una persona, por la probable comisi\u00f3n de los delitos de portaci\u00f3n de arma de fuego de uso exclusivo de las Fuerzas Armadas, delito contra la salud y utilizaci\u00f3n de veh\u00edculo robado.<\/div>\n<div dir=\"auto\" style=\"text-align: justify;\">De acuerdo con las investigaciones, elementos de la Fuerza Civil detuvieron a Badir \u201cN\u201d en el municipio de Paso del Macho, cuando viajaba a bordo de un veh\u00edculo que ten\u00eda reporte de robo.<\/div>\n<div dir=\"auto\" style=\"text-align: justify;\"><\/div>\n<div dir=\"auto\" style=\"text-align: justify;\"><img loading=\"lazy\" decoding=\"async\" class=\"alignleft size-medium wp-image-6472\" src=\"https:\/\/revistaenfoquepolitico.com\/wp-content\/uploads\/2026\/03\/IMG-20260320-WA0271-225x300.jpg\" alt=\"\" width=\"225\" height=\"300\" srcset=\"https:\/\/revistaenfoquepolitico.com\/wp-content\/uploads\/2026\/03\/IMG-20260320-WA0271-225x300.jpg 225w, https:\/\/revistaenfoquepolitico.com\/wp-content\/uploads\/2026\/03\/IMG-20260320-WA0271.jpg 432w\" sizes=\"auto, (max-width: 225px) 100vw, 225px\" \/>Al momento de su detenci\u00f3n, las autoridades le aseguraron un arma larga con un cargador, 30 cartuchos \u00fatiles, un kilo 297 gramos de marihuana, 13 placas bal\u00edsticas, siete cascos bal\u00edsticos y dos chalecos t\u00e1cticos pixelados.<\/div>\n<div dir=\"auto\" style=\"text-align: justify;\"><\/div>\n<div dir=\"auto\" style=\"text-align: justify;\">El Juzgador especializado en el Sistema Penal Acusatorio en el estado de Veracruz libr\u00f3 un mandamiento judicial en contra de Badir \u201cN\u201d, por la comisi\u00f3n de los delitos referidos y elementos de la Polic\u00eda Federal Ministerial lograron ubicarlo en la localidad La Candelaria, municipio de Medell\u00edn, Veracruz, para ponerlo a disposici\u00f3n del juez que lo requer\u00eda.<\/div>\n<div dir=\"auto\" style=\"text-align: justify;\"><\/div>\n<div dir=\"auto\" style=\"text-align: justify;\">A la persona mencionada en este comunicado se le presume inocente, mientras no exista sentencia condenatoria emitida por la autoridad judicial competente.<\/div>\n<div dir=\"auto\" style=\"text-align: justify;\"><\/div>\n<div dir=\"auto\" style=\"text-align: justify;\">Con estas acciones la FGR reafirma el compromiso con la sociedad para la investigaci\u00f3n y persecuci\u00f3n de los delitos en materia federal, por lo que se invita a la ciudadan\u00eda a que denuncie las 24 horas de los 365 d\u00edas del a\u00f1o, de forma presencial o an\u00f3nima, en las instalaciones de la Fiscal\u00eda General de la Rep\u00fablica en el estado de Veracruz, con domicilio en Av. J.B. Lobos n\u00famero 684, Colonia Reserva territorial \u201cEl Coyol\u201d, C.P. 91779, Veracruz, Ver, tel\u00e9fono 2299896334, correo electr\u00f3nico vua.veracruz@fgr.org.mx.<\/div>\n<div id=\"x_ms-outlook-mobile-body-separator-line\" dir=\"auto\" data-applydefaultfontstyles=\"true\">\n<div dir=\"auto\" style=\"text-align: justify;\"><\/div>\n<\/div>\n","protected":false},"excerpt":{"rendered":"<p>Comunicado FGR DPE\/1227\/2026 Veracruz, Veracruz, 20 de marzo de 2026 PFM CUMPLIMENTA ORDEN DE APREHENSI\u00d3N CONTRA UNA PERSONA POR PORTACI\u00d3N DE ARMA, CONTRA LA SALUD Y VEH\u00cdCULO ROBADO La Fiscal\u00eda General de la Rep\u00fablica (FGR) a trav\u00e9s de la Fiscal\u00eda Especializada de Control Regional (FECOR) en el estado de Veracruz, cumpliment\u00f3 una orden de aprehensi\u00f3n [&hellip;]<\/p>\n","protected":false},"author":1,"featured_media":6125,"comment_status":"closed","ping_status":"closed","sticky":false,"template":"","format":"standard","meta":{"_jetpack_memberships_contains_paid_content":false,"footnotes":"","jetpack_publicize_message":"","jetpack_publicize_feature_enabled":true,"jetpack_social_post_already_shared":true,"jetpack_social_options":{"image_generator_settings":{"template":"highway","default_image_id":0,"font":"","enabled":false},"version":2}},"categories":[6],"tags":[62],"class_list":["post-6471","post","type-post","status-publish","format-standard","has-post-thumbnail","hentry","category-noticia-policiaca","tag-fgr"],"jetpack_publicize_connections":[],"jetpack_featured_media_url":"https:\/\/revistaenfoquepolitico.com\/wp-content\/uploads\/2026\/03\/IMG-20260302-WA0131.jpg","jetpack_sharing_enabled":true,"_links":{"self":[{"href":"https:\/\/revistaenfoquepolitico.com\/index.php\/wp-json\/wp\/v2\/posts\/6471","targetHints":{"allow":["GET"]}}],"collection":[{"href":"https:\/\/revistaenfoquepolitico.com\/index.php\/wp-json\/wp\/v2\/posts"}],"about":[{"href":"https:\/\/revistaenfoquepolitico.com\/index.php\/wp-json\/wp\/v2\/types\/post"}],"author":[{"embeddable":true,"href":"https:\/\/revistaenfoquepolitico.com\/index.php\/wp-json\/wp\/v2\/users\/1"}],"replies":[{"embeddable":true,"href":"https:\/\/revistaenfoquepolitico.com\/index.php\/wp-json\/wp\/v2\/comments?post=6471"}],"version-history":[{"count":1,"href":"https:\/\/revistaenfoquepolitico.com\/index.php\/wp-json\/wp\/v2\/posts\/6471\/revisions"}],"predecessor-version":[{"id":6473,"href":"https:\/\/revistaenfoquepolitico.com\/index.php\/wp-json\/wp\/v2\/posts\/6471\/revisions\/6473"}],"wp:featuredmedia":[{"embeddable":true,"href":"https:\/\/revistaenfoquepolitico.com\/index.php\/wp-json\/wp\/v2\/media\/6125"}],"wp:attachment":[{"href":"https:\/\/revistaenfoquepolitico.com\/index.php\/wp-json\/wp\/v2\/media?parent=6471"}],"wp:term":[{"taxonomy":"category","embeddable":true,"href":"https:\/\/revistaenfoquepolitico.com\/index.php\/wp-json\/wp\/v2\/categories?post=6471"},{"taxonomy":"post_tag","embeddable":true,"href":"https:\/\/revistaenfoquepolitico.com\/index.php\/wp-json\/wp\/v2\/tags?post=6471"}],"curies":[{"name":"wp","href":"https:\/\/api.w.org\/{rel}","templated":true}]}}