{"id":6593,"date":"2026-03-26T22:06:45","date_gmt":"2026-03-27T04:06:45","guid":{"rendered":"https:\/\/revistaenfoquepolitico.com\/?p=6593"},"modified":"2026-03-26T22:06:45","modified_gmt":"2026-03-27T04:06:45","slug":"pfm-cumplimenta-orden-de-reaprehension-contra-una-persona-por-portacion-de-arma-de-uso-de-las-fuerzas-armadas","status":"publish","type":"post","link":"https:\/\/revistaenfoquepolitico.com\/index.php\/2026\/03\/26\/pfm-cumplimenta-orden-de-reaprehension-contra-una-persona-por-portacion-de-arma-de-uso-de-las-fuerzas-armadas\/","title":{"rendered":"PFM CUMPLIMENTA ORDEN DE REAPREHENSI\u00d3N CONTRA UNA PERSONA POR PORTACI\u00d3N DE ARMA DE USO DE LAS FUERZAS ARMADAS"},"content":{"rendered":"<div dir=\"auto\" data-olk-copy-source=\"MessageBody\">Comunicado FGR DPE\/1305\/2026<\/div>\n<div dir=\"auto\">Veracruz, Veracruz, 25 de marzo de 2026<\/div>\n<div dir=\"auto\" aria-hidden=\"true\"><\/div>\n<div dir=\"auto\" aria-hidden=\"true\"><\/div>\n<div dir=\"auto\" style=\"text-align: justify;\">PFM CUMPLIMENTA ORDEN DE REAPREHENSI\u00d3N CONTRA UNA PERSONA POR PORTACI\u00d3N DE ARMA DE USO DE LAS FUERZAS ARMADAS<\/div>\n<div dir=\"auto\" style=\"text-align: justify;\" aria-hidden=\"true\"><\/div>\n<div dir=\"auto\" style=\"text-align: justify;\">La Fiscal\u00eda General de la Rep\u00fablica (FGR) a trav\u00e9s de su Fiscal\u00eda Especializada de Control Regional (FECOR) en el estado de Veracruz, por conducto de elementos de la Polic\u00eda Federal Ministerial (PFM), cumpliment\u00f3 una orden de reaprehensi\u00f3n contra Edgar \u201cN\u201d, por la comisi\u00f3n del delito de portaci\u00f3n de arma de fuego de uso exclusivo del Ej\u00e9rcito, Armada y Fuerza A\u00e9rea, en el municipio de La Antigua, Veracruz.<\/div>\n<div dir=\"auto\" style=\"text-align: justify;\"><\/div>\n<div dir=\"auto\" style=\"text-align: justify;\">De acuerdo con la carpeta de investigaci\u00f3n, iniciada el 29 enero de 2017, derivado de la detenci\u00f3n de Edgar \u201cN\u201d, por elementos de la Secretar\u00eda de Seguridad P\u00fablica, en la carretera Poza Rica- Veracruz, a la altura del kil\u00f3metro 233 + 500, en el tramo Cardel- Veracruz, en donde las autoridades aseguraron un veh\u00edculo, un arma tipo escuadra con cargador abastecido con siete cartuchos \u00fatiles al calibre y en audiencia inicial, el fiscal federal obtuvo de un juez federal, vinculaci\u00f3n a proceso en contra del imputado.<\/div>\n<div dir=\"auto\" style=\"text-align: justify;\"><\/div>\n<div dir=\"auto\" style=\"text-align: justify;\"><img loading=\"lazy\" decoding=\"async\" class=\"alignleft size-medium wp-image-6594\" src=\"https:\/\/revistaenfoquepolitico.com\/wp-content\/uploads\/2026\/03\/IMG-20260325-WA0213-225x300.jpg\" alt=\"\" width=\"225\" height=\"300\" srcset=\"https:\/\/revistaenfoquepolitico.com\/wp-content\/uploads\/2026\/03\/IMG-20260325-WA0213-225x300.jpg 225w, https:\/\/revistaenfoquepolitico.com\/wp-content\/uploads\/2026\/03\/IMG-20260325-WA0213.jpg 432w\" sizes=\"auto, (max-width: 225px) 100vw, 225px\" \/>El juez de control orden\u00f3 como medida cautelar presentaci\u00f3n peri\u00f3dica ante la autoridad y la exhibici\u00f3n de una garant\u00eda econ\u00f3mica, sin embargo, en audiencia de revisi\u00f3n del cumplimiento de medidas cautelares, a la cual no se present\u00f3 el imputado, el juez decret\u00f3 sustracci\u00f3n de la justicia y gir\u00f3 orden de reaprehensi\u00f3n contra Edgar \u201cN\u201d.<\/div>\n<div dir=\"auto\" style=\"text-align: justify;\"><\/div>\n<div dir=\"auto\" style=\"text-align: justify;\">Despu\u00e9s de realizar las investigaciones correspondientes, elementos de la Polic\u00eda Federal Ministerial, ubicaron y detuvieron a Edgar \u201cN\u201d, en la localidad de Jos\u00e9 Cardel, en el municipio referido, quedando a disposici\u00f3n del juez que lo requiere, por incurrir en un delito del fuero federal.<\/div>\n<div dir=\"auto\" style=\"text-align: justify;\"><\/div>\n<div dir=\"auto\" style=\"text-align: justify;\">A la persona mencionada en este comunicado se le presume inocente, mientras no exista sentencia condenatoria emitida por la autoridad judicial competente.<\/div>\n<div dir=\"auto\" style=\"text-align: justify;\"><\/div>\n<div dir=\"auto\" style=\"text-align: justify;\">Con estas acciones la FGR reafirma el compromiso con la sociedad para la investigaci\u00f3n y persecuci\u00f3n de los delitos en materia federal, por lo que se invita a la ciudadan\u00eda a que denuncie las 24 horas de los 365 d\u00edas del a\u00f1o, de forma presencial o an\u00f3nima, en las instalaciones de la Fiscal\u00eda General de la Rep\u00fablica en el estado de Veracruz, con domicilio en Av. J.B. Lobos n\u00famero 684, Colonia Reserva territorial \u201cEl Coyol\u201d, C.P. 91779, Veracruz, Ver, tel\u00e9fono 2299896334, correo electr\u00f3nico vua.veracruz@fgr.org.mx.<\/div>\n<div id=\"x_ms-outlook-mobile-body-separator-line\" dir=\"auto\" data-applydefaultfontstyles=\"true\">\n<div dir=\"auto\" style=\"text-align: justify;\"><\/div>\n<\/div>\n","protected":false},"excerpt":{"rendered":"<p>Comunicado FGR DPE\/1305\/2026 Veracruz, Veracruz, 25 de marzo de 2026 PFM CUMPLIMENTA ORDEN DE REAPREHENSI\u00d3N CONTRA UNA PERSONA POR PORTACI\u00d3N DE ARMA DE USO DE LAS FUERZAS ARMADAS La Fiscal\u00eda General de la Rep\u00fablica (FGR) a trav\u00e9s de su Fiscal\u00eda Especializada de Control Regional (FECOR) en el estado de Veracruz, por conducto de elementos de [&hellip;]<\/p>\n","protected":false},"author":1,"featured_media":6125,"comment_status":"closed","ping_status":"closed","sticky":false,"template":"","format":"standard","meta":{"_jetpack_memberships_contains_paid_content":false,"footnotes":"","jetpack_publicize_message":"","jetpack_publicize_feature_enabled":true,"jetpack_social_post_already_shared":true,"jetpack_social_options":{"image_generator_settings":{"template":"highway","default_image_id":0,"font":"","enabled":false},"version":2}},"categories":[6],"tags":[62],"class_list":["post-6593","post","type-post","status-publish","format-standard","has-post-thumbnail","hentry","category-noticia-policiaca","tag-fgr"],"jetpack_publicize_connections":[],"jetpack_featured_media_url":"https:\/\/revistaenfoquepolitico.com\/wp-content\/uploads\/2026\/03\/IMG-20260302-WA0131.jpg","jetpack_sharing_enabled":true,"_links":{"self":[{"href":"https:\/\/revistaenfoquepolitico.com\/index.php\/wp-json\/wp\/v2\/posts\/6593","targetHints":{"allow":["GET"]}}],"collection":[{"href":"https:\/\/revistaenfoquepolitico.com\/index.php\/wp-json\/wp\/v2\/posts"}],"about":[{"href":"https:\/\/revistaenfoquepolitico.com\/index.php\/wp-json\/wp\/v2\/types\/post"}],"author":[{"embeddable":true,"href":"https:\/\/revistaenfoquepolitico.com\/index.php\/wp-json\/wp\/v2\/users\/1"}],"replies":[{"embeddable":true,"href":"https:\/\/revistaenfoquepolitico.com\/index.php\/wp-json\/wp\/v2\/comments?post=6593"}],"version-history":[{"count":1,"href":"https:\/\/revistaenfoquepolitico.com\/index.php\/wp-json\/wp\/v2\/posts\/6593\/revisions"}],"predecessor-version":[{"id":6595,"href":"https:\/\/revistaenfoquepolitico.com\/index.php\/wp-json\/wp\/v2\/posts\/6593\/revisions\/6595"}],"wp:featuredmedia":[{"embeddable":true,"href":"https:\/\/revistaenfoquepolitico.com\/index.php\/wp-json\/wp\/v2\/media\/6125"}],"wp:attachment":[{"href":"https:\/\/revistaenfoquepolitico.com\/index.php\/wp-json\/wp\/v2\/media?parent=6593"}],"wp:term":[{"taxonomy":"category","embeddable":true,"href":"https:\/\/revistaenfoquepolitico.com\/index.php\/wp-json\/wp\/v2\/categories?post=6593"},{"taxonomy":"post_tag","embeddable":true,"href":"https:\/\/revistaenfoquepolitico.com\/index.php\/wp-json\/wp\/v2\/tags?post=6593"}],"curies":[{"name":"wp","href":"https:\/\/api.w.org\/{rel}","templated":true}]}}