{"id":6657,"date":"2026-03-28T23:48:11","date_gmt":"2026-03-29T05:48:11","guid":{"rendered":"https:\/\/revistaenfoquepolitico.com\/?p=6657"},"modified":"2026-03-28T23:48:11","modified_gmt":"2026-03-29T05:48:11","slug":"atiende-ayuntamiento-de-veracruz-reporte-de-canino-atacado-por-abejas","status":"publish","type":"post","link":"https:\/\/revistaenfoquepolitico.com\/index.php\/2026\/03\/28\/atiende-ayuntamiento-de-veracruz-reporte-de-canino-atacado-por-abejas\/","title":{"rendered":"ATIENDE AYUNTAMIENTO DE VERACRUZ REPORTE DE CANINO ATACADO POR ABEJAS"},"content":{"rendered":"<div dir=\"auto\" data-olk-copy-source=\"MessageBody\">28 de marzo de 2026<\/div>\n<div dir=\"auto\">Bolet\u00edn Informativo<\/div>\n<div dir=\"auto\"><\/div>\n<div dir=\"auto\">*Atiende Ayuntamiento de Veracruz reporte de canino atacado por abejas*<\/div>\n<div dir=\"auto\"><\/div>\n<div dir=\"auto\" style=\"text-align: justify;\">Tras recibir una denuncia ciudadana, el Ayuntamiento de Veracruz atendi\u00f3 un incidente registrado en el fraccionamiento Casas D\u00edaz, en el que lamentablemente falleci\u00f3 un canino tras ser picado por abejas.<\/div>\n<div dir=\"auto\" style=\"text-align: justify;\"><\/div>\n<div dir=\"auto\" style=\"text-align: justify;\"><img loading=\"lazy\" decoding=\"async\" class=\"alignleft size-medium wp-image-6660\" src=\"https:\/\/revistaenfoquepolitico.com\/wp-content\/uploads\/2026\/03\/IMG-20260328-WA0400-300x169.jpg\" alt=\"\" width=\"300\" height=\"169\" srcset=\"https:\/\/revistaenfoquepolitico.com\/wp-content\/uploads\/2026\/03\/IMG-20260328-WA0400-300x169.jpg 300w, https:\/\/revistaenfoquepolitico.com\/wp-content\/uploads\/2026\/03\/IMG-20260328-WA0400-1024x577.jpg 1024w, https:\/\/revistaenfoquepolitico.com\/wp-content\/uploads\/2026\/03\/IMG-20260328-WA0400-768x432.jpg 768w, https:\/\/revistaenfoquepolitico.com\/wp-content\/uploads\/2026\/03\/IMG-20260328-WA0400-1536x865.jpg 1536w, https:\/\/revistaenfoquepolitico.com\/wp-content\/uploads\/2026\/03\/IMG-20260328-WA0400.jpg 2000w\" sizes=\"auto, (max-width: 300px) 100vw, 300px\" \/>Personal de la direcci\u00f3n de Salud y Protecci\u00f3n Animal, en coordinaci\u00f3n con la direcci\u00f3n de Protecci\u00f3n Civil y el Heroico Cuerpo de Bomberos, se trasladaron al sitio a atender el reporte hecho en redes sociales por vecinos que denunciaban la omisi\u00f3n de cuidados hacia el perro de raza Husky, mismo que, al ser revisado ya no presentaba signos vitales.<\/div>\n<div dir=\"auto\" style=\"text-align: justify;\"><\/div>\n<div dir=\"auto\" style=\"text-align: justify;\"><img loading=\"lazy\" decoding=\"async\" class=\"alignright size-medium wp-image-6659\" src=\"https:\/\/revistaenfoquepolitico.com\/wp-content\/uploads\/2026\/03\/IMG-20260328-WA0398-300x169.jpg\" alt=\"\" width=\"300\" height=\"169\" srcset=\"https:\/\/revistaenfoquepolitico.com\/wp-content\/uploads\/2026\/03\/IMG-20260328-WA0398-300x169.jpg 300w, https:\/\/revistaenfoquepolitico.com\/wp-content\/uploads\/2026\/03\/IMG-20260328-WA0398-1024x577.jpg 1024w, https:\/\/revistaenfoquepolitico.com\/wp-content\/uploads\/2026\/03\/IMG-20260328-WA0398-768x432.jpg 768w, https:\/\/revistaenfoquepolitico.com\/wp-content\/uploads\/2026\/03\/IMG-20260328-WA0398-1536x865.jpg 1536w, https:\/\/revistaenfoquepolitico.com\/wp-content\/uploads\/2026\/03\/IMG-20260328-WA0398-2048x1153.jpg 2048w\" sizes=\"auto, (max-width: 300px) 100vw, 300px\" \/>Durante la inspecci\u00f3n, residentes de la zona se\u00f1alaron que el perro, identificado como \u00abTango Mateo\u00bb, presuntamente sufr\u00eda abandono y desnutrici\u00f3n previa al incidente; mientras elementos operativos y apicultores especializados trabajaron en el lugar para controlar el enjambre y garantizar la seguridad de las y los vecinos.<\/div>\n<div dir=\"auto\" style=\"text-align: justify;\"><\/div>\n<div dir=\"auto\" style=\"text-align: justify;\">Ante los testimonios y la evidencia recabada, las autoridades municipales dejaron un citatorio oficial al propietario para el esclarecimiento de los hechos y deslindar responsabilidades por presunta crueldad animal.<\/div>\n<div id=\"x_ms-outlook-mobile-body-separator-line\" dir=\"auto\" data-applydefaultfontstyles=\"true\">\n<div dir=\"auto\" style=\"text-align: justify;\"><\/div>\n<\/div>\n","protected":false},"excerpt":{"rendered":"<p>28 de marzo de 2026 Bolet\u00edn Informativo *Atiende Ayuntamiento de Veracruz reporte de canino atacado por abejas* Tras recibir una denuncia ciudadana, el Ayuntamiento de Veracruz atendi\u00f3 un incidente registrado en el fraccionamiento Casas D\u00edaz, en el que lamentablemente falleci\u00f3 un canino tras ser picado por abejas. Personal de la direcci\u00f3n de Salud y Protecci\u00f3n [&hellip;]<\/p>\n","protected":false},"author":1,"featured_media":6658,"comment_status":"closed","ping_status":"closed","sticky":false,"template":"","format":"standard","meta":{"_jetpack_memberships_contains_paid_content":false,"footnotes":"","jetpack_publicize_message":"","jetpack_publicize_feature_enabled":true,"jetpack_social_post_already_shared":true,"jetpack_social_options":{"image_generator_settings":{"template":"highway","default_image_id":0,"font":"","enabled":false},"version":2}},"categories":[4],"tags":[78],"class_list":["post-6657","post","type-post","status-publish","format-standard","has-post-thumbnail","hentry","category-noticia-politica","tag-ayuntamiento-de-veracruz"],"jetpack_publicize_connections":[],"jetpack_featured_media_url":"https:\/\/revistaenfoquepolitico.com\/wp-content\/uploads\/2026\/03\/IMG-20260328-WA0396-scaled.jpg","jetpack_sharing_enabled":true,"_links":{"self":[{"href":"https:\/\/revistaenfoquepolitico.com\/index.php\/wp-json\/wp\/v2\/posts\/6657","targetHints":{"allow":["GET"]}}],"collection":[{"href":"https:\/\/revistaenfoquepolitico.com\/index.php\/wp-json\/wp\/v2\/posts"}],"about":[{"href":"https:\/\/revistaenfoquepolitico.com\/index.php\/wp-json\/wp\/v2\/types\/post"}],"author":[{"embeddable":true,"href":"https:\/\/revistaenfoquepolitico.com\/index.php\/wp-json\/wp\/v2\/users\/1"}],"replies":[{"embeddable":true,"href":"https:\/\/revistaenfoquepolitico.com\/index.php\/wp-json\/wp\/v2\/comments?post=6657"}],"version-history":[{"count":1,"href":"https:\/\/revistaenfoquepolitico.com\/index.php\/wp-json\/wp\/v2\/posts\/6657\/revisions"}],"predecessor-version":[{"id":6661,"href":"https:\/\/revistaenfoquepolitico.com\/index.php\/wp-json\/wp\/v2\/posts\/6657\/revisions\/6661"}],"wp:featuredmedia":[{"embeddable":true,"href":"https:\/\/revistaenfoquepolitico.com\/index.php\/wp-json\/wp\/v2\/media\/6658"}],"wp:attachment":[{"href":"https:\/\/revistaenfoquepolitico.com\/index.php\/wp-json\/wp\/v2\/media?parent=6657"}],"wp:term":[{"taxonomy":"category","embeddable":true,"href":"https:\/\/revistaenfoquepolitico.com\/index.php\/wp-json\/wp\/v2\/categories?post=6657"},{"taxonomy":"post_tag","embeddable":true,"href":"https:\/\/revistaenfoquepolitico.com\/index.php\/wp-json\/wp\/v2\/tags?post=6657"}],"curies":[{"name":"wp","href":"https:\/\/api.w.org\/{rel}","templated":true}]}}