{"id":6668,"date":"2026-03-29T09:09:30","date_gmt":"2026-03-29T15:09:30","guid":{"rendered":"https:\/\/revistaenfoquepolitico.com\/?p=6668"},"modified":"2026-03-29T09:09:30","modified_gmt":"2026-03-29T15:09:30","slug":"morena-vs-morena-y-la-endeble-oposicion","status":"publish","type":"post","link":"https:\/\/revistaenfoquepolitico.com\/index.php\/2026\/03\/29\/morena-vs-morena-y-la-endeble-oposicion\/","title":{"rendered":"MORENA VS MORENA Y LA ENDEBLE OPOSICI\u00d3N.."},"content":{"rendered":"<div dir=\"auto\" data-olk-copy-source=\"MessageBody\">Por: Ricardo Chua<\/div>\n<div dir=\"auto\"><\/div>\n<div dir=\"auto\"><strong>MORENA VS MORENA Y LA ENDEBLE OPOSICI\u00d3N..\u00a0<\/strong><\/div>\n<div dir=\"auto\"><\/div>\n<div dir=\"auto\" style=\"text-align: justify;\">Al paso del tiempo, no cabe duda que el poder desgasta y hasta en contra.. Y hoy, con casi 8 a\u00f1os en el poder absoluto en este pa\u00eds, el peor enemigo de MORENA es MORENA.. Se est\u00e1n despedazando en todos lados, hoy es el senador F\u00e9lix Salgado contra Luisa Mar\u00eda Alcalde, dirigente nacional de este partido.. En Veracruz est\u00e1n todos contra el senador Manuel Huerta.. Y as\u00ed en todo M\u00e9xico se podr\u00e1 ver esta divisi\u00f3n.. Pero la gran ventaja, que hoy tienen los \u00abMorenistas\u00bb, es que el partido Movimiento Ciudadano, no se organiza, ni aprovecha estos \u00abbalones\u00bb que le ponen los \u00abMorenos\u00bb..<\/div>\n<div dir=\"auto\" style=\"text-align: justify;\"><\/div>\n<div dir=\"auto\" style=\"text-align: justify;\"><strong>Eso pasa principalmente aqu\u00ed en Veracruz<\/strong>.. Que es donde se trae el pulso por completo.. Pero a nivel nacional, donde la agenda da para mucho m\u00e1s y hasta le dar\u00eda para hacer un contraste como oposici\u00f3n a MC y los dem\u00e1s partidos.. Hasta para subir a tribuna para hacer se\u00f1alamientos, que probablemente no lleguen a ning\u00fan lado.. Movimiento Ciudadano sigue con el tema laboral de las 40 horas. Los \u00abnaranjas\u00bb no han aprovechado la coyuntura social que si la hay.. Pudieron haber debilitado al PVEM por su postura, ante lo endeble de su posici\u00f3n por derrame de hidrocarburos en estados del Golfo de M\u00e9xico, pero no lo hicieron..<\/div>\n<div dir=\"auto\" style=\"text-align: justify;\"><\/div>\n<div dir=\"auto\" style=\"text-align: justify;\"><strong>Por eso, ahora<\/strong>, se rumora en Palacio Nacional y es los estados gobernados por la 4T.. Que el principal problema de MORENA hoy, es MORENA mismo.. A nivel nacional en este partido en el poder, no se le percibe una estructura clara, ni una organizaci\u00f3n s\u00f3lida, y mucho menos una direcci\u00f3n estrat\u00e9gica definida.. Este organismo pol\u00edtico parece operar de forma reactiva, s\u00f3lo respondiendo a los ataques que recibe el gobierno federal o en sus estados, en lugar de anticiparse a ellos con una l\u00f3gica de planeaci\u00f3n pol\u00edtica..<\/div>\n<div dir=\"auto\" style=\"text-align: justify;\"><\/div>\n<div dir=\"auto\" style=\"text-align: justify;\"><strong>Pero es m\u00e1s en MORENA<\/strong>, han olvidado que a esto se suma una distinci\u00f3n mal resuelta entre partido, gobierno y liderazgo, particularmente en torno a la figura de Andr\u00e9s Manuel L\u00f3pez Obrador, donde esa cercan\u00eda que en su momento fue fortaleza para la 4T, ahora, puede convertirse en una debilidad, si es que no se administra con cuidado.. En paralelo, la gesti\u00f3n de diversas crisis ha sido deficiente en los gobiernos estatales, no salen de una para entrar en otra.. No aprenden, no razonan y la soberbia los sigue \u00abaniquilando\u00bb socialmente.. La sociedad en general ya as\u00ed los percibe y eso se paga con creces..<\/div>\n<div dir=\"auto\" style=\"text-align: justify;\"><\/div>\n<div dir=\"auto\" style=\"text-align: justify;\"><strong>Todo esto lo que genera<\/strong>, es un desgaste acumulado que tarde o temprano pasar\u00e1 \u00abfactura\u00bb.. Si bien es cierto, el partido MORENA mantiene una posici\u00f3n de fuerza rumbo al 2027.. Hoy ya no cuenta con el mismo impulso que en el proceso electoral anterior del 2024.. La ausencia de L\u00f3pez Obrador en la vida p\u00fablica cotidiana, ha reducido su impacto directo: Aunque sigue siendo una figura relevante, su presencia es ahora m\u00e1s espor\u00e1dica y su recepci\u00f3n m\u00e1s polarizada, lo que cambia las condiciones en las que el partido se posiciona frente al electorado.. Por eso MC le quita espacios, pero no lo aprovechan del todo..<\/div>\n<div dir=\"auto\" style=\"text-align: justify;\"><\/div>\n<div dir=\"auto\" style=\"text-align: justify;\"><strong>Sin embargo<\/strong>, pese a todo esto, MORENA tambi\u00e9n se ve beneficiado por la debilidad de la oposici\u00f3n en todo el pa\u00eds.. El PRI, no muestra capacidad real de crecimiento en cambio, en estados como Veracruz, se sume.. El PAN, aunque intenta renovarse, carece de una ruta clara m\u00e1s all\u00e1 del discurso.. Mientras que Movimiento Ciudadano, ha optado por mantenerse en su propia agenda, desaprovechando coyunturas claves donde pudo haber asumido un rol m\u00e1s activo y cr\u00edtico frente al gobierno.. Esta falta de ARTICULACI\u00d3N OPOSITORA le da margen de maniobra a MORENA, incluso frente a sus propios errores..<\/div>\n<div dir=\"auto\" style=\"text-align: justify;\"><\/div>\n<div dir=\"auto\" style=\"text-align: justify;\"><strong>De cara a 2027<\/strong>, uno de los factores m\u00e1s relevantes para MORENA, ser\u00e1 la definici\u00f3n de sus candidaturas, lo que podr\u00eda profundizar divisiones internas dentro del partido.. Estas tensiones ser\u00e1n claves para entender, que no solo la cohesi\u00f3n interna de MORENA, sino tambi\u00e9n el impacto que puedan tener hacia el exterior.. Caso concreto como pasa en Veracruz, entre el enfrentamiento de las \u00abhuestes\u00bb de Roc\u00edo Nahle contra las de Manuel Huerta y de pas\u00f3 la de Los Yunes ahora de la 4T.. As\u00ed que de la manera en que el partido procese esas disputas internas, podr\u00eda definir buena parte de su desempe\u00f1o electoral en la entidad.<\/div>\n<div dir=\"auto\" style=\"text-align: justify;\"><\/div>\n<div dir=\"auto\" style=\"text-align: justify;\"><strong>Pero por qu\u00e9 se dice que no hay una estructura<\/strong>, porque a estas alturas, m\u00e1s all\u00e1 de que no los morenistas aunque no fueran los candidatos en los procesos electorales en el pasado, aun sin ser gobierno o si\u00e9ndolo, como cuando Cuitlahuac Garc\u00eda Jim\u00e9nez, ya era Gobernador.. Siempre se vio una campa\u00f1a de posicionamiento del partido, sin impactar a quienes fueran los candidatos.. El Movimiento hac\u00eda pinta de bardas, ten\u00edan a todas sus estructuras caminando.. Los alcaldes estaban jalando.. Pero hoy no se percibe as\u00ed.. Sino que est\u00e1n haciendo todo lo contrario, es decir, nada..<\/div>\n<div dir=\"auto\" style=\"text-align: justify;\"><\/div>\n<div dir=\"auto\" style=\"text-align: justify;\"><strong>Seg\u00fan cuenta \u00abGarganta Profunda<\/strong>\u00ab, que hasta donde se sabe, no lo est\u00e1n haciendo nada, en primera porque no les has dado la instrucci\u00f3n en Veracruz desde Palacio de Gobierno.. Y en segunda, porque no le quieren meter a algo que no les redit\u00faa ni pol\u00edtica, ni econ\u00f3micamente.. A los alcaldes si no los reciben, si no hay buen trato, si no los aprietan y si no los van a dejar opinar, entonces, cada presidente municipal, diputado local o federal andar\u00e1 por su lado dispersos, quiz\u00e1s, haciendo algo pero dispersos. Y as\u00ed no hay fuerza.. \u00a0Eso es m\u00e1s que evidente en un estado como \u00abjarochilandia\u00bb..<\/div>\n<div dir=\"auto\" style=\"text-align: justify;\"><\/div>\n<div dir=\"auto\" style=\"text-align: justify;\"><strong>REFLEXI\u00d3N<\/strong>.. El punto es que, por ejemplo, en el sexenio de Cuitl\u00e1huac, las cosas jalaban y mov\u00edan porque los pol\u00edticos locales manejaban todo.. Presupuesto, prerrogativas, apoyos y as\u00ed justificaban \u00abacciones\u00bb.. En el actual gobierno estatal, los funcionarios for\u00e1neos son los que tienen este manejo y no le \u00abprestan el bal\u00f3n\u00bb a los locales y estos no est\u00e1n en aras de decir: \u00abYo voy a movilizar y operar\u00bb.. \u00bfEn qu\u00e9 libro leen?.. Es pol\u00edtica, no un juego de matatena.. Por eso, Veracruz, MORENA no tiene operadores en este momento.. Y as\u00ed enfrentar\u00e1n el 2017.. La marca aguanta\u2026 \u00bfHasta d\u00f3nde?.. Eso ya se ver\u00e1.. <strong>AMEN..<\/strong><\/div>\n<div id=\"x_ms-outlook-mobile-body-separator-line\" dir=\"auto\" data-applydefaultfontstyles=\"true\">\n<div dir=\"auto\" style=\"text-align: justify;\"><\/div>\n<\/div>\n","protected":false},"excerpt":{"rendered":"<p>Por: Ricardo Chua MORENA VS MORENA Y LA ENDEBLE OPOSICI\u00d3N..\u00a0 Al paso del tiempo, no cabe duda que el poder desgasta y hasta en contra.. Y hoy, con casi 8 a\u00f1os en el poder absoluto en este pa\u00eds, el peor enemigo de MORENA es MORENA.. Se est\u00e1n despedazando en todos lados, hoy es el senador [&hellip;]<\/p>\n","protected":false},"author":1,"featured_media":6669,"comment_status":"closed","ping_status":"closed","sticky":false,"template":"","format":"standard","meta":{"_jetpack_memberships_contains_paid_content":false,"footnotes":"","jetpack_publicize_message":"","jetpack_publicize_feature_enabled":true,"jetpack_social_post_already_shared":true,"jetpack_social_options":{"image_generator_settings":{"template":"highway","default_image_id":0,"font":"","enabled":false},"version":2}},"categories":[65],"tags":[63],"class_list":["post-6668","post","type-post","status-publish","format-standard","has-post-thumbnail","hentry","category-columna","tag-ricardo-chua"],"jetpack_publicize_connections":[],"jetpack_featured_media_url":"https:\/\/revistaenfoquepolitico.com\/wp-content\/uploads\/2026\/03\/IMG-20260329-WA0025.jpg","jetpack_sharing_enabled":true,"_links":{"self":[{"href":"https:\/\/revistaenfoquepolitico.com\/index.php\/wp-json\/wp\/v2\/posts\/6668","targetHints":{"allow":["GET"]}}],"collection":[{"href":"https:\/\/revistaenfoquepolitico.com\/index.php\/wp-json\/wp\/v2\/posts"}],"about":[{"href":"https:\/\/revistaenfoquepolitico.com\/index.php\/wp-json\/wp\/v2\/types\/post"}],"author":[{"embeddable":true,"href":"https:\/\/revistaenfoquepolitico.com\/index.php\/wp-json\/wp\/v2\/users\/1"}],"replies":[{"embeddable":true,"href":"https:\/\/revistaenfoquepolitico.com\/index.php\/wp-json\/wp\/v2\/comments?post=6668"}],"version-history":[{"count":1,"href":"https:\/\/revistaenfoquepolitico.com\/index.php\/wp-json\/wp\/v2\/posts\/6668\/revisions"}],"predecessor-version":[{"id":6670,"href":"https:\/\/revistaenfoquepolitico.com\/index.php\/wp-json\/wp\/v2\/posts\/6668\/revisions\/6670"}],"wp:featuredmedia":[{"embeddable":true,"href":"https:\/\/revistaenfoquepolitico.com\/index.php\/wp-json\/wp\/v2\/media\/6669"}],"wp:attachment":[{"href":"https:\/\/revistaenfoquepolitico.com\/index.php\/wp-json\/wp\/v2\/media?parent=6668"}],"wp:term":[{"taxonomy":"category","embeddable":true,"href":"https:\/\/revistaenfoquepolitico.com\/index.php\/wp-json\/wp\/v2\/categories?post=6668"},{"taxonomy":"post_tag","embeddable":true,"href":"https:\/\/revistaenfoquepolitico.com\/index.php\/wp-json\/wp\/v2\/tags?post=6668"}],"curies":[{"name":"wp","href":"https:\/\/api.w.org\/{rel}","templated":true}]}}