{"id":6685,"date":"2026-03-30T19:10:12","date_gmt":"2026-03-31T01:10:12","guid":{"rendered":"https:\/\/revistaenfoquepolitico.com\/?p=6685"},"modified":"2026-03-30T19:10:12","modified_gmt":"2026-03-31T01:10:12","slug":"implementa-ayuntamiento-de-veracruz-modulos-informacion-turistica","status":"publish","type":"post","link":"https:\/\/revistaenfoquepolitico.com\/index.php\/2026\/03\/30\/implementa-ayuntamiento-de-veracruz-modulos-informacion-turistica\/","title":{"rendered":"IMPLEMENTA AYUNTAMIENTO DE VERACRUZ M\u00d3DULOS INFORMACI\u00d3N TUR\u00cdSTICA"},"content":{"rendered":"<div dir=\"auto\" data-olk-copy-source=\"MessageBody\">29 de marzo de 2026<\/div>\n<div dir=\"auto\">Bolet\u00edn Informativo<\/div>\n<div dir=\"auto\"><\/div>\n<div dir=\"auto\" style=\"text-align: justify;\"><strong>*Implementa Ayuntamiento de Veracruz m\u00f3dulos informaci\u00f3n tur\u00edstica para brindar seguridad y orientaci\u00f3n al turismo*<\/strong><\/div>\n<div dir=\"auto\"><\/div>\n<div dir=\"auto\" style=\"text-align: justify;\">*Elementos de tr\u00e1nsito y vialidad municipal ofrecen atenci\u00f3n personalizada a visitantes y locales*<\/div>\n<div dir=\"auto\" style=\"text-align: justify;\"><\/div>\n<div dir=\"auto\" style=\"text-align: justify;\"><img loading=\"lazy\" decoding=\"async\" class=\"alignleft size-medium wp-image-6688\" src=\"https:\/\/revistaenfoquepolitico.com\/wp-content\/uploads\/2026\/03\/IMG-20260329-WA0208-225x300.jpg\" alt=\"\" width=\"225\" height=\"300\" srcset=\"https:\/\/revistaenfoquepolitico.com\/wp-content\/uploads\/2026\/03\/IMG-20260329-WA0208-225x300.jpg 225w, https:\/\/revistaenfoquepolitico.com\/wp-content\/uploads\/2026\/03\/IMG-20260329-WA0208-768x1024.jpg 768w, https:\/\/revistaenfoquepolitico.com\/wp-content\/uploads\/2026\/03\/IMG-20260329-WA0208-1152x1536.jpg 1152w, https:\/\/revistaenfoquepolitico.com\/wp-content\/uploads\/2026\/03\/IMG-20260329-WA0208.jpg 1200w\" sizes=\"auto, (max-width: 225px) 100vw, 225px\" \/>Con el objetivo de garantizar una experiencia segura y agradable durante esta Semana Santa, el Ayuntamiento de Veracruz puso en marcha los m\u00f3dulos de informaci\u00f3n tur\u00edstica, bajo la instrucci\u00f3n de la presidenta municipal, Rosa Mar\u00eda Hern\u00e1ndez Espejo, acercando orientaci\u00f3n clara y asistencia personalizada a visitantes y familias veracruzanas.<\/div>\n<div dir=\"auto\" style=\"text-align: justify;\"><\/div>\n<div dir=\"auto\" style=\"text-align: justify;\">Los m\u00f3dulos se instalaron en accesos estrat\u00e9gicos de la ciudad para cubrir las zonas norte y sur, ubic\u00e1ndose en la prolongaci\u00f3n Miguel Alem\u00e1n, colonia Pedro I. Mata, cerca del puente Cabeza Olmeca, as\u00ed como en la avenida Dr. Rafael Cuervo, casi esquina Cuauht\u00e9moc, en Playa Linda, garantizando atenci\u00f3n constante a quienes recorren la ciudad y sus principales atractivos.<\/div>\n<div dir=\"auto\" style=\"text-align: justify;\"><\/div>\n<div dir=\"auto\" style=\"text-align: justify;\"><img loading=\"lazy\" decoding=\"async\" class=\"alignright size-medium wp-image-6686\" src=\"https:\/\/revistaenfoquepolitico.com\/wp-content\/uploads\/2026\/03\/IMG-20260329-WA0206-300x225.jpg\" alt=\"\" width=\"300\" height=\"225\" srcset=\"https:\/\/revistaenfoquepolitico.com\/wp-content\/uploads\/2026\/03\/IMG-20260329-WA0206-300x225.jpg 300w, https:\/\/revistaenfoquepolitico.com\/wp-content\/uploads\/2026\/03\/IMG-20260329-WA0206-1024x768.jpg 1024w, https:\/\/revistaenfoquepolitico.com\/wp-content\/uploads\/2026\/03\/IMG-20260329-WA0206-768x576.jpg 768w, https:\/\/revistaenfoquepolitico.com\/wp-content\/uploads\/2026\/03\/IMG-20260329-WA0206-1536x1152.jpg 1536w, https:\/\/revistaenfoquepolitico.com\/wp-content\/uploads\/2026\/03\/IMG-20260329-WA0206.jpg 1600w\" sizes=\"auto, (max-width: 300px) 100vw, 300px\" \/>En estos espacios, los elementos de la Direcci\u00f3n de Tr\u00e1nsito y Vialidad Municipal orientan sobre rutas y accesos, brindan recomendaciones de seguridad vial y atienden dudas de conductores y turistas, asegurando que cada recorrido se desarrolle de manera ordenada, segura y placentera, fortaleciendo la experiencia de quienes disfrutan de la ciudad durante la temporada.<\/div>\n<div dir=\"auto\" style=\"text-align: justify;\"><\/div>\n<div dir=\"auto\" style=\"text-align: justify;\">Durante esta Semana Santa, el Ayuntamiento de Veracruz invita a recorrer y disfrutar la ciudad con confianza y tranquilidad, destacando la seguridad, el orden y el apoyo constante de los m\u00f3dulos de tr\u00e1nsito, para que cada paseo por calles, espacios culturales y playas sea memorable y plenamente disfrutable.<\/div>\n<div id=\"x_ms-outlook-mobile-body-separator-line\" dir=\"auto\" data-applydefaultfontstyles=\"true\">\n<div dir=\"auto\" style=\"text-align: justify;\"><\/div>\n<\/div>\n","protected":false},"excerpt":{"rendered":"<p>29 de marzo de 2026 Bolet\u00edn Informativo *Implementa Ayuntamiento de Veracruz m\u00f3dulos informaci\u00f3n tur\u00edstica para brindar seguridad y orientaci\u00f3n al turismo* *Elementos de tr\u00e1nsito y vialidad municipal ofrecen atenci\u00f3n personalizada a visitantes y locales* Con el objetivo de garantizar una experiencia segura y agradable durante esta Semana Santa, el Ayuntamiento de Veracruz puso en marcha [&hellip;]<\/p>\n","protected":false},"author":1,"featured_media":6687,"comment_status":"closed","ping_status":"closed","sticky":false,"template":"","format":"standard","meta":{"_jetpack_memberships_contains_paid_content":false,"footnotes":"","jetpack_publicize_message":"","jetpack_publicize_feature_enabled":true,"jetpack_social_post_already_shared":true,"jetpack_social_options":{"image_generator_settings":{"template":"highway","default_image_id":0,"font":"","enabled":false},"version":2}},"categories":[4],"tags":[78],"class_list":["post-6685","post","type-post","status-publish","format-standard","has-post-thumbnail","hentry","category-noticia-politica","tag-ayuntamiento-de-veracruz"],"jetpack_publicize_connections":[],"jetpack_featured_media_url":"https:\/\/revistaenfoquepolitico.com\/wp-content\/uploads\/2026\/03\/IMG-20260329-WA0207.jpg","jetpack_sharing_enabled":true,"_links":{"self":[{"href":"https:\/\/revistaenfoquepolitico.com\/index.php\/wp-json\/wp\/v2\/posts\/6685","targetHints":{"allow":["GET"]}}],"collection":[{"href":"https:\/\/revistaenfoquepolitico.com\/index.php\/wp-json\/wp\/v2\/posts"}],"about":[{"href":"https:\/\/revistaenfoquepolitico.com\/index.php\/wp-json\/wp\/v2\/types\/post"}],"author":[{"embeddable":true,"href":"https:\/\/revistaenfoquepolitico.com\/index.php\/wp-json\/wp\/v2\/users\/1"}],"replies":[{"embeddable":true,"href":"https:\/\/revistaenfoquepolitico.com\/index.php\/wp-json\/wp\/v2\/comments?post=6685"}],"version-history":[{"count":1,"href":"https:\/\/revistaenfoquepolitico.com\/index.php\/wp-json\/wp\/v2\/posts\/6685\/revisions"}],"predecessor-version":[{"id":6689,"href":"https:\/\/revistaenfoquepolitico.com\/index.php\/wp-json\/wp\/v2\/posts\/6685\/revisions\/6689"}],"wp:featuredmedia":[{"embeddable":true,"href":"https:\/\/revistaenfoquepolitico.com\/index.php\/wp-json\/wp\/v2\/media\/6687"}],"wp:attachment":[{"href":"https:\/\/revistaenfoquepolitico.com\/index.php\/wp-json\/wp\/v2\/media?parent=6685"}],"wp:term":[{"taxonomy":"category","embeddable":true,"href":"https:\/\/revistaenfoquepolitico.com\/index.php\/wp-json\/wp\/v2\/categories?post=6685"},{"taxonomy":"post_tag","embeddable":true,"href":"https:\/\/revistaenfoquepolitico.com\/index.php\/wp-json\/wp\/v2\/tags?post=6685"}],"curies":[{"name":"wp","href":"https:\/\/api.w.org\/{rel}","templated":true}]}}