{"id":6690,"date":"2026-03-30T19:18:21","date_gmt":"2026-03-31T01:18:21","guid":{"rendered":"https:\/\/revistaenfoquepolitico.com\/?p=6690"},"modified":"2026-03-30T19:18:21","modified_gmt":"2026-03-31T01:18:21","slug":"registra-ciudad-de-veracruz-gran-afluencia-turistica-el-primer-fin-de-semana-de-vacaciones","status":"publish","type":"post","link":"https:\/\/revistaenfoquepolitico.com\/index.php\/2026\/03\/30\/registra-ciudad-de-veracruz-gran-afluencia-turistica-el-primer-fin-de-semana-de-vacaciones\/","title":{"rendered":"REGISTRA CIUDAD DE VERACRUZ GRAN AFLUENCIA TUR\u00cdSTICA EL PRIMER FIN DE SEMANA DE VACACIONES"},"content":{"rendered":"<div dir=\"auto\" data-olk-copy-source=\"MessageBody\">29 de marzo de 2026<\/div>\n<div dir=\"auto\">Bolet\u00edn Informativo<\/div>\n<div dir=\"auto\"><\/div>\n<div dir=\"auto\">*Registra ciudad de Veracruz gran afluencia tur\u00edstica el primer fin de semana de vacaciones*<\/div>\n<div dir=\"auto\"><\/div>\n<div dir=\"auto\" style=\"text-align: justify;\">*Visitantes y locales recorrieron calles, plazas y espacios culturales, disfrutando de m\u00fasica, danza y tradiciones que marcaron el inicio de la temporada*<\/div>\n<div dir=\"auto\" style=\"text-align: justify;\"><\/div>\n<div dir=\"auto\" style=\"text-align: justify;\"><img loading=\"lazy\" decoding=\"async\" class=\"alignleft size-medium wp-image-6694\" src=\"https:\/\/revistaenfoquepolitico.com\/wp-content\/uploads\/2026\/03\/IMG-20260329-WA0300-300x200.jpg\" alt=\"\" width=\"300\" height=\"200\" srcset=\"https:\/\/revistaenfoquepolitico.com\/wp-content\/uploads\/2026\/03\/IMG-20260329-WA0300-300x200.jpg 300w, https:\/\/revistaenfoquepolitico.com\/wp-content\/uploads\/2026\/03\/IMG-20260329-WA0300-1024x683.jpg 1024w, https:\/\/revistaenfoquepolitico.com\/wp-content\/uploads\/2026\/03\/IMG-20260329-WA0300-768x512.jpg 768w, https:\/\/revistaenfoquepolitico.com\/wp-content\/uploads\/2026\/03\/IMG-20260329-WA0300-1536x1024.jpg 1536w, https:\/\/revistaenfoquepolitico.com\/wp-content\/uploads\/2026\/03\/IMG-20260329-WA0300-2048x1365.jpg 2048w\" sizes=\"auto, (max-width: 300px) 100vw, 300px\" \/>La ciudad de Veracruz se llen\u00f3 de alegr\u00eda y movimiento este domingo, con una gran afluencia de personas recorriendo sus calles, plazas y espacios culturales, disfrutando de la m\u00fasica, la cultura y las tradiciones este primer fin de semana de la temporada vacacional.<\/div>\n<div dir=\"auto\" style=\"text-align: justify;\"><\/div>\n<div dir=\"auto\" style=\"text-align: justify;\"><img loading=\"lazy\" decoding=\"async\" class=\"alignright size-medium wp-image-6692\" src=\"https:\/\/revistaenfoquepolitico.com\/wp-content\/uploads\/2026\/03\/IMG-20260329-WA0295-300x200.jpg\" alt=\"\" width=\"300\" height=\"200\" srcset=\"https:\/\/revistaenfoquepolitico.com\/wp-content\/uploads\/2026\/03\/IMG-20260329-WA0295-300x200.jpg 300w, https:\/\/revistaenfoquepolitico.com\/wp-content\/uploads\/2026\/03\/IMG-20260329-WA0295-1024x683.jpg 1024w, https:\/\/revistaenfoquepolitico.com\/wp-content\/uploads\/2026\/03\/IMG-20260329-WA0295-768x512.jpg 768w, https:\/\/revistaenfoquepolitico.com\/wp-content\/uploads\/2026\/03\/IMG-20260329-WA0295.jpg 1280w\" sizes=\"auto, (max-width: 300px) 100vw, 300px\" \/>El Ayuntamiento de Veracruz, que encabeza la presidenta municipal Rosa Mar\u00eda Hern\u00e1ndez Espejo, ofreci\u00f3 una variada cartelera dise\u00f1ada para resaltar la riqueza cultural y la diversidad art\u00edstica que distingue a la ciudad.<\/div>\n<div dir=\"auto\" style=\"text-align: justify;\"><\/div>\n<div dir=\"auto\" style=\"text-align: justify;\">En el Z\u00f3calo, el \u201cBallet Son de Veracruz\u201d cautiv\u00f3 a los presentes con ejecuciones magistrales de danz\u00f3n, son jarocho y jarabe tapat\u00edo. Simult\u00e1neamente, la Macroplaza alberg\u00f3 las \u201cTardes Recreativas en el Puerto\u201d y el p\u00fablico se deleit\u00f3 con el festival \u201cViva la Cultura en la Ciudad\u201d, donde grupos folcl\u00f3ricos demostraron su talento.<\/div>\n<div dir=\"auto\" style=\"text-align: justify;\"><\/div>\n<div dir=\"auto\" style=\"text-align: justify;\">Adem\u00e1s, en el callej\u00f3n de la Campana, locales y turistas disfrutaron de clases de salsa y la presentaci\u00f3n de la orquesta de Jes\u00fas Murillo y su Trabuco, mientras que en el callej\u00f3n de la Lagunilla los asistentes vivieron el \u201cDanz\u00f3n para todos\u201d, una de las tradiciones m\u00e1s arraigadas de la ciudad.<\/div>\n<div id=\"x_ms-outlook-mobile-body-separator-line\" dir=\"auto\" data-applydefaultfontstyles=\"true\">\n<div dir=\"auto\" style=\"text-align: justify;\"><img loading=\"lazy\" decoding=\"async\" class=\"aligncenter size-medium wp-image-6693\" src=\"https:\/\/revistaenfoquepolitico.com\/wp-content\/uploads\/2026\/03\/IMG-20260329-WA0296-300x200.jpg\" alt=\"\" width=\"300\" height=\"200\" srcset=\"https:\/\/revistaenfoquepolitico.com\/wp-content\/uploads\/2026\/03\/IMG-20260329-WA0296-300x200.jpg 300w, https:\/\/revistaenfoquepolitico.com\/wp-content\/uploads\/2026\/03\/IMG-20260329-WA0296-1024x683.jpg 1024w, https:\/\/revistaenfoquepolitico.com\/wp-content\/uploads\/2026\/03\/IMG-20260329-WA0296-768x512.jpg 768w, https:\/\/revistaenfoquepolitico.com\/wp-content\/uploads\/2026\/03\/IMG-20260329-WA0296.jpg 1280w\" sizes=\"auto, (max-width: 300px) 100vw, 300px\" \/><\/div>\n<\/div>\n","protected":false},"excerpt":{"rendered":"<p>29 de marzo de 2026 Bolet\u00edn Informativo *Registra ciudad de Veracruz gran afluencia tur\u00edstica el primer fin de semana de vacaciones* *Visitantes y locales recorrieron calles, plazas y espacios culturales, disfrutando de m\u00fasica, danza y tradiciones que marcaron el inicio de la temporada* La ciudad de Veracruz se llen\u00f3 de alegr\u00eda y movimiento este domingo, [&hellip;]<\/p>\n","protected":false},"author":1,"featured_media":6691,"comment_status":"closed","ping_status":"closed","sticky":false,"template":"","format":"standard","meta":{"_jetpack_memberships_contains_paid_content":false,"footnotes":"","jetpack_publicize_message":"","jetpack_publicize_feature_enabled":true,"jetpack_social_post_already_shared":true,"jetpack_social_options":{"image_generator_settings":{"template":"highway","default_image_id":0,"font":"","enabled":false},"version":2}},"categories":[4],"tags":[78],"class_list":["post-6690","post","type-post","status-publish","format-standard","has-post-thumbnail","hentry","category-noticia-politica","tag-ayuntamiento-de-veracruz"],"jetpack_publicize_connections":[],"jetpack_featured_media_url":"https:\/\/revistaenfoquepolitico.com\/wp-content\/uploads\/2026\/03\/IMG-20260329-WA0290.jpg","jetpack_sharing_enabled":true,"_links":{"self":[{"href":"https:\/\/revistaenfoquepolitico.com\/index.php\/wp-json\/wp\/v2\/posts\/6690","targetHints":{"allow":["GET"]}}],"collection":[{"href":"https:\/\/revistaenfoquepolitico.com\/index.php\/wp-json\/wp\/v2\/posts"}],"about":[{"href":"https:\/\/revistaenfoquepolitico.com\/index.php\/wp-json\/wp\/v2\/types\/post"}],"author":[{"embeddable":true,"href":"https:\/\/revistaenfoquepolitico.com\/index.php\/wp-json\/wp\/v2\/users\/1"}],"replies":[{"embeddable":true,"href":"https:\/\/revistaenfoquepolitico.com\/index.php\/wp-json\/wp\/v2\/comments?post=6690"}],"version-history":[{"count":1,"href":"https:\/\/revistaenfoquepolitico.com\/index.php\/wp-json\/wp\/v2\/posts\/6690\/revisions"}],"predecessor-version":[{"id":6695,"href":"https:\/\/revistaenfoquepolitico.com\/index.php\/wp-json\/wp\/v2\/posts\/6690\/revisions\/6695"}],"wp:featuredmedia":[{"embeddable":true,"href":"https:\/\/revistaenfoquepolitico.com\/index.php\/wp-json\/wp\/v2\/media\/6691"}],"wp:attachment":[{"href":"https:\/\/revistaenfoquepolitico.com\/index.php\/wp-json\/wp\/v2\/media?parent=6690"}],"wp:term":[{"taxonomy":"category","embeddable":true,"href":"https:\/\/revistaenfoquepolitico.com\/index.php\/wp-json\/wp\/v2\/categories?post=6690"},{"taxonomy":"post_tag","embeddable":true,"href":"https:\/\/revistaenfoquepolitico.com\/index.php\/wp-json\/wp\/v2\/tags?post=6690"}],"curies":[{"name":"wp","href":"https:\/\/api.w.org\/{rel}","templated":true}]}}