{"id":6699,"date":"2026-03-30T19:54:54","date_gmt":"2026-03-31T01:54:54","guid":{"rendered":"https:\/\/revistaenfoquepolitico.com\/?p=6699"},"modified":"2026-03-30T19:54:54","modified_gmt":"2026-03-31T01:54:54","slug":"dif-medellin-impulsa-el-bienestar-de-adultos-mayores","status":"publish","type":"post","link":"https:\/\/revistaenfoquepolitico.com\/index.php\/2026\/03\/30\/dif-medellin-impulsa-el-bienestar-de-adultos-mayores\/","title":{"rendered":"DIF MEDELL\u00cdN IMPULSA EL BIENESTAR DE ADULTOS MAYORES"},"content":{"rendered":"<div dir=\"auto\" data-olk-copy-source=\"MessageBody\">DIF Medell\u00edn impulsa el bienestar de adultos mayores con talleres recreativos y formativos<\/div>\n<div dir=\"auto\"><\/div>\n<div dir=\"auto\">Medell\u00edn de Bravo, Ver.<\/div>\n<div dir=\"auto\"><\/div>\n<div dir=\"auto\" style=\"text-align: justify;\"><img loading=\"lazy\" decoding=\"async\" class=\"alignleft size-medium wp-image-6700\" src=\"https:\/\/revistaenfoquepolitico.com\/wp-content\/uploads\/2026\/03\/IMG-20260330-WA0161-300x252.jpg\" alt=\"\" width=\"300\" height=\"252\" srcset=\"https:\/\/revistaenfoquepolitico.com\/wp-content\/uploads\/2026\/03\/IMG-20260330-WA0161-300x252.jpg 300w, https:\/\/revistaenfoquepolitico.com\/wp-content\/uploads\/2026\/03\/IMG-20260330-WA0161-1024x859.jpg 1024w, https:\/\/revistaenfoquepolitico.com\/wp-content\/uploads\/2026\/03\/IMG-20260330-WA0161-768x644.jpg 768w, https:\/\/revistaenfoquepolitico.com\/wp-content\/uploads\/2026\/03\/IMG-20260330-WA0161.jpg 1287w\" sizes=\"auto, (max-width: 300px) 100vw, 300px\" \/>Con el firme compromiso de fortalecer el bienestar y la calidad de vida de las personas adultas mayores, el Sistema DIF Municipal de Medell\u00edn de Bravo llev\u00f3 a cabo la inauguraci\u00f3n de los talleres dirigidos a este importante sector de la poblaci\u00f3n.<\/div>\n<div dir=\"auto\" style=\"text-align: justify;\"><\/div>\n<div dir=\"auto\" style=\"text-align: justify;\">En un ambiente lleno de entusiasmo, participaci\u00f3n y alegr\u00eda, se dio apertura a este espacio dise\u00f1ado para fomentar la convivencia, el aprendizaje y la activaci\u00f3n integral de las y los asistentes.<\/div>\n<div dir=\"auto\" style=\"text-align: justify;\"><\/div>\n<div dir=\"auto\" style=\"text-align: justify;\"><img loading=\"lazy\" decoding=\"async\" class=\"alignright size-medium wp-image-6701\" src=\"https:\/\/revistaenfoquepolitico.com\/wp-content\/uploads\/2026\/03\/IMG-20260330-WA0162-300x209.jpg\" alt=\"\" width=\"300\" height=\"209\" srcset=\"https:\/\/revistaenfoquepolitico.com\/wp-content\/uploads\/2026\/03\/IMG-20260330-WA0162-300x209.jpg 300w, https:\/\/revistaenfoquepolitico.com\/wp-content\/uploads\/2026\/03\/IMG-20260330-WA0162-1024x713.jpg 1024w, https:\/\/revistaenfoquepolitico.com\/wp-content\/uploads\/2026\/03\/IMG-20260330-WA0162-768x535.jpg 768w, https:\/\/revistaenfoquepolitico.com\/wp-content\/uploads\/2026\/03\/IMG-20260330-WA0162.jpg 1441w\" sizes=\"auto, (max-width: 300px) 100vw, 300px\" \/>La bienvenida estuvo encabezada por la presidenta del DIF Municipal, Jessica Dur\u00e1n, quien destac\u00f3 la importancia de generar programas que promuevan la inclusi\u00f3n, el desarrollo personal y el bienestar emocional de los adultos mayores.<\/div>\n<div dir=\"auto\" style=\"text-align: justify;\"><\/div>\n<div dir=\"auto\" style=\"text-align: justify;\">Durante el acto inaugural tambi\u00e9n se cont\u00f3 con la presencia de Luz Mar\u00eda Murcia Mart\u00ednez, encargada de los talleres, as\u00ed como de la maestra Almadelia Vera Murcia, quienes estar\u00e1n al frente de las actividades. Asimismo, asistieron la s\u00edndica \u00fanica Berta Isle\u00f1o y la regidora tercera Nubia Padr\u00f3n Lara, quienes respaldaron esta iniciativa orientada al fortalecimiento del tejido social.<\/div>\n<div dir=\"auto\" style=\"text-align: justify;\"><\/div>\n<div dir=\"auto\" style=\"text-align: justify;\"><img loading=\"lazy\" decoding=\"async\" class=\"alignleft size-medium wp-image-6702\" src=\"https:\/\/revistaenfoquepolitico.com\/wp-content\/uploads\/2026\/03\/IMG-20260330-WA0163-300x200.jpg\" alt=\"\" width=\"300\" height=\"200\" srcset=\"https:\/\/revistaenfoquepolitico.com\/wp-content\/uploads\/2026\/03\/IMG-20260330-WA0163-300x200.jpg 300w, https:\/\/revistaenfoquepolitico.com\/wp-content\/uploads\/2026\/03\/IMG-20260330-WA0163-1024x682.jpg 1024w, https:\/\/revistaenfoquepolitico.com\/wp-content\/uploads\/2026\/03\/IMG-20260330-WA0163-768x512.jpg 768w, https:\/\/revistaenfoquepolitico.com\/wp-content\/uploads\/2026\/03\/IMG-20260330-WA0163-1536x1024.jpg 1536w, https:\/\/revistaenfoquepolitico.com\/wp-content\/uploads\/2026\/03\/IMG-20260330-WA0163.jpg 1598w\" sizes=\"auto, (max-width: 300px) 100vw, 300px\" \/>Los talleres incluyen actividades como manualidades, tejido, costura y pintura, promoviendo habilidades creativas y espacios de esparcimiento para las y los participantes.<\/div>\n<div dir=\"auto\" style=\"text-align: justify;\"><\/div>\n<div dir=\"auto\" style=\"text-align: justify;\">Las actividades se desarrollar\u00e1n en las instalaciones del DIF Municipal, en un horario de lunes, mi\u00e9rcoles y viernes de 09:00 a 12:30 horas, as\u00ed como en horario vespertino de 14:00 a 17:00 horas para personas for\u00e1neas.<\/div>\n<div dir=\"auto\" style=\"text-align: justify;\"><\/div>\n<div dir=\"auto\" style=\"text-align: justify;\"><img loading=\"lazy\" decoding=\"async\" class=\"alignright size-medium wp-image-6704\" src=\"https:\/\/revistaenfoquepolitico.com\/wp-content\/uploads\/2026\/03\/IMG-20260330-WA0165-300x200.jpg\" alt=\"\" width=\"300\" height=\"200\" srcset=\"https:\/\/revistaenfoquepolitico.com\/wp-content\/uploads\/2026\/03\/IMG-20260330-WA0165-300x200.jpg 300w, https:\/\/revistaenfoquepolitico.com\/wp-content\/uploads\/2026\/03\/IMG-20260330-WA0165-1024x683.jpg 1024w, https:\/\/revistaenfoquepolitico.com\/wp-content\/uploads\/2026\/03\/IMG-20260330-WA0165-768x512.jpg 768w, https:\/\/revistaenfoquepolitico.com\/wp-content\/uploads\/2026\/03\/IMG-20260330-WA0165.jpg 1510w\" sizes=\"auto, (max-width: 300px) 100vw, 300px\" \/>Como parte de su alcance comunitario, este programa tambi\u00e9n ser\u00e1 llevado a las localidades de Paso del Toro, Mozambique y La Laguna, los d\u00edas lunes, martes, mi\u00e9rcoles y viernes, acercando estas actividades a m\u00e1s ciudadanos.<\/div>\n<div dir=\"auto\" style=\"text-align: justify;\"><\/div>\n<div dir=\"auto\" style=\"text-align: justify;\">Con estas acciones, el H. Ayuntamiento de Medell\u00edn de Bravo, en coordinaci\u00f3n con el DIF Municipal, refrenda su compromiso de generar espacios dignos, inclusivos y llenos de oportunidades para las personas adultas mayores.<\/div>\n<div dir=\"auto\" style=\"text-align: justify;\"><\/div>\n<div dir=\"auto\" style=\"text-align: justify;\">\u00a1Por la Grandeza de Medell\u00edn! \ud83e\udd0e<\/div>\n<div id=\"x_ms-outlook-mobile-body-separator-line\" dir=\"auto\" data-applydefaultfontstyles=\"true\">\n<div dir=\"auto\" style=\"text-align: justify;\"><img loading=\"lazy\" decoding=\"async\" class=\"aligncenter size-medium wp-image-6705\" src=\"https:\/\/revistaenfoquepolitico.com\/wp-content\/uploads\/2026\/03\/IMG-20260330-WA0176-300x209.jpg\" alt=\"\" width=\"300\" height=\"209\" srcset=\"https:\/\/revistaenfoquepolitico.com\/wp-content\/uploads\/2026\/03\/IMG-20260330-WA0176-300x209.jpg 300w, https:\/\/revistaenfoquepolitico.com\/wp-content\/uploads\/2026\/03\/IMG-20260330-WA0176-1024x715.jpg 1024w, https:\/\/revistaenfoquepolitico.com\/wp-content\/uploads\/2026\/03\/IMG-20260330-WA0176-768x536.jpg 768w, https:\/\/revistaenfoquepolitico.com\/wp-content\/uploads\/2026\/03\/IMG-20260330-WA0176.jpg 1476w\" sizes=\"auto, (max-width: 300px) 100vw, 300px\" \/><\/div>\n<\/div>\n","protected":false},"excerpt":{"rendered":"<p>DIF Medell\u00edn impulsa el bienestar de adultos mayores con talleres recreativos y formativos Medell\u00edn de Bravo, Ver. Con el firme compromiso de fortalecer el bienestar y la calidad de vida de las personas adultas mayores, el Sistema DIF Municipal de Medell\u00edn de Bravo llev\u00f3 a cabo la inauguraci\u00f3n de los talleres dirigidos a este importante [&hellip;]<\/p>\n","protected":false},"author":1,"featured_media":6703,"comment_status":"closed","ping_status":"closed","sticky":false,"template":"","format":"standard","meta":{"_jetpack_memberships_contains_paid_content":false,"footnotes":"","jetpack_publicize_message":"","jetpack_publicize_feature_enabled":true,"jetpack_social_post_already_shared":true,"jetpack_social_options":{"image_generator_settings":{"template":"highway","default_image_id":0,"font":"","enabled":false},"version":2}},"categories":[4],"tags":[67],"class_list":["post-6699","post","type-post","status-publish","format-standard","has-post-thumbnail","hentry","category-noticia-politica","tag-dif-medellin"],"jetpack_publicize_connections":[],"jetpack_featured_media_url":"https:\/\/revistaenfoquepolitico.com\/wp-content\/uploads\/2026\/03\/IMG-20260330-WA0164.jpg","jetpack_sharing_enabled":true,"_links":{"self":[{"href":"https:\/\/revistaenfoquepolitico.com\/index.php\/wp-json\/wp\/v2\/posts\/6699","targetHints":{"allow":["GET"]}}],"collection":[{"href":"https:\/\/revistaenfoquepolitico.com\/index.php\/wp-json\/wp\/v2\/posts"}],"about":[{"href":"https:\/\/revistaenfoquepolitico.com\/index.php\/wp-json\/wp\/v2\/types\/post"}],"author":[{"embeddable":true,"href":"https:\/\/revistaenfoquepolitico.com\/index.php\/wp-json\/wp\/v2\/users\/1"}],"replies":[{"embeddable":true,"href":"https:\/\/revistaenfoquepolitico.com\/index.php\/wp-json\/wp\/v2\/comments?post=6699"}],"version-history":[{"count":1,"href":"https:\/\/revistaenfoquepolitico.com\/index.php\/wp-json\/wp\/v2\/posts\/6699\/revisions"}],"predecessor-version":[{"id":6706,"href":"https:\/\/revistaenfoquepolitico.com\/index.php\/wp-json\/wp\/v2\/posts\/6699\/revisions\/6706"}],"wp:featuredmedia":[{"embeddable":true,"href":"https:\/\/revistaenfoquepolitico.com\/index.php\/wp-json\/wp\/v2\/media\/6703"}],"wp:attachment":[{"href":"https:\/\/revistaenfoquepolitico.com\/index.php\/wp-json\/wp\/v2\/media?parent=6699"}],"wp:term":[{"taxonomy":"category","embeddable":true,"href":"https:\/\/revistaenfoquepolitico.com\/index.php\/wp-json\/wp\/v2\/categories?post=6699"},{"taxonomy":"post_tag","embeddable":true,"href":"https:\/\/revistaenfoquepolitico.com\/index.php\/wp-json\/wp\/v2\/tags?post=6699"}],"curies":[{"name":"wp","href":"https:\/\/api.w.org\/{rel}","templated":true}]}}