{"id":6717,"date":"2026-03-30T21:24:15","date_gmt":"2026-03-31T03:24:15","guid":{"rendered":"https:\/\/revistaenfoquepolitico.com\/?p=6717"},"modified":"2026-03-30T21:24:15","modified_gmt":"2026-03-31T03:24:15","slug":"se-consolida-el-dia-del-pueblo-con-cercania-y-cambios-verdaderos","status":"publish","type":"post","link":"https:\/\/revistaenfoquepolitico.com\/index.php\/2026\/03\/30\/se-consolida-el-dia-del-pueblo-con-cercania-y-cambios-verdaderos\/","title":{"rendered":"SE CONSOLIDA EL \u00abD\u00cdA DEL PUEBLO\u00bb CON CERCAN\u00cdA Y CAMBIOS VERDADEROS"},"content":{"rendered":"<div dir=\"auto\" data-olk-copy-source=\"MessageBody\">30 de marzo de 2026<\/div>\n<div dir=\"auto\">Bolet\u00edn Informativo<\/div>\n<div dir=\"auto\"><\/div>\n<div dir=\"auto\">*Se consolida el \u201cD\u00eda del Pueblo\u201d: con cercan\u00eda y cambios verdaderos*<\/div>\n<div dir=\"auto\"><\/div>\n<div dir=\"auto\" style=\"text-align: justify;\">*<strong>Reciben campeones estatales de futbol categor\u00eda 2018 felicitaciones de la alcaldesa; representar\u00e1n a la ciudad en campeonato nacional*<\/strong><\/div>\n<div dir=\"auto\"><\/div>\n<div dir=\"auto\" style=\"text-align: justify;\"><img loading=\"lazy\" decoding=\"async\" class=\"alignleft size-medium wp-image-6718\" src=\"https:\/\/revistaenfoquepolitico.com\/wp-content\/uploads\/2026\/03\/IMG-20260330-WA0422-300x200.jpg\" alt=\"\" width=\"300\" height=\"200\" srcset=\"https:\/\/revistaenfoquepolitico.com\/wp-content\/uploads\/2026\/03\/IMG-20260330-WA0422-300x200.jpg 300w, https:\/\/revistaenfoquepolitico.com\/wp-content\/uploads\/2026\/03\/IMG-20260330-WA0422-1024x683.jpg 1024w, https:\/\/revistaenfoquepolitico.com\/wp-content\/uploads\/2026\/03\/IMG-20260330-WA0422-768x512.jpg 768w, https:\/\/revistaenfoquepolitico.com\/wp-content\/uploads\/2026\/03\/IMG-20260330-WA0422-1536x1024.jpg 1536w, https:\/\/revistaenfoquepolitico.com\/wp-content\/uploads\/2026\/03\/IMG-20260330-WA0422-2048x1365.jpg 2048w\" sizes=\"auto, (max-width: 300px) 100vw, 300px\" \/>El \u201cD\u00eda del Pueblo\u201d se llen\u00f3 de emoci\u00f3n cuando la presidenta municipal de Veracruz, Rosa Mar\u00eda Hern\u00e1ndez Espejo, recibi\u00f3 a los peque\u00f1os futbolistas de la selecci\u00f3n \u201cLiga del Puerto\u201d categor\u00eda 2018, quienes llegaron con su trofeo tras coronarse campeones estatales y con la ilusi\u00f3n de representar a la ciudad en el campeonato nacional.<\/div>\n<div dir=\"auto\" style=\"text-align: justify;\"><\/div>\n<div dir=\"auto\" style=\"text-align: justify;\"><img loading=\"lazy\" decoding=\"async\" class=\"alignright size-medium wp-image-6719\" src=\"https:\/\/revistaenfoquepolitico.com\/wp-content\/uploads\/2026\/03\/IMG-20260330-WA0417-300x200.jpg\" alt=\"\" width=\"300\" height=\"200\" srcset=\"https:\/\/revistaenfoquepolitico.com\/wp-content\/uploads\/2026\/03\/IMG-20260330-WA0417-300x200.jpg 300w, https:\/\/revistaenfoquepolitico.com\/wp-content\/uploads\/2026\/03\/IMG-20260330-WA0417-1024x683.jpg 1024w, https:\/\/revistaenfoquepolitico.com\/wp-content\/uploads\/2026\/03\/IMG-20260330-WA0417-768x512.jpg 768w, https:\/\/revistaenfoquepolitico.com\/wp-content\/uploads\/2026\/03\/IMG-20260330-WA0417.jpg 1280w\" sizes=\"auto, (max-width: 300px) 100vw, 300px\" \/>Acompa\u00f1ados de entrenadores y familiares, compartieron su pasi\u00f3n y metas deportivas, mientras la alcaldesa los felicit\u00f3 y respald\u00f3 para sus pr\u00f3ximos torneos, destacando la importancia de impulsar el talento local y brindar espacios donde ni\u00f1as y ni\u00f1os puedan desarrollar sus habilidades deportivas en todos los rincones del municipio.<\/div>\n<div dir=\"auto\" style=\"text-align: justify;\"><\/div>\n<div dir=\"auto\" style=\"text-align: justify;\"><img loading=\"lazy\" decoding=\"async\" class=\"alignleft size-medium wp-image-6722\" src=\"https:\/\/revistaenfoquepolitico.com\/wp-content\/uploads\/2026\/03\/IMG-20260330-WA0426-300x200.jpg\" alt=\"\" width=\"300\" height=\"200\" srcset=\"https:\/\/revistaenfoquepolitico.com\/wp-content\/uploads\/2026\/03\/IMG-20260330-WA0426-300x200.jpg 300w, https:\/\/revistaenfoquepolitico.com\/wp-content\/uploads\/2026\/03\/IMG-20260330-WA0426-1024x683.jpg 1024w, https:\/\/revistaenfoquepolitico.com\/wp-content\/uploads\/2026\/03\/IMG-20260330-WA0426-768x512.jpg 768w, https:\/\/revistaenfoquepolitico.com\/wp-content\/uploads\/2026\/03\/IMG-20260330-WA0426-1536x1024.jpg 1536w, https:\/\/revistaenfoquepolitico.com\/wp-content\/uploads\/2026\/03\/IMG-20260330-WA0426-2048x1365.jpg 2048w\" sizes=\"auto, (max-width: 300px) 100vw, 300px\" \/>Durante la jornada, realizada como cada lunes en el Palacio Municipal, todas las \u00e1reas del Ayuntamiento estuvieron presentes, recibiendo y canalizando 135 solicitudes ciudadanas. Vecinas y vecinos agradecieron los cambios que ya se perciben en sus colonias y fraccionamientos, mostrando confianza en que sus necesidades son escuchadas y atendidas de manera cercana y efectiva.<\/div>\n<div dir=\"auto\" style=\"text-align: justify;\"><\/div>\n<div dir=\"auto\" style=\"text-align: justify;\">Con estas acciones, el Ayuntamiento de Veracruz reafirma su compromiso con el talento local y el bienestar de las familias. Celebrar logros deportivos y atender necesidades vecinales van de la mano, construyendo una ciudad de Veracruz unida, cercana, orgullosa y con oportunidades para todas y todos.<\/div>\n<div id=\"x_ms-outlook-mobile-body-separator-line\" dir=\"auto\" data-applydefaultfontstyles=\"true\">\n<div dir=\"auto\" style=\"text-align: justify;\"><img loading=\"lazy\" decoding=\"async\" class=\"aligncenter size-medium wp-image-6720\" src=\"https:\/\/revistaenfoquepolitico.com\/wp-content\/uploads\/2026\/03\/IMG-20260330-WA0424-300x200.jpg\" alt=\"\" width=\"300\" height=\"200\" srcset=\"https:\/\/revistaenfoquepolitico.com\/wp-content\/uploads\/2026\/03\/IMG-20260330-WA0424-300x200.jpg 300w, https:\/\/revistaenfoquepolitico.com\/wp-content\/uploads\/2026\/03\/IMG-20260330-WA0424-1024x683.jpg 1024w, https:\/\/revistaenfoquepolitico.com\/wp-content\/uploads\/2026\/03\/IMG-20260330-WA0424-768x512.jpg 768w, https:\/\/revistaenfoquepolitico.com\/wp-content\/uploads\/2026\/03\/IMG-20260330-WA0424-1536x1024.jpg 1536w, https:\/\/revistaenfoquepolitico.com\/wp-content\/uploads\/2026\/03\/IMG-20260330-WA0424-2048x1365.jpg 2048w\" sizes=\"auto, (max-width: 300px) 100vw, 300px\" \/><\/div>\n<\/div>\n","protected":false},"excerpt":{"rendered":"<p>30 de marzo de 2026 Bolet\u00edn Informativo *Se consolida el \u201cD\u00eda del Pueblo\u201d: con cercan\u00eda y cambios verdaderos* *Reciben campeones estatales de futbol categor\u00eda 2018 felicitaciones de la alcaldesa; representar\u00e1n a la ciudad en campeonato nacional* El \u201cD\u00eda del Pueblo\u201d se llen\u00f3 de emoci\u00f3n cuando la presidenta municipal de Veracruz, Rosa Mar\u00eda Hern\u00e1ndez Espejo, recibi\u00f3 [&hellip;]<\/p>\n","protected":false},"author":1,"featured_media":6721,"comment_status":"closed","ping_status":"closed","sticky":false,"template":"","format":"standard","meta":{"_jetpack_memberships_contains_paid_content":false,"footnotes":"","jetpack_publicize_message":"","jetpack_publicize_feature_enabled":true,"jetpack_social_post_already_shared":true,"jetpack_social_options":{"image_generator_settings":{"template":"highway","default_image_id":0,"font":"","enabled":false},"version":2}},"categories":[4],"tags":[72],"class_list":["post-6717","post","type-post","status-publish","format-standard","has-post-thumbnail","hentry","category-noticia-politica","tag-rosa-maria-presidenta-de-veracruz"],"jetpack_publicize_connections":[],"jetpack_featured_media_url":"https:\/\/revistaenfoquepolitico.com\/wp-content\/uploads\/2026\/03\/IMG-20260330-WA0419.jpg","jetpack_sharing_enabled":true,"_links":{"self":[{"href":"https:\/\/revistaenfoquepolitico.com\/index.php\/wp-json\/wp\/v2\/posts\/6717","targetHints":{"allow":["GET"]}}],"collection":[{"href":"https:\/\/revistaenfoquepolitico.com\/index.php\/wp-json\/wp\/v2\/posts"}],"about":[{"href":"https:\/\/revistaenfoquepolitico.com\/index.php\/wp-json\/wp\/v2\/types\/post"}],"author":[{"embeddable":true,"href":"https:\/\/revistaenfoquepolitico.com\/index.php\/wp-json\/wp\/v2\/users\/1"}],"replies":[{"embeddable":true,"href":"https:\/\/revistaenfoquepolitico.com\/index.php\/wp-json\/wp\/v2\/comments?post=6717"}],"version-history":[{"count":1,"href":"https:\/\/revistaenfoquepolitico.com\/index.php\/wp-json\/wp\/v2\/posts\/6717\/revisions"}],"predecessor-version":[{"id":6723,"href":"https:\/\/revistaenfoquepolitico.com\/index.php\/wp-json\/wp\/v2\/posts\/6717\/revisions\/6723"}],"wp:featuredmedia":[{"embeddable":true,"href":"https:\/\/revistaenfoquepolitico.com\/index.php\/wp-json\/wp\/v2\/media\/6721"}],"wp:attachment":[{"href":"https:\/\/revistaenfoquepolitico.com\/index.php\/wp-json\/wp\/v2\/media?parent=6717"}],"wp:term":[{"taxonomy":"category","embeddable":true,"href":"https:\/\/revistaenfoquepolitico.com\/index.php\/wp-json\/wp\/v2\/categories?post=6717"},{"taxonomy":"post_tag","embeddable":true,"href":"https:\/\/revistaenfoquepolitico.com\/index.php\/wp-json\/wp\/v2\/tags?post=6717"}],"curies":[{"name":"wp","href":"https:\/\/api.w.org\/{rel}","templated":true}]}}