{"id":7205,"date":"2026-04-24T22:18:21","date_gmt":"2026-04-25T04:18:21","guid":{"rendered":"https:\/\/revistaenfoquepolitico.com\/?p=7205"},"modified":"2026-04-24T22:18:21","modified_gmt":"2026-04-25T04:18:21","slug":"entre-grilla-y-resultados-samuel-acosta-camina-con-el-respaldo-del-gobierno-estatal","status":"publish","type":"post","link":"https:\/\/revistaenfoquepolitico.com\/index.php\/2026\/04\/24\/entre-grilla-y-resultados-samuel-acosta-camina-con-el-respaldo-del-gobierno-estatal\/","title":{"rendered":"ENTRE GRILLA Y RESULTADOS: SAMUEL ACOSTA CAMINA CON EL RESPALDO DEL GOBIERNO ESTATAL"},"content":{"rendered":"<div dir=\"auto\"><\/div>\n<div dir=\"auto\" style=\"text-align: justify;\">Mientras algunos siguen instalados en la vieja pol\u00edtica de la intriga, el chisme y la descalificaci\u00f3n, el alcalde Samuel Acosta Mart\u00ednez anda en otra sinton\u00eda: la de los resultados y las gestiones de alto nivel.<\/div>\n<div dir=\"auto\" style=\"text-align: justify;\"><\/div>\n<div dir=\"auto\" style=\"text-align: justify;\">La postal lo dice todo. En el Congreso Nacional del Caballo Veracruz 2026, Acosta Mart\u00ednez no solo estuvo presente, sino que camin\u00f3 de la mano de la gobernadora Roc\u00edo Nahle Garc\u00eda por el stand de Medell\u00edn. No fue casualidad ni protocolo vac\u00edo\u2026 fue mensaje pol\u00edtico claro: hay cercan\u00eda, hay coordinaci\u00f3n y, sobre todo, hay puerta abierta en Palacio.<\/div>\n<div dir=\"auto\" style=\"text-align: justify;\"><\/div>\n<div dir=\"auto\" style=\"text-align: justify;\">Y mientras unos desgastan saliva tratando de jalar reflectores con ataques reciclados, el alcalde se mueve donde realmente importa. Prueba de ello es la gesti\u00f3n de la tan exigida pavimentaci\u00f3n de la carretera Veracruz\u2013Medell\u00edn, una demanda hist\u00f3rica que por a\u00f1os qued\u00f3 en promesas\u2026 hasta ahora.<\/div>\n<div dir=\"auto\" style=\"text-align: justify;\"><\/div>\n<div dir=\"auto\" style=\"text-align: justify;\">Porque aqu\u00ed hay dos formas de hacer pol\u00edtica: la de los que critican desde la banqueta\u2026 y la de los que gestionan desde la mesa donde se toman decisiones.<\/div>\n<div dir=\"auto\" style=\"text-align: justify;\"><\/div>\n<div dir=\"auto\" style=\"text-align: justify;\">Por si fuera poco, lo que viene pinta fuerte. En los pr\u00f3ximos d\u00edas se anunciar\u00e1n artistas de peso para el Cumbia Fest, un evento que no ser\u00e1 cualquier bailecito de barrio, sino un escaparate para poner a Medell\u00edn en el radar grande. S\u00famale a eso obras de impacto que ya se cocinan y que, sin tanto ruido, terminar\u00e1n hablando por s\u00ed solas.<\/div>\n<div dir=\"auto\" style=\"text-align: justify;\"><\/div>\n<div dir=\"auto\" style=\"text-align: justify;\">Mientras tanto, hay quienes no terminan de digerir derrotas pasadas y siguen apostando a la guerra sucia, queriendo subir al alcalde al ring\u2026 pero no hay pelea cuando uno est\u00e1 ocupado trabajando.<\/div>\n<div dir=\"auto\" style=\"text-align: justify;\"><\/div>\n<div dir=\"auto\" style=\"text-align: justify;\">La diferencia es evidente: unos siguen en campa\u00f1a\u2026 y otros ya est\u00e1n gobernando.<\/div>\n<div id=\"x_ms-outlook-mobile-body-separator-line\" dir=\"auto\" data-applydefaultfontstyles=\"true\">\n<div dir=\"auto\" style=\"text-align: justify;\"><img loading=\"lazy\" decoding=\"async\" class=\"alignleft size-medium wp-image-7206\" src=\"https:\/\/revistaenfoquepolitico.com\/wp-content\/uploads\/2026\/04\/IMG-20260424-WA0227-207x300.jpg\" alt=\"\" width=\"207\" height=\"300\" srcset=\"https:\/\/revistaenfoquepolitico.com\/wp-content\/uploads\/2026\/04\/IMG-20260424-WA0227-207x300.jpg 207w, https:\/\/revistaenfoquepolitico.com\/wp-content\/uploads\/2026\/04\/IMG-20260424-WA0227-708x1024.jpg 708w, https:\/\/revistaenfoquepolitico.com\/wp-content\/uploads\/2026\/04\/IMG-20260424-WA0227-768x1111.jpg 768w, https:\/\/revistaenfoquepolitico.com\/wp-content\/uploads\/2026\/04\/IMG-20260424-WA0227-1062x1536.jpg 1062w, https:\/\/revistaenfoquepolitico.com\/wp-content\/uploads\/2026\/04\/IMG-20260424-WA0227.jpg 1106w\" sizes=\"auto, (max-width: 207px) 100vw, 207px\" \/><\/div>\n<\/div>\n","protected":false},"excerpt":{"rendered":"<p>Mientras algunos siguen instalados en la vieja pol\u00edtica de la intriga, el chisme y la descalificaci\u00f3n, el alcalde Samuel Acosta Mart\u00ednez anda en otra sinton\u00eda: la de los resultados y las gestiones de alto nivel. La postal lo dice todo. En el Congreso Nacional del Caballo Veracruz 2026, Acosta Mart\u00ednez no solo estuvo presente, sino [&hellip;]<\/p>\n","protected":false},"author":1,"featured_media":7207,"comment_status":"closed","ping_status":"closed","sticky":false,"template":"","format":"standard","meta":{"_jetpack_memberships_contains_paid_content":false,"footnotes":"","jetpack_publicize_message":"","jetpack_publicize_feature_enabled":true,"jetpack_social_post_already_shared":true,"jetpack_social_options":{"image_generator_settings":{"template":"highway","default_image_id":0,"font":"","enabled":false},"version":2}},"categories":[4],"tags":[73],"class_list":["post-7205","post","type-post","status-publish","format-standard","has-post-thumbnail","hentry","category-noticia-politica","tag-samuel-acosta-alcalde-de-medellin"],"jetpack_publicize_connections":[],"jetpack_featured_media_url":"https:\/\/revistaenfoquepolitico.com\/wp-content\/uploads\/2026\/04\/IMG-20260424-WA0229.jpg","jetpack_sharing_enabled":true,"_links":{"self":[{"href":"https:\/\/revistaenfoquepolitico.com\/index.php\/wp-json\/wp\/v2\/posts\/7205","targetHints":{"allow":["GET"]}}],"collection":[{"href":"https:\/\/revistaenfoquepolitico.com\/index.php\/wp-json\/wp\/v2\/posts"}],"about":[{"href":"https:\/\/revistaenfoquepolitico.com\/index.php\/wp-json\/wp\/v2\/types\/post"}],"author":[{"embeddable":true,"href":"https:\/\/revistaenfoquepolitico.com\/index.php\/wp-json\/wp\/v2\/users\/1"}],"replies":[{"embeddable":true,"href":"https:\/\/revistaenfoquepolitico.com\/index.php\/wp-json\/wp\/v2\/comments?post=7205"}],"version-history":[{"count":1,"href":"https:\/\/revistaenfoquepolitico.com\/index.php\/wp-json\/wp\/v2\/posts\/7205\/revisions"}],"predecessor-version":[{"id":7208,"href":"https:\/\/revistaenfoquepolitico.com\/index.php\/wp-json\/wp\/v2\/posts\/7205\/revisions\/7208"}],"wp:featuredmedia":[{"embeddable":true,"href":"https:\/\/revistaenfoquepolitico.com\/index.php\/wp-json\/wp\/v2\/media\/7207"}],"wp:attachment":[{"href":"https:\/\/revistaenfoquepolitico.com\/index.php\/wp-json\/wp\/v2\/media?parent=7205"}],"wp:term":[{"taxonomy":"category","embeddable":true,"href":"https:\/\/revistaenfoquepolitico.com\/index.php\/wp-json\/wp\/v2\/categories?post=7205"},{"taxonomy":"post_tag","embeddable":true,"href":"https:\/\/revistaenfoquepolitico.com\/index.php\/wp-json\/wp\/v2\/tags?post=7205"}],"curies":[{"name":"wp","href":"https:\/\/api.w.org\/{rel}","templated":true}]}}