{"id":7211,"date":"2026-04-26T07:59:13","date_gmt":"2026-04-26T13:59:13","guid":{"rendered":"https:\/\/revistaenfoquepolitico.com\/?p=7211"},"modified":"2026-04-26T07:59:13","modified_gmt":"2026-04-26T13:59:13","slug":"impulsa-ayuntamiento-de-veracruz-el-desarrollo-economico-con-la-feria-municipal-del-empleo","status":"publish","type":"post","link":"https:\/\/revistaenfoquepolitico.com\/index.php\/2026\/04\/26\/impulsa-ayuntamiento-de-veracruz-el-desarrollo-economico-con-la-feria-municipal-del-empleo\/","title":{"rendered":"IMPULSA AYUNTAMIENTO DE VERACRUZ EL DESARROLLO ECON\u00d3MICO CON LA FERIA MUNICIPAL DEL EMPLEO"},"content":{"rendered":"<div dir=\"auto\" data-olk-copy-source=\"MessageBody\">Bolet\u00edn Informativo<\/div>\n<div dir=\"auto\"><\/div>\n<div dir=\"auto\" style=\"text-align: justify;\">Alrededor de 50 empresas locales ofrecieron cerca de 800 vacantes durante el evento al que asistieron 215 personas en busca de una oportunidad laboral<\/div>\n<div dir=\"auto\" style=\"text-align: justify;\"><\/div>\n<div dir=\"auto\" style=\"text-align: justify;\">El Ayuntamiento de Veracruz realiz\u00f3 con gran \u00e9xito la Primera Feria Municipal del Empleo en el parque Zamora, con el objetivo de fortalecer la econom\u00eda y el bienestar de las familias, logrando una vinculaci\u00f3n directa entre la ciudadan\u00eda y el sector productivo, al acercar oportunidades reales de trabajo en un mismo espacio.<\/div>\n<div dir=\"auto\" style=\"text-align: justify;\"><\/div>\n<div dir=\"auto\" style=\"text-align: justify;\"><img loading=\"lazy\" decoding=\"async\" class=\"alignleft size-medium wp-image-7213\" src=\"https:\/\/revistaenfoquepolitico.com\/wp-content\/uploads\/2026\/04\/IMG-20260424-WA0201-300x200.jpg\" alt=\"\" width=\"300\" height=\"200\" srcset=\"https:\/\/revistaenfoquepolitico.com\/wp-content\/uploads\/2026\/04\/IMG-20260424-WA0201-300x200.jpg 300w, https:\/\/revistaenfoquepolitico.com\/wp-content\/uploads\/2026\/04\/IMG-20260424-WA0201-1024x683.jpg 1024w, https:\/\/revistaenfoquepolitico.com\/wp-content\/uploads\/2026\/04\/IMG-20260424-WA0201-768x512.jpg 768w, https:\/\/revistaenfoquepolitico.com\/wp-content\/uploads\/2026\/04\/IMG-20260424-WA0201-1536x1024.jpg 1536w, https:\/\/revistaenfoquepolitico.com\/wp-content\/uploads\/2026\/04\/IMG-20260424-WA0201-2048x1366.jpg 2048w\" sizes=\"auto, (max-width: 300px) 100vw, 300px\" \/>A trav\u00e9s de la direcci\u00f3n de Desarrollo Econ\u00f3mico y Portuario se desarroll\u00f3 el evento en el que participaron m\u00e1s de 50 empresas locales que ofrecieron cerca de 800 vacantes para distintos perfiles, lo que permiti\u00f3 que 215 personas que asistieron a la jornada en busca de una oportunidad laboral, pudieran interactuar de manera directa con reclutadores, facilitando as\u00ed sus procesos de selecci\u00f3n y contrataci\u00f3n en un ambiente accesible y din\u00e1mico.<\/div>\n<div dir=\"auto\" style=\"text-align: justify;\"><\/div>\n<div dir=\"auto\" style=\"text-align: justify;\"><img loading=\"lazy\" decoding=\"async\" class=\"alignright size-medium wp-image-7214\" src=\"https:\/\/revistaenfoquepolitico.com\/wp-content\/uploads\/2026\/04\/IMG-20260424-WA0203-300x200.jpg\" alt=\"\" width=\"300\" height=\"200\" srcset=\"https:\/\/revistaenfoquepolitico.com\/wp-content\/uploads\/2026\/04\/IMG-20260424-WA0203-300x200.jpg 300w, https:\/\/revistaenfoquepolitico.com\/wp-content\/uploads\/2026\/04\/IMG-20260424-WA0203-1024x683.jpg 1024w, https:\/\/revistaenfoquepolitico.com\/wp-content\/uploads\/2026\/04\/IMG-20260424-WA0203-768x512.jpg 768w, https:\/\/revistaenfoquepolitico.com\/wp-content\/uploads\/2026\/04\/IMG-20260424-WA0203-1536x1024.jpg 1536w, https:\/\/revistaenfoquepolitico.com\/wp-content\/uploads\/2026\/04\/IMG-20260424-WA0203-2048x1366.jpg 2048w\" sizes=\"auto, (max-width: 300px) 100vw, 300px\" \/>La Polic\u00eda Municipal tambi\u00e9n form\u00f3 parte de esta iniciativa al ofrecer plazas a quienes desean integrarse a las fuerzas de seguridad local, ampliando las alternativas de empleo y abriendo la puerta a quienes buscan desarrollarse en el servicio p\u00fablico, en una estrategia impulsada por la alcaldesa Rosa Mar\u00eda Hern\u00e1ndez Espejo para diversificar las opciones de crecimiento de las y los veracruzanos.<\/div>\n<div dir=\"auto\" style=\"text-align: justify;\"><\/div>\n<div dir=\"auto\" style=\"text-align: justify;\">Con estas acciones, el gobierno municipal reafirma su compromiso con la inclusi\u00f3n laboral y el desarrollo econ\u00f3mico de la ciudad, al tiempo que contin\u00faa construyendo puentes efectivos entre empresas y ciudadanos, promoviendo trabajos dignos que impulsen la movilidad social y mejoren la calidad de vida de las familias veracruzanas.<\/div>\n<div id=\"x_ms-outlook-mobile-body-separator-line\" dir=\"auto\" data-applydefaultfontstyles=\"true\">\n<div dir=\"auto\" style=\"text-align: justify;\"><\/div>\n<\/div>\n","protected":false},"excerpt":{"rendered":"<p>Bolet\u00edn Informativo Alrededor de 50 empresas locales ofrecieron cerca de 800 vacantes durante el evento al que asistieron 215 personas en busca de una oportunidad laboral El Ayuntamiento de Veracruz realiz\u00f3 con gran \u00e9xito la Primera Feria Municipal del Empleo en el parque Zamora, con el objetivo de fortalecer la econom\u00eda y el bienestar de [&hellip;]<\/p>\n","protected":false},"author":1,"featured_media":7215,"comment_status":"closed","ping_status":"closed","sticky":false,"template":"","format":"standard","meta":{"_jetpack_memberships_contains_paid_content":false,"footnotes":"","jetpack_publicize_message":"","jetpack_publicize_feature_enabled":true,"jetpack_social_post_already_shared":true,"jetpack_social_options":{"image_generator_settings":{"template":"highway","default_image_id":0,"font":"","enabled":false},"version":2}},"categories":[4],"tags":[],"class_list":["post-7211","post","type-post","status-publish","format-standard","has-post-thumbnail","hentry","category-noticia-politica"],"jetpack_publicize_connections":[],"jetpack_featured_media_url":"https:\/\/revistaenfoquepolitico.com\/wp-content\/uploads\/2026\/04\/IMG-20260424-WA0205-scaled.jpg","jetpack_sharing_enabled":true,"_links":{"self":[{"href":"https:\/\/revistaenfoquepolitico.com\/index.php\/wp-json\/wp\/v2\/posts\/7211","targetHints":{"allow":["GET"]}}],"collection":[{"href":"https:\/\/revistaenfoquepolitico.com\/index.php\/wp-json\/wp\/v2\/posts"}],"about":[{"href":"https:\/\/revistaenfoquepolitico.com\/index.php\/wp-json\/wp\/v2\/types\/post"}],"author":[{"embeddable":true,"href":"https:\/\/revistaenfoquepolitico.com\/index.php\/wp-json\/wp\/v2\/users\/1"}],"replies":[{"embeddable":true,"href":"https:\/\/revistaenfoquepolitico.com\/index.php\/wp-json\/wp\/v2\/comments?post=7211"}],"version-history":[{"count":1,"href":"https:\/\/revistaenfoquepolitico.com\/index.php\/wp-json\/wp\/v2\/posts\/7211\/revisions"}],"predecessor-version":[{"id":7218,"href":"https:\/\/revistaenfoquepolitico.com\/index.php\/wp-json\/wp\/v2\/posts\/7211\/revisions\/7218"}],"wp:featuredmedia":[{"embeddable":true,"href":"https:\/\/revistaenfoquepolitico.com\/index.php\/wp-json\/wp\/v2\/media\/7215"}],"wp:attachment":[{"href":"https:\/\/revistaenfoquepolitico.com\/index.php\/wp-json\/wp\/v2\/media?parent=7211"}],"wp:term":[{"taxonomy":"category","embeddable":true,"href":"https:\/\/revistaenfoquepolitico.com\/index.php\/wp-json\/wp\/v2\/categories?post=7211"},{"taxonomy":"post_tag","embeddable":true,"href":"https:\/\/revistaenfoquepolitico.com\/index.php\/wp-json\/wp\/v2\/tags?post=7211"}],"curies":[{"name":"wp","href":"https:\/\/api.w.org\/{rel}","templated":true}]}}