{"id":7219,"date":"2026-04-26T08:25:50","date_gmt":"2026-04-26T14:25:50","guid":{"rendered":"https:\/\/revistaenfoquepolitico.com\/?p=7219"},"modified":"2026-04-26T08:25:50","modified_gmt":"2026-04-26T14:25:50","slug":"fgr-obtiene-sentencia-de-dos-anos-de-prision-contra-dos-personas-por-portacion-de-arma-de-fuego-en-veracruz","status":"publish","type":"post","link":"https:\/\/revistaenfoquepolitico.com\/index.php\/2026\/04\/26\/fgr-obtiene-sentencia-de-dos-anos-de-prision-contra-dos-personas-por-portacion-de-arma-de-fuego-en-veracruz\/","title":{"rendered":"FGR OBTIENE SENTENCIA DE DOS A\u00d1OS DE PRISI\u00d3N CONTRA DOS PERSONAS POR PORTACI\u00d3N DE ARMA DE FUEGO EN VERACRUZ"},"content":{"rendered":"<div id=\"x_ms-outlook-mobile-body-separator-line\" dir=\"auto\" data-applydefaultfontstyles=\"true\">\n<div dir=\"auto\" data-olk-copy-source=\"MessageBody\">Comunicado FGR DPE\/1757\/2026<\/div>\n<div dir=\"auto\">H. Veracruz, Veracruz, 23 de abril de 2026<\/div>\n<div dir=\"auto\"><\/div>\n<div dir=\"auto\"><\/div>\n<div dir=\"auto\" style=\"text-align: justify;\">La Fiscal\u00eda General de la Rep\u00fablica (FGR) a trav\u00e9s de su Fiscal\u00eda Especializada de Control Regional (FECOR) en el estado de Veracruz, obtuvo sentencia de dos a\u00f1os tres meses de prisi\u00f3n contra dos personas, al acreditar su participaci\u00f3n en el delito de portaci\u00f3n de arma de fuego sin licencia.<\/div>\n<div dir=\"auto\" style=\"text-align: justify;\"><\/div>\n<div dir=\"auto\" style=\"text-align: justify;\">El Ministerio P\u00fablico Federal inici\u00f3 una carpeta de investigaci\u00f3n, derivado de la recepci\u00f3n de un Informe Policial Homologado (IPH), a trav\u00e9s del cual elementos de la Polic\u00eda Estatal pusieron a disposici\u00f3n de la Fiscal\u00eda Federal en la entidad a Juan \u201cN\u201d y Carlos \u201cN\u201d, detenidos en la colonia Cecilio Ter\u00e1n, del municipio de Nogales.<\/div>\n<div dir=\"auto\" style=\"text-align: justify;\"><\/div>\n<div dir=\"auto\" style=\"text-align: justify;\">Al momento de la detenci\u00f3n, ambas personas se encontraban en el interior de un veh\u00edculo en el que les aseguraron un arma de fuego corta tipo rev\u00f3lver y seis cartuchos \u00fatiles al calibre, de los cuales dijeron no contar con el permiso de la autoridad correspondiente para su portaci\u00f3n.<\/div>\n<div dir=\"auto\" style=\"text-align: justify;\"><\/div>\n<div dir=\"auto\" style=\"text-align: justify;\">Los detenidos y lo asegurado quedaron a disposici\u00f3n de la Fiscal\u00eda Federal en la entidad, instancia que inici\u00f3 la carpeta de investigaci\u00f3n correspondiente y tras la vinculaci\u00f3n a proceso, el juez impuso la sentencia de dos a\u00f1os tres meses de prisi\u00f3n y orden\u00f3 el pago de una multa de ocho mil 495 pesos, por el delito referido.<\/div>\n<div dir=\"auto\" style=\"text-align: justify;\"><\/div>\n<div dir=\"auto\" style=\"text-align: justify;\">Con estas acciones la FGR reafirma el compromiso con la sociedad para la investigaci\u00f3n y persecuci\u00f3n de los delitos en materia federal, \u00a0por lo que se invita a la ciudadan\u00eda, a que denuncie las 24 horas de los 365 d\u00edas del a\u00f1o, de forma presencial o an\u00f3nima, en las instalaciones de la Fiscal\u00eda General de la Rep\u00fablica en Veracruz, con domicilio en Av. J.B. Lobos n\u00famero 684, Colonia Reserva territorial \u201cEl Coyol\u201d, C.P. 91779, Veracruz, Ver, tel\u00e9fono 2299896334, correo electr\u00f3nico vua.veracruz@fgr.org.mx.<\/div>\n<div dir=\"auto\"><img loading=\"lazy\" decoding=\"async\" class=\"alignleft size-medium wp-image-7221\" src=\"https:\/\/revistaenfoquepolitico.com\/wp-content\/uploads\/2026\/04\/IMG-20260423-WA0221-269x300.jpg\" alt=\"\" width=\"269\" height=\"300\" srcset=\"https:\/\/revistaenfoquepolitico.com\/wp-content\/uploads\/2026\/04\/IMG-20260423-WA0221-269x300.jpg 269w, https:\/\/revistaenfoquepolitico.com\/wp-content\/uploads\/2026\/04\/IMG-20260423-WA0221.jpg 432w\" sizes=\"auto, (max-width: 269px) 100vw, 269px\" \/><\/div>\n<\/div>\n<div dir=\"auto\"><\/div>\n<div dir=\"auto\"><\/div>\n<div dir=\"auto\"><\/div>\n<div dir=\"auto\"><\/div>\n<div dir=\"auto\"><\/div>\n<div dir=\"auto\"><\/div>\n<div dir=\"auto\"><\/div>\n<div dir=\"auto\"><\/div>\n<div dir=\"auto\"><\/div>\n<div dir=\"auto\"><\/div>\n<div dir=\"auto\"><\/div>\n<div dir=\"auto\"><\/div>\n<div dir=\"auto\"><\/div>\n<div dir=\"auto\"><\/div>\n<div dir=\"auto\"><img loading=\"lazy\" decoding=\"async\" class=\"alignleft size-medium wp-image-7220\" src=\"https:\/\/revistaenfoquepolitico.com\/wp-content\/uploads\/2026\/04\/IMG-20260423-WA0222-269x300.jpg\" alt=\"\" width=\"269\" height=\"300\" srcset=\"https:\/\/revistaenfoquepolitico.com\/wp-content\/uploads\/2026\/04\/IMG-20260423-WA0222-269x300.jpg 269w, https:\/\/revistaenfoquepolitico.com\/wp-content\/uploads\/2026\/04\/IMG-20260423-WA0222.jpg 432w\" sizes=\"auto, (max-width: 269px) 100vw, 269px\" \/><\/div>\n","protected":false},"excerpt":{"rendered":"<p>Comunicado FGR DPE\/1757\/2026 H. Veracruz, Veracruz, 23 de abril de 2026 La Fiscal\u00eda General de la Rep\u00fablica (FGR) a trav\u00e9s de su Fiscal\u00eda Especializada de Control Regional (FECOR) en el estado de Veracruz, obtuvo sentencia de dos a\u00f1os tres meses de prisi\u00f3n contra dos personas, al acreditar su participaci\u00f3n en el delito de portaci\u00f3n de [&hellip;]<\/p>\n","protected":false},"author":1,"featured_media":7093,"comment_status":"closed","ping_status":"closed","sticky":false,"template":"","format":"standard","meta":{"_jetpack_memberships_contains_paid_content":false,"footnotes":"","jetpack_publicize_message":"","jetpack_publicize_feature_enabled":true,"jetpack_social_post_already_shared":true,"jetpack_social_options":{"image_generator_settings":{"template":"highway","default_image_id":0,"font":"","enabled":false},"version":2}},"categories":[6],"tags":[62],"class_list":["post-7219","post","type-post","status-publish","format-standard","has-post-thumbnail","hentry","category-noticia-policiaca","tag-fgr"],"jetpack_publicize_connections":[],"jetpack_featured_media_url":"https:\/\/revistaenfoquepolitico.com\/wp-content\/uploads\/2026\/04\/IMG-20260416-WA0207-1.jpg","jetpack_sharing_enabled":true,"_links":{"self":[{"href":"https:\/\/revistaenfoquepolitico.com\/index.php\/wp-json\/wp\/v2\/posts\/7219","targetHints":{"allow":["GET"]}}],"collection":[{"href":"https:\/\/revistaenfoquepolitico.com\/index.php\/wp-json\/wp\/v2\/posts"}],"about":[{"href":"https:\/\/revistaenfoquepolitico.com\/index.php\/wp-json\/wp\/v2\/types\/post"}],"author":[{"embeddable":true,"href":"https:\/\/revistaenfoquepolitico.com\/index.php\/wp-json\/wp\/v2\/users\/1"}],"replies":[{"embeddable":true,"href":"https:\/\/revistaenfoquepolitico.com\/index.php\/wp-json\/wp\/v2\/comments?post=7219"}],"version-history":[{"count":1,"href":"https:\/\/revistaenfoquepolitico.com\/index.php\/wp-json\/wp\/v2\/posts\/7219\/revisions"}],"predecessor-version":[{"id":7222,"href":"https:\/\/revistaenfoquepolitico.com\/index.php\/wp-json\/wp\/v2\/posts\/7219\/revisions\/7222"}],"wp:featuredmedia":[{"embeddable":true,"href":"https:\/\/revistaenfoquepolitico.com\/index.php\/wp-json\/wp\/v2\/media\/7093"}],"wp:attachment":[{"href":"https:\/\/revistaenfoquepolitico.com\/index.php\/wp-json\/wp\/v2\/media?parent=7219"}],"wp:term":[{"taxonomy":"category","embeddable":true,"href":"https:\/\/revistaenfoquepolitico.com\/index.php\/wp-json\/wp\/v2\/categories?post=7219"},{"taxonomy":"post_tag","embeddable":true,"href":"https:\/\/revistaenfoquepolitico.com\/index.php\/wp-json\/wp\/v2\/tags?post=7219"}],"curies":[{"name":"wp","href":"https:\/\/api.w.org\/{rel}","templated":true}]}}