{"id":7223,"date":"2026-04-26T09:19:07","date_gmt":"2026-04-26T15:19:07","guid":{"rendered":"https:\/\/revistaenfoquepolitico.com\/?p=7223"},"modified":"2026-04-26T09:19:07","modified_gmt":"2026-04-26T15:19:07","slug":"fgr-ejecuta-cuatro-cateos-en-panuco","status":"publish","type":"post","link":"https:\/\/revistaenfoquepolitico.com\/index.php\/2026\/04\/26\/fgr-ejecuta-cuatro-cateos-en-panuco\/","title":{"rendered":"FGR EJECUTA CUATRO CATEOS EN P\u00c1NUCO"},"content":{"rendered":"<div id=\"x_ms-outlook-mobile-body-separator-line\" dir=\"auto\" data-applydefaultfontstyles=\"true\">\n<div dir=\"auto\" data-olk-copy-source=\"MessageBody\">Comunicado FGR DPE\/1776\/2026<\/div>\n<div dir=\"auto\">\u00a0 \u00a0 \u00a0 \u00a0 \u00a0 \u00a0H. Veracruz, Veracruz, 24 de abril de 2026<\/div>\n<div dir=\"auto\"><\/div>\n<div dir=\"auto\">FGR EJECUTA CUATRO CATEOS EN P\u00c1NUCO Y ASEGURA M\u00c1S DE SEIS TONELADAS DE MATERIAL P\u00c9TREO Y 11 VEH\u00cdCULOS DE CARGA<\/div>\n<div dir=\"auto\"><\/div>\n<div dir=\"auto\" style=\"text-align: justify;\">La Fiscal\u00eda General de la Rep\u00fablica (FGR) a trav\u00e9s de la Fiscal\u00eda Especializada de Control Regional (FECOR) en el estado de Veracruz, obtuvo cuatro \u00f3rdenes de cateo, solicitadas como parte de una investigaci\u00f3n iniciada por la probable comisi\u00f3n de delitos previstos y sancionados en la Ley General de Bienes Nacionales.<\/div>\n<div dir=\"auto\" style=\"text-align: justify;\"><\/div>\n<div dir=\"auto\" style=\"text-align: justify;\"><img loading=\"lazy\" decoding=\"async\" class=\"alignleft size-medium wp-image-7226\" src=\"https:\/\/revistaenfoquepolitico.com\/wp-content\/uploads\/2026\/04\/IMG-20260424-WA0157-300x213.jpg\" alt=\"\" width=\"300\" height=\"213\" srcset=\"https:\/\/revistaenfoquepolitico.com\/wp-content\/uploads\/2026\/04\/IMG-20260424-WA0157-300x213.jpg 300w, https:\/\/revistaenfoquepolitico.com\/wp-content\/uploads\/2026\/04\/IMG-20260424-WA0157.jpg 319w\" sizes=\"auto, (max-width: 300px) 100vw, 300px\" \/>Derivado de los trabajos del Gabinete de Seguridad del Gobierno de M\u00e9xico, elementos de la Polic\u00eda Federal Ministerial (PFM) de la Agencia de Investigaci\u00f3n Criminal (AIC) y peritos del Centro Federal Pericial Forense (CFPF), bajo la supervisi\u00f3n del agente del Ministerio P\u00fablico Federal (AMPF) cumplimentaron las cuatro \u00f3rdenes de cateo en las inmediaciones de la carretera estatal P\u00e1nuco\u2013Nuevo Chicayan, en el municipio de P\u00e1nuco.<\/div>\n<div dir=\"auto\" style=\"text-align: justify;\"><\/div>\n<div dir=\"auto\" style=\"text-align: justify;\"><img loading=\"lazy\" decoding=\"async\" class=\"alignright size-medium wp-image-7227\" src=\"https:\/\/revistaenfoquepolitico.com\/wp-content\/uploads\/2026\/04\/IMG-20260424-WA0158-300x217.jpg\" alt=\"\" width=\"300\" height=\"217\" srcset=\"https:\/\/revistaenfoquepolitico.com\/wp-content\/uploads\/2026\/04\/IMG-20260424-WA0158-300x217.jpg 300w, https:\/\/revistaenfoquepolitico.com\/wp-content\/uploads\/2026\/04\/IMG-20260424-WA0158-1024x741.jpg 1024w, https:\/\/revistaenfoquepolitico.com\/wp-content\/uploads\/2026\/04\/IMG-20260424-WA0158-768x556.jpg 768w, https:\/\/revistaenfoquepolitico.com\/wp-content\/uploads\/2026\/04\/IMG-20260424-WA0158.jpg 1280w\" sizes=\"auto, (max-width: 300px) 100vw, 300px\" \/>En el primer predio, los efectivos federales aseguraron dos veh\u00edculos tipo Torton, una retroexcavadora, dos payloader y mil 528 metros c\u00fabicos aproximadamente de grava y arena, distribuidos en 15 mont\u00edculos.<\/div>\n<div dir=\"auto\" style=\"text-align: justify;\"><\/div>\n<div dir=\"auto\" style=\"text-align: justify;\">En el segundo predio, las autoridades aseguraron un veh\u00edculo tipo Torton, una retroexcavadora, un payloader y mil metros c\u00fabicos de grava y arena aproximadamente, distribuidos en 10 mont\u00edculos.<\/div>\n<div dir=\"auto\" style=\"text-align: justify;\"><\/div>\n<div dir=\"auto\" style=\"text-align: justify;\"><img loading=\"lazy\" decoding=\"async\" class=\"alignleft size-medium wp-image-7228\" src=\"https:\/\/revistaenfoquepolitico.com\/wp-content\/uploads\/2026\/04\/IMG-20260424-WA0161-300x214.jpg\" alt=\"\" width=\"300\" height=\"214\" srcset=\"https:\/\/revistaenfoquepolitico.com\/wp-content\/uploads\/2026\/04\/IMG-20260424-WA0161-300x214.jpg 300w, https:\/\/revistaenfoquepolitico.com\/wp-content\/uploads\/2026\/04\/IMG-20260424-WA0161-1024x731.jpg 1024w, https:\/\/revistaenfoquepolitico.com\/wp-content\/uploads\/2026\/04\/IMG-20260424-WA0161-768x548.jpg 768w, https:\/\/revistaenfoquepolitico.com\/wp-content\/uploads\/2026\/04\/IMG-20260424-WA0161.jpg 1116w\" sizes=\"auto, (max-width: 300px) 100vw, 300px\" \/>En el tercer predio se logr\u00f3 asegur\u00f3 una retroexcavadora y 600 metros c\u00fabicos de arena y grava, aproximadamente.<\/div>\n<div dir=\"auto\" style=\"text-align: justify;\"><\/div>\n<div dir=\"auto\" style=\"text-align: justify;\">En el cuarto predio se asegur\u00f3 una excavadora, un payloader, 35 mont\u00edculos de grava y arena con un total de tres mil 128 metros c\u00fabicos aproximadamente.<\/div>\n<div dir=\"auto\" style=\"text-align: justify;\"><\/div>\n<div dir=\"auto\" style=\"text-align: justify;\">Al no contar con el permiso correspondiente por parte de las autoridades de la Secretar\u00eda de Medio Ambiente y Recursos Naturales (SEMARNAT) y la Secretar\u00eda del Medio Ambiente (SEDEMA), ni de concesiones otorgadas por la Direcci\u00f3n General de Minas, los recursos y objetos asegurados fueron puestos a disposici\u00f3n de la Fiscal\u00eda Federal en la entidad, instancia que integra la carpeta de investigaci\u00f3n del delito de extracci\u00f3n il\u00edcita de material p\u00e9treo y aprovechamiento del mismo de manera ilegal en grandes cantidades.<\/div>\n<div dir=\"auto\" style=\"text-align: justify;\"><\/div>\n<div dir=\"auto\" style=\"text-align: justify;\"><img loading=\"lazy\" decoding=\"async\" class=\"alignright size-medium wp-image-7229\" src=\"https:\/\/revistaenfoquepolitico.com\/wp-content\/uploads\/2026\/04\/IMG-20260424-WA0163-300x169.jpg\" alt=\"\" width=\"300\" height=\"169\" srcset=\"https:\/\/revistaenfoquepolitico.com\/wp-content\/uploads\/2026\/04\/IMG-20260424-WA0163-300x169.jpg 300w, https:\/\/revistaenfoquepolitico.com\/wp-content\/uploads\/2026\/04\/IMG-20260424-WA0163-1024x576.jpg 1024w, https:\/\/revistaenfoquepolitico.com\/wp-content\/uploads\/2026\/04\/IMG-20260424-WA0163-768x432.jpg 768w, https:\/\/revistaenfoquepolitico.com\/wp-content\/uploads\/2026\/04\/IMG-20260424-WA0163.jpg 1218w\" sizes=\"auto, (max-width: 300px) 100vw, 300px\" \/>El material p\u00e9treo y la maquinaria quedaron a disposici\u00f3n del fiscal federal y los predios asegurados, bajo resguardo de la Secretar\u00eda de la Defensa nacional (Defensa), Polic\u00eda Estatal y Guardia Nacional.<\/div>\n<div dir=\"auto\" style=\"text-align: justify;\"><\/div>\n<div dir=\"auto\" style=\"text-align: justify;\">En todos los casos, las inspecciones judiciales contaron con operativos de seguridad perif\u00e9rica desplegados por elementos de la Secretar\u00eda de la Defensa Nacional (Defensa), Guardia Nacional (GN) y Polic\u00eda Estatal (PE),<\/div>\n<div dir=\"auto\" style=\"text-align: justify;\"><\/div>\n<div dir=\"auto\" style=\"text-align: justify;\">La FGR reafirma el compromiso con la sociedad para la investigaci\u00f3n y persecuci\u00f3n de los delitos en materia federal, \u00a0por lo que se invita a la ciudadan\u00eda, a que denuncie las 24 horas de los 365 d\u00edas del a\u00f1o, de forma presencial o an\u00f3nima, en las instalaciones de la Fiscal\u00eda General de la Rep\u00fablica en Veracruz, con domicilio en Av. J.B. Lobos n\u00famero 684, Colonia Reserva territorial \u201cEl Coyol\u201d, C.P. 91779, Veracruz, Ver, tel\u00e9fono 2299896334, correo electr\u00f3nico vua.veracruz@fgr.org.mx.<\/div>\n<\/div>\n","protected":false},"excerpt":{"rendered":"<p>Comunicado FGR DPE\/1776\/2026 \u00a0 \u00a0 \u00a0 \u00a0 \u00a0 \u00a0H. Veracruz, Veracruz, 24 de abril de 2026 FGR EJECUTA CUATRO CATEOS EN P\u00c1NUCO Y ASEGURA M\u00c1S DE SEIS TONELADAS DE MATERIAL P\u00c9TREO Y 11 VEH\u00cdCULOS DE CARGA La Fiscal\u00eda General de la Rep\u00fablica (FGR) a trav\u00e9s de la Fiscal\u00eda Especializada de Control Regional (FECOR) en el [&hellip;]<\/p>\n","protected":false},"author":1,"featured_media":7225,"comment_status":"closed","ping_status":"closed","sticky":false,"template":"","format":"standard","meta":{"_jetpack_memberships_contains_paid_content":false,"footnotes":"","jetpack_publicize_message":"","jetpack_publicize_feature_enabled":true,"jetpack_social_post_already_shared":true,"jetpack_social_options":{"image_generator_settings":{"template":"highway","default_image_id":0,"font":"","enabled":false},"version":2}},"categories":[6],"tags":[64],"class_list":["post-7223","post","type-post","status-publish","format-standard","has-post-thumbnail","hentry","category-noticia-policiaca","tag-pgr-veracruz"],"jetpack_publicize_connections":[],"jetpack_featured_media_url":"https:\/\/revistaenfoquepolitico.com\/wp-content\/uploads\/2026\/04\/IMG-20260424-WA0156.jpg","jetpack_sharing_enabled":true,"_links":{"self":[{"href":"https:\/\/revistaenfoquepolitico.com\/index.php\/wp-json\/wp\/v2\/posts\/7223","targetHints":{"allow":["GET"]}}],"collection":[{"href":"https:\/\/revistaenfoquepolitico.com\/index.php\/wp-json\/wp\/v2\/posts"}],"about":[{"href":"https:\/\/revistaenfoquepolitico.com\/index.php\/wp-json\/wp\/v2\/types\/post"}],"author":[{"embeddable":true,"href":"https:\/\/revistaenfoquepolitico.com\/index.php\/wp-json\/wp\/v2\/users\/1"}],"replies":[{"embeddable":true,"href":"https:\/\/revistaenfoquepolitico.com\/index.php\/wp-json\/wp\/v2\/comments?post=7223"}],"version-history":[{"count":1,"href":"https:\/\/revistaenfoquepolitico.com\/index.php\/wp-json\/wp\/v2\/posts\/7223\/revisions"}],"predecessor-version":[{"id":7230,"href":"https:\/\/revistaenfoquepolitico.com\/index.php\/wp-json\/wp\/v2\/posts\/7223\/revisions\/7230"}],"wp:featuredmedia":[{"embeddable":true,"href":"https:\/\/revistaenfoquepolitico.com\/index.php\/wp-json\/wp\/v2\/media\/7225"}],"wp:attachment":[{"href":"https:\/\/revistaenfoquepolitico.com\/index.php\/wp-json\/wp\/v2\/media?parent=7223"}],"wp:term":[{"taxonomy":"category","embeddable":true,"href":"https:\/\/revistaenfoquepolitico.com\/index.php\/wp-json\/wp\/v2\/categories?post=7223"},{"taxonomy":"post_tag","embeddable":true,"href":"https:\/\/revistaenfoquepolitico.com\/index.php\/wp-json\/wp\/v2\/tags?post=7223"}],"curies":[{"name":"wp","href":"https:\/\/api.w.org\/{rel}","templated":true}]}}