{"id":7232,"date":"2026-04-27T18:48:50","date_gmt":"2026-04-28T00:48:50","guid":{"rendered":"https:\/\/revistaenfoquepolitico.com\/?p=7232"},"modified":"2026-04-27T18:48:50","modified_gmt":"2026-04-28T00:48:50","slug":"en-la-clinica-del-issste-de-xalapa-se-interpreta-la-universalizacion-de-la-salud","status":"publish","type":"post","link":"https:\/\/revistaenfoquepolitico.com\/index.php\/2026\/04\/27\/en-la-clinica-del-issste-de-xalapa-se-interpreta-la-universalizacion-de-la-salud\/","title":{"rendered":"EN LA CLINICA DEL ISSSTE DE XALAPA, SE INTERPRETA LA UNIVERSALIZACI\u00d3N DE LA SALUD"},"content":{"rendered":"<div id=\"x_ms-outlook-mobile-body-separator-line\" dir=\"auto\" data-applydefaultfontstyles=\"true\">\n<div dir=\"auto\">Xalapa, Ver.<\/div>\n<div dir=\"auto\"><\/div>\n<div dir=\"auto\">&#8211; \u00a0 \u00a0 \u00a0 \u00a0 \u00a0El director se reuni\u00f3 con representantes de dependencias federales<\/div>\n<div dir=\"auto\">&#8211; \u00a0 \u00a0 \u00a0 \u00a0 \u00a0Sigue llegando equipo de alta tecnolog\u00eda para realizar cirug\u00edas<\/div>\n<div dir=\"auto\">&#8211; \u00a0 \u00a0 \u00a0 \u00a0 \u00a0Dirigente de jubilados reconoce el trabajo del doctor Samuel Ferrer<\/div>\n<div dir=\"auto\">&#8212;&#8212;&#8212;&#8212;&#8212;&#8212;&#8212;&#8212;&#8212;&#8212;&#8212;&#8212;&#8212;&#8212;&#8211;<\/div>\n<div dir=\"auto\" style=\"text-align: justify;\">La cl\u00ednica hospital del ISSSTE de la ciudad de Xalapa, contin\u00faa trabajando con alto sentido de responsabilidad y humanismo, interpretando la universalizaci\u00f3n de la salud que propuso la presidenta Claudia Sheinbaum y que en esta instituci\u00f3n aplica el director general, doctor Mart\u00ed Batres Guadarrama.<\/div>\n<div dir=\"auto\" style=\"text-align: justify;\">&#8212;&#8212;&#8212;&#8212;&#8212;&#8212;&#8212;&#8212;&#8212;&#8212;&#8212;&#8212;&#8212;&#8212;&#8212;-<\/div>\n<div dir=\"auto\" style=\"text-align: justify;\">El director de la cl\u00ednica hospital, doctor Samuel Ferrer Palacios, dijo que es por eso que, adem\u00e1s de mejorar la calidad del servicio, su oficina trabaja de puertas abiertas para escuchar los puntos de vista de los derechohabientes y de sus familiares, que merecen la mejor atenci\u00f3n.<\/div>\n<div dir=\"auto\" style=\"text-align: justify;\">&#8212;&#8212;&#8212;&#8212;&#8212;&#8212;&#8212;&#8212;&#8212;&#8212;&#8212;&#8212;&#8212;&#8212;&#8212;&#8211;<\/div>\n<div dir=\"auto\" style=\"text-align: justify;\">En una reuni\u00f3n que sostuvo con representantes de 13 dependencias federales y algunos integrantes de la Delegaci\u00f3n Estatal del ISSSTE, dijo que, la retroalimentaci\u00f3n es muy importante para conocer sus inquietudes y entre todos mejorar la calidad del servicio.<\/div>\n<div dir=\"auto\" style=\"text-align: justify;\">&#8212;&#8212;&#8212;&#8212;&#8212;&#8212;&#8212;&#8212;&#8212;&#8212;&#8212;&#8212;&#8212;&#8212;&#8212;&#8212;<\/div>\n<div dir=\"auto\" style=\"text-align: justify;\">\u201cEn esta oportunidad les quiero informar que el doctor Mart\u00ed Batres se ha encargado de atender las peticiones que le hemos formulado, para tener mejores condiciones de equipamiento y nos ha proporcionado lo necesario que aqu\u00ed tenemos a la vista\u201d, se\u00f1al\u00f3 Ferrer Palacios.<\/div>\n<div dir=\"auto\" style=\"text-align: justify;\">&#8212;&#8212;&#8212;&#8212;&#8212;&#8212;&#8212;&#8212;&#8212;&#8212;&#8212;&#8212;&#8212;&#8212;&#8212;<\/div>\n<div dir=\"auto\" style=\"text-align: justify;\">Reconoci\u00f3 la entrega y vocaci\u00f3n del equipo de trabajadores de las diversas \u00e1reas que participan diariamente en cuidar la salud de los enfermos que ah\u00ed acuden, que trabajan sin descanso, porque la demanda de estos servicios se ha incrementado, ya que son m\u00e1s de 170 mil los registros que ah\u00ed tienen.<\/div>\n<div dir=\"auto\" style=\"text-align: justify;\">&#8212;&#8212;&#8212;&#8212;&#8212;&#8212;&#8212;&#8212;&#8212;&#8212;&#8212;&#8212;&#8212;&#8212;&#8212;-<\/div>\n<div dir=\"auto\" style=\"text-align: justify;\">Record\u00f3 que esa cl\u00ednica hospital se inaugur\u00f3 en el a\u00f1o 1983 y que despu\u00e9s de 43 a\u00f1os la densidad poblacional se aument\u00f3 considerablemente, sin embargo, el esfuerzo se continuar\u00e1 aplicando hasta que puedan tener otras instalaciones m\u00e1s amplias y con m\u00e1s personal especializado.<\/div>\n<div dir=\"auto\" style=\"text-align: justify;\">&#8212;&#8212;&#8212;&#8212;&#8212;&#8212;&#8212;&#8212;&#8212;&#8212;&#8212;&#8212;&#8212;&#8212;&#8212;<\/div>\n<div dir=\"auto\" style=\"text-align: justify;\">Ferrer Palacios agradeci\u00f3 el apoyo que ha recibido de la presidenta Claudia Sheinbaum y del director general del ISSSTE, Mart\u00ed Batres Guadarrama, porque le han entregado a este hospital equipo de alta tecnolog\u00eda, capacitando al personal que la va a manejar y con lo que se van a resolver muchos problemas de salud.<\/div>\n<div dir=\"auto\" style=\"text-align: justify;\">&#8212;&#8212;&#8212;&#8212;&#8212;&#8212;&#8212;&#8212;&#8212;&#8212;&#8212;&#8212;&#8212;&#8212;&#8212;-<\/div>\n<div dir=\"auto\" style=\"text-align: justify;\">Se refiri\u00f3 de manera espec\u00edfica al micr\u00f3tomo, equipo para hacer cortes de tejido que facilitan la cirug\u00eda en algunos pacientes.<\/div>\n<div dir=\"auto\" style=\"text-align: justify;\">&#8212;&#8212;&#8212;&#8212;&#8212;&#8212;&#8212;&#8212;&#8212;&#8212;&#8212;&#8212;&#8212;&#8212;&#8212;-<\/div>\n<div dir=\"auto\" style=\"text-align: justify;\">De igual forma mencion\u00f3 la sala de endoscop\u00eda, donde se podr\u00e1n realizar estudios del sistema g\u00e1strico con este avanzado equipo que este mismo a\u00f1o podr\u00eda entrar en servicio.<\/div>\n<div dir=\"auto\" style=\"text-align: justify;\">&#8212;&#8212;&#8212;&#8212;&#8212;&#8212;&#8212;&#8212;&#8212;&#8212;&#8212;&#8212;&#8212;&#8212;&#8212;-<\/div>\n<div dir=\"auto\" style=\"text-align: justify;\">No ha sido f\u00e1cil reordenar los sistemas de trabajo porque algunos trabajadores hab\u00edan normalizado algunas conductas que afectaban el desarrollo de las labores y la imagen de la instituci\u00f3n, pero afortunadamente se han ido superando.<\/div>\n<div dir=\"auto\" style=\"text-align: justify;\">&#8212;&#8212;&#8212;&#8212;&#8212;&#8212;&#8212;&#8212;&#8212;&#8212;&#8212;&#8212;&#8212;&#8212;&#8212;&#8212;<\/div>\n<div dir=\"auto\" style=\"text-align: justify;\">Hoy todos los m\u00e9dicos y enfermeras portan su bata o uniforme, su gafete y, sobre todo, se ha insistido en hacer m\u00e1s humano el servicio para ofrecer lo mejor que tenemos para tender a todos los pacientes y sus familiares.<\/div>\n<div dir=\"auto\" style=\"text-align: justify;\">&#8212;&#8212;&#8212;&#8212;&#8212;&#8212;&#8212;&#8212;&#8212;&#8212;&#8212;&#8212;&#8212;&#8212;<\/div>\n<div dir=\"auto\" style=\"text-align: justify;\">En esa reuni\u00f3n estuvieron presentes: Zoila Cruz Paniagua (SNTE), Evaristo Le\u00f3n Carmona (SARH y Sagarpa), Carlos Germ\u00e1n Baez Olmos (SCT), Rebeca Figueroa Carl\u00edn (IVEA), Ermelando Guti\u00e9rrez B. ((SARH), Raymundo Casagn\u00f3n Salda\u00f1a (STPS), Sonia Mart\u00ednez M\u00e1rquez (SESVER), Guillermo Hern\u00e1ndez Portillo (Jubilado),Jos\u00e9 Manuel Victoria M\u00e1rquez (Derechohabiente), Ricardeo Camacho Morales (Sindicato Revolucionario), Jorge Carrillo Trujillo (SCT), Lisbet Cristina Caballero Ortiz (ISSSSTE), Rodolfo Ayala Salinas (ISSSTE), Jos\u00e9 Francisco Torres Hern\u00e1ndez (ISSSTE), Octavio Alberto Hern\u00e1ndez Flores (ISSSTE).<\/div>\n<div dir=\"auto\" style=\"text-align: justify;\">&#8212;&#8212;&#8212;&#8212;&#8212;&#8212;&#8212;&#8212;&#8212;&#8212;&#8212;&#8212;&#8212;&#8212;&#8212;&#8211;<\/div>\n<div dir=\"auto\" style=\"text-align: justify;\"><strong>EL DIRIGENTE ESTATAL DE JUBILADOS Y PENSIONADOS<\/strong><\/div>\n<div dir=\"auto\" style=\"text-align: justify;\"><\/div>\n<div dir=\"auto\" style=\"text-align: justify;\">Francisco Javier Alba Dom\u00ednguez, director de la Asociaci\u00f3n Acci\u00f3n Humana Integral de Jubilados y Pensionados del Estado, reconoci\u00f3 la buena voluntad del director de la cl\u00ednica hospital del ISSSTE al abrir el di\u00e1logo constante para mejorar el servicio.<\/div>\n<div dir=\"auto\" style=\"text-align: justify;\">&#8212;&#8212;&#8212;&#8212;&#8212;&#8212;&#8212;&#8212;&#8212;&#8212;&#8212;&#8212;&#8212;&#8212;&#8212;-<\/div>\n<div dir=\"auto\" style=\"text-align: justify;\">Pidi\u00f3 que se construya un nuevo hospital en la capital del estado, porque estamos rebasados y aunque se haga el mayor esfuerzo va a llegar el momento en que ser\u00e1 insuficiente, al tiempo que reconoci\u00f3 que desde la llegada de Ferrer Palacios el cambio en ese hospital ha sido muy considerable, muchas cosas han mejorado por su convicci\u00f3n y el buen trato.<\/div>\n<div dir=\"auto\" style=\"text-align: justify;\">&#8212;&#8212;&#8212;&#8212;&#8212;&#8212;&#8212;&#8212;&#8212;&#8212;&#8212;&#8212;&#8212;&#8212;&#8212;<\/div>\n<div dir=\"auto\" style=\"text-align: justify;\">Agradeci\u00f3 el apoyo que el director general del ISSSTE, Mart\u00ed Batres, ha proporcionado a esta cl\u00ednica hospital porque con esas acciones todos avanzamos en materia de salud y sobre todo hay mucha armon\u00eda.<\/div>\n<\/div>\n","protected":false},"excerpt":{"rendered":"<p>Xalapa, Ver. &#8211; \u00a0 \u00a0 \u00a0 \u00a0 \u00a0El director se reuni\u00f3 con representantes de dependencias federales &#8211; \u00a0 \u00a0 \u00a0 \u00a0 \u00a0Sigue llegando equipo de alta tecnolog\u00eda para realizar cirug\u00edas &#8211; \u00a0 \u00a0 \u00a0 \u00a0 \u00a0Dirigente de jubilados reconoce el trabajo del doctor Samuel Ferrer &#8212;&#8212;&#8212;&#8212;&#8212;&#8212;&#8212;&#8212;&#8212;&#8212;&#8212;&#8212;&#8212;&#8212;&#8211; La cl\u00ednica hospital del ISSSTE de la ciudad de [&hellip;]<\/p>\n","protected":false},"author":1,"featured_media":7233,"comment_status":"closed","ping_status":"closed","sticky":false,"template":"","format":"standard","meta":{"_jetpack_memberships_contains_paid_content":false,"footnotes":"","jetpack_publicize_message":"","jetpack_publicize_feature_enabled":true,"jetpack_social_post_already_shared":true,"jetpack_social_options":{"image_generator_settings":{"template":"highway","default_image_id":0,"font":"","enabled":false},"version":2}},"categories":[4],"tags":[81],"class_list":["post-7232","post","type-post","status-publish","format-standard","has-post-thumbnail","hentry","category-noticia-politica","tag-felipe-mendiola-parra"],"jetpack_publicize_connections":[],"jetpack_featured_media_url":"https:\/\/revistaenfoquepolitico.com\/wp-content\/uploads\/2026\/04\/IMG-20260424-WA0024.jpg","jetpack_sharing_enabled":true,"_links":{"self":[{"href":"https:\/\/revistaenfoquepolitico.com\/index.php\/wp-json\/wp\/v2\/posts\/7232","targetHints":{"allow":["GET"]}}],"collection":[{"href":"https:\/\/revistaenfoquepolitico.com\/index.php\/wp-json\/wp\/v2\/posts"}],"about":[{"href":"https:\/\/revistaenfoquepolitico.com\/index.php\/wp-json\/wp\/v2\/types\/post"}],"author":[{"embeddable":true,"href":"https:\/\/revistaenfoquepolitico.com\/index.php\/wp-json\/wp\/v2\/users\/1"}],"replies":[{"embeddable":true,"href":"https:\/\/revistaenfoquepolitico.com\/index.php\/wp-json\/wp\/v2\/comments?post=7232"}],"version-history":[{"count":1,"href":"https:\/\/revistaenfoquepolitico.com\/index.php\/wp-json\/wp\/v2\/posts\/7232\/revisions"}],"predecessor-version":[{"id":7234,"href":"https:\/\/revistaenfoquepolitico.com\/index.php\/wp-json\/wp\/v2\/posts\/7232\/revisions\/7234"}],"wp:featuredmedia":[{"embeddable":true,"href":"https:\/\/revistaenfoquepolitico.com\/index.php\/wp-json\/wp\/v2\/media\/7233"}],"wp:attachment":[{"href":"https:\/\/revistaenfoquepolitico.com\/index.php\/wp-json\/wp\/v2\/media?parent=7232"}],"wp:term":[{"taxonomy":"category","embeddable":true,"href":"https:\/\/revistaenfoquepolitico.com\/index.php\/wp-json\/wp\/v2\/categories?post=7232"},{"taxonomy":"post_tag","embeddable":true,"href":"https:\/\/revistaenfoquepolitico.com\/index.php\/wp-json\/wp\/v2\/tags?post=7232"}],"curies":[{"name":"wp","href":"https:\/\/api.w.org\/{rel}","templated":true}]}}