{"id":7238,"date":"2026-04-27T18:59:30","date_gmt":"2026-04-28T00:59:30","guid":{"rendered":"https:\/\/revistaenfoquepolitico.com\/?p=7238"},"modified":"2026-04-27T18:59:30","modified_gmt":"2026-04-28T00:59:30","slug":"fgr-obtiene-sentencia-de-tres-anos-de-prision-contra-una-persona-detenida-con-armas-de-fuego-y-metanfetamina","status":"publish","type":"post","link":"https:\/\/revistaenfoquepolitico.com\/index.php\/2026\/04\/27\/fgr-obtiene-sentencia-de-tres-anos-de-prision-contra-una-persona-detenida-con-armas-de-fuego-y-metanfetamina\/","title":{"rendered":"FGR OBTIENE SENTENCIA DE TRES A\u00d1OS DE PRISI\u00d3N CONTRA UNA PERSONA DETENIDA CON ARMAS DE FUEGO Y METANFETAMINA"},"content":{"rendered":"<div dir=\"auto\" data-olk-copy-source=\"MessageBody\">Comunicado FGR DPE\/1794\/2026<\/div>\n<div dir=\"auto\">H. Veracruz, Veracruz, 27 de abril de 2026<\/div>\n<div dir=\"auto\"><\/div>\n<div dir=\"auto\"><\/div>\n<div dir=\"auto\" style=\"text-align: justify;\">La Fiscal\u00eda General de la Rep\u00fablica (FGR) a trav\u00e9s de su Fiscal\u00eda Especializada de Control Regional (FECOR) en el estado de Veracruz, obtuvo de un juez, sentencia condenatoria contra \u00c1ngel \u201cN\u201d, por haber acreditado ante el juez, su participaci\u00f3n en la comisi\u00f3n de los delitos de portaci\u00f3n de arma de fuego sin licencia y contra la salud.<\/div>\n<div dir=\"auto\" style=\"text-align: justify;\">&#8212;&#8212;&#8212;&#8212;&#8212;&#8212;&#8212;&#8212;&#8212;&#8212;&#8212;&#8212;&#8212;&#8212;&#8212;&#8211;<\/div>\n<div dir=\"auto\" style=\"text-align: justify;\">El Ministerio P\u00fablico Federal inici\u00f3 una carpeta de investigaci\u00f3n, luego de que los elementos de la Polic\u00eda Estatal pusieran a disposici\u00f3n de la Fiscal\u00eda Federal a \u00c1ngel \u201cN\u201d, quien fue detenido en la colonia Francisco Villa, en el municipio de Tlapacoyan.<\/div>\n<div dir=\"auto\" style=\"text-align: justify;\">&#8212;&#8212;&#8212;&#8212;&#8212;&#8212;&#8212;&#8212;&#8212;&#8212;&#8212;&#8212;&#8212;&#8212;&#8212;-<\/div>\n<div dir=\"auto\" style=\"text-align: justify;\">Durante la detenci\u00f3n, las autoridades aseguraron 10 envoltorios que conten\u00edan clorhidrato de metanfetamina, un veh\u00edculo, tres armas de fuego, dos de ellas tipo escopeta y otro tipo rifle, sin que contara con el permiso de las autoridades correspondientes, para su portaci\u00f3n.<\/div>\n<div dir=\"auto\" style=\"text-align: justify;\">&#8212;&#8212;&#8212;&#8212;&#8212;&#8212;&#8212;&#8212;&#8212;&#8212;&#8212;&#8212;&#8212;&#8212;&#8212;-<\/div>\n<div dir=\"auto\" style=\"text-align: justify;\">\u00c1ngel \u201cN\u201d fue puesto a disposici\u00f3n del fiscal federal, quien integr\u00f3 la carpeta de investigaci\u00f3n correspondiente y present\u00f3 datos de prueba contundentes ante el juez, quien lo vincul\u00f3 a proceso y dict\u00f3 la sentencia de tres a\u00f1os dos meses de prisi\u00f3n y el pago de una multa de ocho 10 mil 567 pesos, por los delitos de portaci\u00f3n de arma de fuego sin licencia y contra la salud, en la modalidad de posesi\u00f3n simple de clorhidrato de metanfetamina.<\/div>\n<div dir=\"auto\" style=\"text-align: justify;\">&#8212;&#8212;&#8212;&#8212;&#8212;&#8212;&#8212;&#8212;&#8212;&#8212;&#8212;&#8212;&#8212;&#8212;&#8212;<\/div>\n<div dir=\"auto\" style=\"text-align: justify;\">Con estas acciones la FGR reafirma el compromiso con la sociedad para la investigaci\u00f3n y persecuci\u00f3n de los delitos en materia federal, \u00a0por lo que se invita a la ciudadan\u00eda, a que denuncie las 24 horas de los 365 d\u00edas del a\u00f1o, de forma presencial o an\u00f3nima, en las instalaciones de la Fiscal\u00eda General de la Rep\u00fablica en Veracruz, con domicilio en Av. J.B. Lobos n\u00famero 684, Colonia Reserva territorial \u201cEl Coyol\u201d, C.P. 91779, Veracruz, Ver, tel\u00e9fono 2299896334, correo electr\u00f3nico vua.veracruz@fgr.org.mx.<\/div>\n<div id=\"x_ms-outlook-mobile-body-separator-line\" dir=\"auto\" data-applydefaultfontstyles=\"true\">\n<div dir=\"auto\" style=\"text-align: justify;\"><img loading=\"lazy\" decoding=\"async\" class=\"alignleft size-medium wp-image-7239\" src=\"https:\/\/revistaenfoquepolitico.com\/wp-content\/uploads\/2026\/04\/IMG-20260427-WA0154-198x300.jpg\" alt=\"\" width=\"198\" height=\"300\" srcset=\"https:\/\/revistaenfoquepolitico.com\/wp-content\/uploads\/2026\/04\/IMG-20260427-WA0154-198x300.jpg 198w, https:\/\/revistaenfoquepolitico.com\/wp-content\/uploads\/2026\/04\/IMG-20260427-WA0154.jpg 381w\" sizes=\"auto, (max-width: 198px) 100vw, 198px\" \/><\/div>\n<\/div>\n","protected":false},"excerpt":{"rendered":"<p>Comunicado FGR DPE\/1794\/2026 H. Veracruz, Veracruz, 27 de abril de 2026 La Fiscal\u00eda General de la Rep\u00fablica (FGR) a trav\u00e9s de su Fiscal\u00eda Especializada de Control Regional (FECOR) en el estado de Veracruz, obtuvo de un juez, sentencia condenatoria contra \u00c1ngel \u201cN\u201d, por haber acreditado ante el juez, su participaci\u00f3n en la comisi\u00f3n de los [&hellip;]<\/p>\n","protected":false},"author":1,"featured_media":7093,"comment_status":"closed","ping_status":"closed","sticky":false,"template":"","format":"standard","meta":{"_jetpack_memberships_contains_paid_content":false,"footnotes":"","jetpack_publicize_message":"","jetpack_publicize_feature_enabled":true,"jetpack_social_post_already_shared":true,"jetpack_social_options":{"image_generator_settings":{"template":"highway","default_image_id":0,"font":"","enabled":false},"version":2}},"categories":[6],"tags":[62],"class_list":["post-7238","post","type-post","status-publish","format-standard","has-post-thumbnail","hentry","category-noticia-policiaca","tag-fgr"],"jetpack_publicize_connections":[],"jetpack_featured_media_url":"https:\/\/revistaenfoquepolitico.com\/wp-content\/uploads\/2026\/04\/IMG-20260416-WA0207-1.jpg","jetpack_sharing_enabled":true,"_links":{"self":[{"href":"https:\/\/revistaenfoquepolitico.com\/index.php\/wp-json\/wp\/v2\/posts\/7238","targetHints":{"allow":["GET"]}}],"collection":[{"href":"https:\/\/revistaenfoquepolitico.com\/index.php\/wp-json\/wp\/v2\/posts"}],"about":[{"href":"https:\/\/revistaenfoquepolitico.com\/index.php\/wp-json\/wp\/v2\/types\/post"}],"author":[{"embeddable":true,"href":"https:\/\/revistaenfoquepolitico.com\/index.php\/wp-json\/wp\/v2\/users\/1"}],"replies":[{"embeddable":true,"href":"https:\/\/revistaenfoquepolitico.com\/index.php\/wp-json\/wp\/v2\/comments?post=7238"}],"version-history":[{"count":1,"href":"https:\/\/revistaenfoquepolitico.com\/index.php\/wp-json\/wp\/v2\/posts\/7238\/revisions"}],"predecessor-version":[{"id":7240,"href":"https:\/\/revistaenfoquepolitico.com\/index.php\/wp-json\/wp\/v2\/posts\/7238\/revisions\/7240"}],"wp:featuredmedia":[{"embeddable":true,"href":"https:\/\/revistaenfoquepolitico.com\/index.php\/wp-json\/wp\/v2\/media\/7093"}],"wp:attachment":[{"href":"https:\/\/revistaenfoquepolitico.com\/index.php\/wp-json\/wp\/v2\/media?parent=7238"}],"wp:term":[{"taxonomy":"category","embeddable":true,"href":"https:\/\/revistaenfoquepolitico.com\/index.php\/wp-json\/wp\/v2\/categories?post=7238"},{"taxonomy":"post_tag","embeddable":true,"href":"https:\/\/revistaenfoquepolitico.com\/index.php\/wp-json\/wp\/v2\/tags?post=7238"}],"curies":[{"name":"wp","href":"https:\/\/api.w.org\/{rel}","templated":true}]}}