{"id":7241,"date":"2026-04-27T19:03:25","date_gmt":"2026-04-28T01:03:25","guid":{"rendered":"https:\/\/revistaenfoquepolitico.com\/?p=7241"},"modified":"2026-04-27T19:03:25","modified_gmt":"2026-04-28T01:03:25","slug":"exhorta-alcaldesa-de-veracruz-a-ciudarse-ante-ola-de-calor","status":"publish","type":"post","link":"https:\/\/revistaenfoquepolitico.com\/index.php\/2026\/04\/27\/exhorta-alcaldesa-de-veracruz-a-ciudarse-ante-ola-de-calor\/","title":{"rendered":"EXHORTA ALCALDESA DE VERACRUZ A CIUDARSE ANTE OLA DE CALOR"},"content":{"rendered":"<div id=\"x_ms-outlook-mobile-body-separator-line\" dir=\"auto\" data-applydefaultfontstyles=\"true\">\n<div dir=\"auto\" data-olk-copy-source=\"MessageBody\">27 de abril de 2026<\/div>\n<div dir=\"auto\">Aviso Informativo<\/div>\n<div dir=\"auto\"><\/div>\n<div dir=\"auto\" style=\"text-align: justify;\">La alcaldesa de Veracruz, Rosa Mar\u00eda Hern\u00e1ndez Espejo, exhorta a la poblaci\u00f3n a cuidarse ante el ambiente caluroso que prevalecer\u00e1 durante la semana, con temperaturas de hasta 38\u00b0C, mantenerse hidratados, evitar la exposici\u00f3n prolongada al sol y proteger especialmente a ni\u00f1as, ni\u00f1os, personas adultas mayores y poblaci\u00f3n vulnerable.<\/div>\n<div dir=\"auto\" style=\"text-align: justify;\">&#8212;&#8212;&#8212;&#8212;&#8212;&#8212;&#8212;&#8212;&#8212;&#8212;&#8212;&#8212;&#8212;&#8212;&#8212;&#8212;<\/div>\n<div dir=\"auto\" style=\"text-align: justify;\">Pide a la ciudadan\u00eda tomar precauciones para prevenir golpes de calor, utilizando ropa ligera y de colores claros, evitando actividades f\u00edsicas al aire libre en horas de mayor intensidad t\u00e9rmica, procurando permanecer en lugares frescos o ventilados para reducir riesgos a la salud.<\/div>\n<div dir=\"auto\" style=\"text-align: justify;\">&#8212;&#8212;&#8212;&#8212;&#8212;&#8212;&#8212;&#8212;&#8212;&#8212;&#8212;&#8212;&#8212;&#8212;&#8212;&#8212;-<\/div>\n<div dir=\"auto\" style=\"text-align: justify;\">De igual forma, les recomienda mantenerse atentos a los avisos oficiales de Protecci\u00f3n Civil municipal, ya que hacia el fin de semana podr\u00eda presentarse un cambio en las condiciones del tiempo por la llegada de un frente fr\u00edo, con descenso de temperatura, viento del norte y probabilidad de lluvias.<\/div>\n<div dir=\"auto\" style=\"text-align: justify;\">&#8212;&#8212;&#8212;&#8212;&#8212;&#8212;&#8212;&#8212;&#8212;&#8212;&#8212;&#8212;&#8212;&#8212;&#8212;&#8212;<\/div>\n<div dir=\"auto\" style=\"text-align: justify;\">Tel\u00e9fonos de emergencia:<\/div>\n<div dir=\"auto\" style=\"text-align: justify;\">* Atenci\u00f3n de 8:00 a 18:00 horas: 229 200 2270, 229 200 2271<\/div>\n<div dir=\"auto\" style=\"text-align: justify;\">* Atenci\u00f3n 24 horas: 229 200 2275, 229 200 2276, 911<\/div>\n<div dir=\"auto\"><img loading=\"lazy\" decoding=\"async\" class=\"alignleft size-medium wp-image-7242\" src=\"https:\/\/revistaenfoquepolitico.com\/wp-content\/uploads\/2026\/04\/IMG-20260427-WA0159-225x300.jpg\" alt=\"\" width=\"225\" height=\"300\" srcset=\"https:\/\/revistaenfoquepolitico.com\/wp-content\/uploads\/2026\/04\/IMG-20260427-WA0159-225x300.jpg 225w, https:\/\/revistaenfoquepolitico.com\/wp-content\/uploads\/2026\/04\/IMG-20260427-WA0159-768x1024.jpg 768w, https:\/\/revistaenfoquepolitico.com\/wp-content\/uploads\/2026\/04\/IMG-20260427-WA0159-1152x1536.jpg 1152w, https:\/\/revistaenfoquepolitico.com\/wp-content\/uploads\/2026\/04\/IMG-20260427-WA0159.jpg 1200w\" sizes=\"auto, (max-width: 225px) 100vw, 225px\" \/><\/div>\n<\/div>\n","protected":false},"excerpt":{"rendered":"<p>27 de abril de 2026 Aviso Informativo La alcaldesa de Veracruz, Rosa Mar\u00eda Hern\u00e1ndez Espejo, exhorta a la poblaci\u00f3n a cuidarse ante el ambiente caluroso que prevalecer\u00e1 durante la semana, con temperaturas de hasta 38\u00b0C, mantenerse hidratados, evitar la exposici\u00f3n prolongada al sol y proteger especialmente a ni\u00f1as, ni\u00f1os, personas adultas mayores y poblaci\u00f3n vulnerable. [&hellip;]<\/p>\n","protected":false},"author":1,"featured_media":7242,"comment_status":"closed","ping_status":"closed","sticky":false,"template":"","format":"standard","meta":{"_jetpack_memberships_contains_paid_content":false,"footnotes":"","jetpack_publicize_message":"","jetpack_publicize_feature_enabled":true,"jetpack_social_post_already_shared":true,"jetpack_social_options":{"image_generator_settings":{"template":"highway","default_image_id":0,"font":"","enabled":false},"version":2}},"categories":[4],"tags":[72],"class_list":["post-7241","post","type-post","status-publish","format-standard","has-post-thumbnail","hentry","category-noticia-politica","tag-rosa-maria-presidenta-de-veracruz"],"jetpack_publicize_connections":[],"jetpack_featured_media_url":"https:\/\/revistaenfoquepolitico.com\/wp-content\/uploads\/2026\/04\/IMG-20260427-WA0159.jpg","jetpack_sharing_enabled":true,"_links":{"self":[{"href":"https:\/\/revistaenfoquepolitico.com\/index.php\/wp-json\/wp\/v2\/posts\/7241","targetHints":{"allow":["GET"]}}],"collection":[{"href":"https:\/\/revistaenfoquepolitico.com\/index.php\/wp-json\/wp\/v2\/posts"}],"about":[{"href":"https:\/\/revistaenfoquepolitico.com\/index.php\/wp-json\/wp\/v2\/types\/post"}],"author":[{"embeddable":true,"href":"https:\/\/revistaenfoquepolitico.com\/index.php\/wp-json\/wp\/v2\/users\/1"}],"replies":[{"embeddable":true,"href":"https:\/\/revistaenfoquepolitico.com\/index.php\/wp-json\/wp\/v2\/comments?post=7241"}],"version-history":[{"count":1,"href":"https:\/\/revistaenfoquepolitico.com\/index.php\/wp-json\/wp\/v2\/posts\/7241\/revisions"}],"predecessor-version":[{"id":7243,"href":"https:\/\/revistaenfoquepolitico.com\/index.php\/wp-json\/wp\/v2\/posts\/7241\/revisions\/7243"}],"wp:featuredmedia":[{"embeddable":true,"href":"https:\/\/revistaenfoquepolitico.com\/index.php\/wp-json\/wp\/v2\/media\/7242"}],"wp:attachment":[{"href":"https:\/\/revistaenfoquepolitico.com\/index.php\/wp-json\/wp\/v2\/media?parent=7241"}],"wp:term":[{"taxonomy":"category","embeddable":true,"href":"https:\/\/revistaenfoquepolitico.com\/index.php\/wp-json\/wp\/v2\/categories?post=7241"},{"taxonomy":"post_tag","embeddable":true,"href":"https:\/\/revistaenfoquepolitico.com\/index.php\/wp-json\/wp\/v2\/tags?post=7241"}],"curies":[{"name":"wp","href":"https:\/\/api.w.org\/{rel}","templated":true}]}}