{"id":7249,"date":"2026-04-27T19:39:10","date_gmt":"2026-04-28T01:39:10","guid":{"rendered":"https:\/\/revistaenfoquepolitico.com\/?p=7249"},"modified":"2026-04-27T19:39:10","modified_gmt":"2026-04-28T01:39:10","slug":"fgr-obtiene-sentencia-de-mas-de-2-anos-de-prision-contra-job-n","status":"publish","type":"post","link":"https:\/\/revistaenfoquepolitico.com\/index.php\/2026\/04\/27\/fgr-obtiene-sentencia-de-mas-de-2-anos-de-prision-contra-job-n\/","title":{"rendered":"FGR OBTIENE SENTENCIA DE M\u00c1S DE 2 A\u00d1OS DE PRISI\u00d3N CONTRA JOB \u00abN\u00bb"},"content":{"rendered":"<div dir=\"auto\" data-olk-copy-source=\"MessageBody\">Comunicado FGR DPE\/1791\/2026<\/div>\n<div dir=\"auto\">H. Veracruz, Veracruz, 27 de abril de 2026<\/div>\n<div dir=\"auto\"><\/div>\n<div dir=\"auto\">FGR OBTIENE SENTENCIA DE M\u00c1S DE DOS A\u00d1OS DE PRISI\u00d3N CONTRA DE UNA PERSONA POR EL DELITO DE USO DE DOCUMENTO FALSO<\/div>\n<div dir=\"auto\"><\/div>\n<div dir=\"auto\" style=\"text-align: justify;\">La Fiscal\u00eda General de la Rep\u00fablica (FGR) a trav\u00e9s de su Fiscal\u00eda Especializada de Control Regional (FECOR) en el estado de Veracruz, obtuvo de un juez, sentencia de tres a\u00f1os de prisi\u00f3n contra Job \u201cN\u201d, por el delito de uso de documento falso.<\/div>\n<div dir=\"auto\" style=\"text-align: justify;\">&#8212;&#8212;&#8212;&#8212;&#8212;&#8212;&#8212;&#8212;&#8212;&#8212;&#8212;&#8212;&#8212;&#8212;-<\/div>\n<div dir=\"auto\" style=\"text-align: justify;\">De acuerdo con la carpeta de investigaci\u00f3n, personal del Servicio de Administraci\u00f3n Tributaria (SAT) present\u00f3 una denuncia ante la Fiscal\u00eda Federal en la entidad, contra Job \u201cN\u201d, quien, al realizar un tr\u00e1mite en su car\u00e1cter de apoderado legal de una empresa privada, exhibi\u00f3 como comprobante de domicilio un recibo emitido por la Comisi\u00f3n Federal de Electricidad (CFE), sin embargo, el documento result\u00f3 ser ap\u00f3crifo.<\/div>\n<div dir=\"auto\" style=\"text-align: justify;\">&#8212;&#8212;&#8212;&#8212;&#8212;&#8212;&#8212;&#8212;&#8212;&#8212;&#8212;&#8212;&#8212;&#8211;<\/div>\n<div dir=\"auto\" style=\"text-align: justify;\">Integrada la carpeta de investigaci\u00f3n, el Ministerio P\u00fablico de la Federaci\u00f3n la present\u00f3 ante la autoridad correspondiente, quien vincul\u00f3 a proceso al imputado y dict\u00f3 la sentencia de dos a\u00f1os ocho meses de prisi\u00f3n y una multa de 14 mil 439 pesos, as\u00ed como la suspensi\u00f3n de derechos civiles y pol\u00edticos.<\/div>\n<div dir=\"auto\" style=\"text-align: justify;\">&#8212;&#8212;&#8212;&#8212;&#8212;&#8212;&#8212;&#8212;&#8212;&#8212;&#8212;&#8212;&#8212;&#8212;-<\/div>\n<div dir=\"auto\" style=\"text-align: justify;\">Con estas acciones la FGR reafirma el compromiso con la sociedad para la investigaci\u00f3n y persecuci\u00f3n de los delitos en materia federal en el Estado de Veracruz; por lo que se invita a la ciudadan\u00eda, a que denuncie las 24 horas de los 365 d\u00edas del a\u00f1o, de forma presencial o an\u00f3nima, en las instalaciones de la Fiscal\u00eda General de la Rep\u00fablica en Veracruz, con domicilio en Av. J.B. Lobos n\u00famero 684, Colonia Reserva territorial \u201cEl Coyol\u201d, C.P. 91779, Veracruz, Ver, tel\u00e9fono 2299896334, correo electr\u00f3nico vua.veracruz@fgr.org.mx.<\/div>\n<div id=\"x_ms-outlook-mobile-body-separator-line\" dir=\"auto\" data-applydefaultfontstyles=\"true\">\n<div dir=\"auto\" style=\"text-align: justify;\"><\/div>\n<\/div>\n","protected":false},"excerpt":{"rendered":"<p>Comunicado FGR DPE\/1791\/2026 H. Veracruz, Veracruz, 27 de abril de 2026 FGR OBTIENE SENTENCIA DE M\u00c1S DE DOS A\u00d1OS DE PRISI\u00d3N CONTRA DE UNA PERSONA POR EL DELITO DE USO DE DOCUMENTO FALSO La Fiscal\u00eda General de la Rep\u00fablica (FGR) a trav\u00e9s de su Fiscal\u00eda Especializada de Control Regional (FECOR) en el estado de Veracruz, [&hellip;]<\/p>\n","protected":false},"author":1,"featured_media":7093,"comment_status":"closed","ping_status":"closed","sticky":false,"template":"","format":"standard","meta":{"_jetpack_memberships_contains_paid_content":false,"footnotes":"","jetpack_publicize_message":"","jetpack_publicize_feature_enabled":true,"jetpack_social_post_already_shared":true,"jetpack_social_options":{"image_generator_settings":{"template":"highway","default_image_id":0,"font":"","enabled":false},"version":2}},"categories":[6],"tags":[62],"class_list":["post-7249","post","type-post","status-publish","format-standard","has-post-thumbnail","hentry","category-noticia-policiaca","tag-fgr"],"jetpack_publicize_connections":[],"jetpack_featured_media_url":"https:\/\/revistaenfoquepolitico.com\/wp-content\/uploads\/2026\/04\/IMG-20260416-WA0207-1.jpg","jetpack_sharing_enabled":true,"_links":{"self":[{"href":"https:\/\/revistaenfoquepolitico.com\/index.php\/wp-json\/wp\/v2\/posts\/7249","targetHints":{"allow":["GET"]}}],"collection":[{"href":"https:\/\/revistaenfoquepolitico.com\/index.php\/wp-json\/wp\/v2\/posts"}],"about":[{"href":"https:\/\/revistaenfoquepolitico.com\/index.php\/wp-json\/wp\/v2\/types\/post"}],"author":[{"embeddable":true,"href":"https:\/\/revistaenfoquepolitico.com\/index.php\/wp-json\/wp\/v2\/users\/1"}],"replies":[{"embeddable":true,"href":"https:\/\/revistaenfoquepolitico.com\/index.php\/wp-json\/wp\/v2\/comments?post=7249"}],"version-history":[{"count":1,"href":"https:\/\/revistaenfoquepolitico.com\/index.php\/wp-json\/wp\/v2\/posts\/7249\/revisions"}],"predecessor-version":[{"id":7250,"href":"https:\/\/revistaenfoquepolitico.com\/index.php\/wp-json\/wp\/v2\/posts\/7249\/revisions\/7250"}],"wp:featuredmedia":[{"embeddable":true,"href":"https:\/\/revistaenfoquepolitico.com\/index.php\/wp-json\/wp\/v2\/media\/7093"}],"wp:attachment":[{"href":"https:\/\/revistaenfoquepolitico.com\/index.php\/wp-json\/wp\/v2\/media?parent=7249"}],"wp:term":[{"taxonomy":"category","embeddable":true,"href":"https:\/\/revistaenfoquepolitico.com\/index.php\/wp-json\/wp\/v2\/categories?post=7249"},{"taxonomy":"post_tag","embeddable":true,"href":"https:\/\/revistaenfoquepolitico.com\/index.php\/wp-json\/wp\/v2\/tags?post=7249"}],"curies":[{"name":"wp","href":"https:\/\/api.w.org\/{rel}","templated":true}]}}