{"id":7258,"date":"2026-04-27T23:23:26","date_gmt":"2026-04-28T05:23:26","guid":{"rendered":"https:\/\/revistaenfoquepolitico.com\/?p=7258"},"modified":"2026-04-27T23:23:26","modified_gmt":"2026-04-28T05:23:26","slug":"inicia-con-exito-el-primer-congreso-internacional-por-la-paz-en-xalapa","status":"publish","type":"post","link":"https:\/\/revistaenfoquepolitico.com\/index.php\/2026\/04\/27\/inicia-con-exito-el-primer-congreso-internacional-por-la-paz-en-xalapa\/","title":{"rendered":"INICIA CON \u00c9XITO EL PRIMER CONGRESO INTERNACIONAL POR LA PAZ EN XALAPA"},"content":{"rendered":"<div dir=\"auto\">Xalapa, Ver.<\/div>\n<div dir=\"auto\"><\/div>\n<div dir=\"auto\" style=\"text-align: justify;\">El Primer Congreso por la Paz inici\u00f3 este domingo en el hotel Xalapa a la 10 de la ma\u00f1ana, con la participaci\u00f3n de rectores de m\u00e1s de diez universidades del pa\u00eds, connotados investigadores nacionales y extranjeros, as\u00ed como representantes de algunos ayuntamientos del estado de Veracruz y el presidente de la omisi\u00f3n Nacional por la Paz, Maestro Hiram Valdez Ch\u00e1vez.<\/div>\n<div dir=\"auto\" style=\"text-align: justify;\"><\/div>\n<div dir=\"auto\" style=\"text-align: justify;\">Al hacer la declaratoria inaugural, el presidente de la Comisi\u00f3n Nacional por la Paz en Veracruz, doctor Carlos V\u00e1zquez G\u00e1ndara, agradeci\u00f3 el esfuerzo y el alto sentido de responsabilidad de los asistentes, que destinan tiempo en un domingo, para unirse a este movimiento internacional en busca de mejores condiciones de vida.<\/div>\n<div dir=\"auto\" style=\"text-align: justify;\"><\/div>\n<div dir=\"auto\" style=\"text-align: justify;\">El inicio de esta ceremonia se enmarco con los honores a la bandera de M\u00e9xico, con la participaci\u00f3n de la banda de guerra de la Secretar\u00eda de Seguridad P\u00fablica y la escolta de los ni\u00f1os del Centro Escolar Acueducto.<\/div>\n<div dir=\"auto\" style=\"text-align: justify;\"><\/div>\n<div dir=\"auto\" style=\"text-align: justify;\">Posteriormente se llev\u00f3 a cabo un desfile de banderas de distintos pa\u00edses y la actuaci\u00f3n del Grupo Huasteco \u201cTantima\u201d que interpret\u00f3 hermosos bailables, alegrando el ambiente, cuya energ\u00eda siempre fue positiva por los diversos mensajes de paz que se expresaron.<\/div>\n<div dir=\"auto\" style=\"text-align: justify;\"><\/div>\n<div dir=\"auto\" style=\"text-align: justify;\">Por las bocinas se escucharon mensajes de paz a control remoto, desde el extranjero, donde los comisionados por la paz de esta organizaci\u00f3n, enviaron saludos y reflexiones para fortalecer el ambiente que se vivi\u00f3 esta ma\u00f1ana en el sal\u00f3n \u201cPresidentes\u201d del hotel Xalapa.<\/div>\n<div dir=\"auto\" style=\"text-align: justify;\"><\/div>\n<div dir=\"auto\" style=\"text-align: justify;\">Con el apoyo del maestro de ceremonias, se hizo la traducci\u00f3n de un mensaje de paz que, desde Hungr\u00eda, envi\u00f3 el literato Oliver Pap; tambi\u00e9n se enlazaron la doctora Carmen Brevis y David Cuba Abarca de Chile; Francisco Doval de Cuba, felicitando este esfuerzo por inculcar la paz en nuestra sociedad.<\/div>\n<div dir=\"auto\" style=\"text-align: justify;\"><\/div>\n<div dir=\"auto\" style=\"text-align: justify;\">Estuvieron presentes los representantes de los municipios de Jalacingo, Texistepec, Ixcatepec, Tres Valles y se destac\u00f3 la presencia de autoridades universitarias de todo el pa\u00eds como la Universidad Biom\u00e9dica de Xalapa, la Universidad Filadelfia de M\u00e9xico.<\/div>\n<div dir=\"auto\" style=\"text-align: justify;\"><\/div>\n<div dir=\"auto\" style=\"text-align: justify;\">La maestra Liliana G\u00f3mez de Tae Kwon Do con su grupo de alumnos que demostraron que en cualquier disciplina debe existir la cultura de paz.<\/div>\n<div dir=\"auto\" style=\"text-align: justify;\"><\/div>\n<div dir=\"auto\" style=\"text-align: justify;\">Este martes continuar\u00e1n las mesas de trabajo y a las 10 de la ma\u00f1ana dar\u00e1 inicio el tema \u201cTurismo con perspectiva de Paz\u201d que disertar\u00e1 Ascensi\u00f3n S\u00e1nchez V\u00e1zquez; posteriormente el discurso de Danner Infanz\u00f3n V\u00e1zquez; a las 10:35 se presentar\u00e1 el expositor Roberto Emmanuele Mercadillo Caballero con el tema \u201cLa Cultura de Paz como proceso de cambio social.<\/div>\n<div dir=\"auto\" style=\"text-align: justify;\"><\/div>\n<div dir=\"auto\" style=\"text-align: justify;\">A las 11:30 el doctor Ram\u00f3n de la Fuente Mu\u00f1iz, investigador en ciencias m\u00e9dicas del Instituto Nacional de Psiquiatr\u00eda expondr\u00e1 el tema \u201cComo incide la cultura de paz en la estabilidad emocional de las personas\u201d.<\/div>\n<div dir=\"auto\" style=\"text-align: justify;\"><\/div>\n<div dir=\"auto\" style=\"text-align: justify;\">A las 12 del d\u00eda el obispo Daniel y el padre Konstantin de la iglesia ortodoxa ucraniana en M\u00e9xico ofrecer\u00e1 el tema \u201cLa fe y la esperanza, promotores de cultura de paz\u201d; a las 12:30 la doctora Am\u00e9rica Magdalena Liz\u00e1rraga Gonz\u00e1lez, directora de cooperaci\u00f3n internacional de la ANUIES participar\u00e1 con un tema de cultura de paz-<\/div>\n<div dir=\"auto\" style=\"text-align: justify;\"><\/div>\n<div dir=\"auto\" style=\"text-align: justify;\">Por la tarde, a partir de las 16:30 se desarrollar\u00e1n las mesas de trabajo con la participaci\u00f3n de las hermanas del arquidi\u00f3cesis de Xalapa y posteriormente las autoridades de Teocelo abordar\u00e1n el tema \u201cLa mediaci\u00f3n como una alternativa de paz en el municipio\u201d.<\/div>\n<div dir=\"auto\" style=\"text-align: justify;\"><\/div>\n<div dir=\"auto\" style=\"text-align: justify;\">A las 17:30 el alcalde de Coscomatepec, Armando Reyes Mu\u00f1oz, tendr\u00e1 a su cargo un tema de paz en ese municipio; a las 18:00 Marcela Montero Mendoza, codirectora general de la Organizaci\u00f3n Latinoamericana de Infraestructuras y Ministerios de Paz, investigadora de la universidad Modelo de Yucat\u00e1n disertar\u00e1 un tema de la Cultura de paz.<\/div>\n<div dir=\"auto\" style=\"text-align: justify;\"><\/div>\n<div dir=\"auto\" style=\"text-align: justify;\">La maestra Mar\u00eda de los \u00c1ngeles Molina Sandoval dirigir\u00e1 la mesa de trabajo con el tema \u201cTurismo con perspectiva de Cultura de Paz\u201d junto con Jes\u00fas Mandujano L\u00f3pez dela universidad michoacana de San Nicol\u00e1s de Hidalgo; y Jos\u00e9 Cuauht\u00e9moc Jim\u00e9nez Ruiz por la universidad de Guadalajara.<\/div>\n<div id=\"x_ms-outlook-mobile-body-separator-line\" dir=\"auto\" data-applydefaultfontstyles=\"true\">\n<div dir=\"auto\" style=\"text-align: justify;\"><img loading=\"lazy\" decoding=\"async\" class=\"alignleft size-medium wp-image-7259\" src=\"https:\/\/revistaenfoquepolitico.com\/wp-content\/uploads\/2026\/04\/IMG-20260427-WA0069-226x300.jpg\" alt=\"\" width=\"226\" height=\"300\" srcset=\"https:\/\/revistaenfoquepolitico.com\/wp-content\/uploads\/2026\/04\/IMG-20260427-WA0069-226x300.jpg 226w, https:\/\/revistaenfoquepolitico.com\/wp-content\/uploads\/2026\/04\/IMG-20260427-WA0069-771x1024.jpg 771w, https:\/\/revistaenfoquepolitico.com\/wp-content\/uploads\/2026\/04\/IMG-20260427-WA0069-768x1021.jpg 768w, https:\/\/revistaenfoquepolitico.com\/wp-content\/uploads\/2026\/04\/IMG-20260427-WA0069-1156x1536.jpg 1156w, https:\/\/revistaenfoquepolitico.com\/wp-content\/uploads\/2026\/04\/IMG-20260427-WA0069.jpg 1204w\" sizes=\"auto, (max-width: 226px) 100vw, 226px\" \/><\/div>\n<\/div>\n<div dir=\"auto\"><\/div>\n<div dir=\"auto\"><\/div>\n<div dir=\"auto\"><\/div>\n<div dir=\"auto\"><\/div>\n<div dir=\"auto\"><\/div>\n<div dir=\"auto\"><\/div>\n<div dir=\"auto\"><\/div>\n<div dir=\"auto\"><\/div>\n<div dir=\"auto\"><\/div>\n<div dir=\"auto\"><\/div>\n<div dir=\"auto\"><\/div>\n<div dir=\"auto\"><\/div>\n<div dir=\"auto\"><\/div>\n<div dir=\"auto\"><\/div>\n<div dir=\"auto\"><img loading=\"lazy\" decoding=\"async\" class=\"alignleft size-medium wp-image-7260\" src=\"https:\/\/revistaenfoquepolitico.com\/wp-content\/uploads\/2026\/04\/IMG-20260427-WA0070-226x300.jpg\" alt=\"\" width=\"226\" height=\"300\" srcset=\"https:\/\/revistaenfoquepolitico.com\/wp-content\/uploads\/2026\/04\/IMG-20260427-WA0070-226x300.jpg 226w, https:\/\/revistaenfoquepolitico.com\/wp-content\/uploads\/2026\/04\/IMG-20260427-WA0070-771x1024.jpg 771w, https:\/\/revistaenfoquepolitico.com\/wp-content\/uploads\/2026\/04\/IMG-20260427-WA0070-768x1021.jpg 768w, https:\/\/revistaenfoquepolitico.com\/wp-content\/uploads\/2026\/04\/IMG-20260427-WA0070-1156x1536.jpg 1156w, https:\/\/revistaenfoquepolitico.com\/wp-content\/uploads\/2026\/04\/IMG-20260427-WA0070.jpg 1204w\" sizes=\"auto, (max-width: 226px) 100vw, 226px\" \/><\/div>\n","protected":false},"excerpt":{"rendered":"<p>Xalapa, Ver. El Primer Congreso por la Paz inici\u00f3 este domingo en el hotel Xalapa a la 10 de la ma\u00f1ana, con la participaci\u00f3n de rectores de m\u00e1s de diez universidades del pa\u00eds, connotados investigadores nacionales y extranjeros, as\u00ed como representantes de algunos ayuntamientos del estado de Veracruz y el presidente de la omisi\u00f3n Nacional [&hellip;]<\/p>\n","protected":false},"author":1,"featured_media":6024,"comment_status":"closed","ping_status":"closed","sticky":false,"template":"","format":"standard","meta":{"_jetpack_memberships_contains_paid_content":false,"footnotes":"","jetpack_publicize_message":"","jetpack_publicize_feature_enabled":true,"jetpack_social_post_already_shared":true,"jetpack_social_options":{"image_generator_settings":{"template":"highway","default_image_id":0,"font":"","enabled":false},"version":2}},"categories":[4],"tags":[81],"class_list":["post-7258","post","type-post","status-publish","format-standard","has-post-thumbnail","hentry","category-noticia-politica","tag-felipe-mendiola-parra"],"jetpack_publicize_connections":[],"jetpack_featured_media_url":"https:\/\/revistaenfoquepolitico.com\/wp-content\/uploads\/2026\/03\/IMG-20260301-WA0252.jpg","jetpack_sharing_enabled":true,"_links":{"self":[{"href":"https:\/\/revistaenfoquepolitico.com\/index.php\/wp-json\/wp\/v2\/posts\/7258","targetHints":{"allow":["GET"]}}],"collection":[{"href":"https:\/\/revistaenfoquepolitico.com\/index.php\/wp-json\/wp\/v2\/posts"}],"about":[{"href":"https:\/\/revistaenfoquepolitico.com\/index.php\/wp-json\/wp\/v2\/types\/post"}],"author":[{"embeddable":true,"href":"https:\/\/revistaenfoquepolitico.com\/index.php\/wp-json\/wp\/v2\/users\/1"}],"replies":[{"embeddable":true,"href":"https:\/\/revistaenfoquepolitico.com\/index.php\/wp-json\/wp\/v2\/comments?post=7258"}],"version-history":[{"count":1,"href":"https:\/\/revistaenfoquepolitico.com\/index.php\/wp-json\/wp\/v2\/posts\/7258\/revisions"}],"predecessor-version":[{"id":7261,"href":"https:\/\/revistaenfoquepolitico.com\/index.php\/wp-json\/wp\/v2\/posts\/7258\/revisions\/7261"}],"wp:featuredmedia":[{"embeddable":true,"href":"https:\/\/revistaenfoquepolitico.com\/index.php\/wp-json\/wp\/v2\/media\/6024"}],"wp:attachment":[{"href":"https:\/\/revistaenfoquepolitico.com\/index.php\/wp-json\/wp\/v2\/media?parent=7258"}],"wp:term":[{"taxonomy":"category","embeddable":true,"href":"https:\/\/revistaenfoquepolitico.com\/index.php\/wp-json\/wp\/v2\/categories?post=7258"},{"taxonomy":"post_tag","embeddable":true,"href":"https:\/\/revistaenfoquepolitico.com\/index.php\/wp-json\/wp\/v2\/tags?post=7258"}],"curies":[{"name":"wp","href":"https:\/\/api.w.org\/{rel}","templated":true}]}}