{"id":7267,"date":"2026-04-28T10:07:43","date_gmt":"2026-04-28T16:07:43","guid":{"rendered":"https:\/\/revistaenfoquepolitico.com\/?p=7267"},"modified":"2026-04-28T10:07:43","modified_gmt":"2026-04-28T16:07:43","slug":"para-tomar-mejores-decisiones-y-contagiar-alegria","status":"publish","type":"post","link":"https:\/\/revistaenfoquepolitico.com\/index.php\/2026\/04\/28\/para-tomar-mejores-decisiones-y-contagiar-alegria\/","title":{"rendered":"PARA TOMAR MEJORES DECISIONES Y CONTAGIAR ALEGR\u00cdA"},"content":{"rendered":"<div dir=\"auto\" data-olk-copy-source=\"MessageBody\">Xalapa, Ver.<\/div>\n<div dir=\"auto\" data-olk-copy-source=\"MessageBody\"><\/div>\n<div dir=\"auto\" style=\"text-align: justify;\" data-olk-copy-source=\"MessageBody\">PARA TOMAR MEJORES DECISIONES Y CONTAGIAR ALEGR\u00cdA, ES NECESARIO ELEVAR NUESTRA FRECUENCIA: LINDA REYES C\u00c1RDENAS<\/div>\n<div dir=\"auto\"><\/div>\n<div dir=\"auto\">&#8211; \u00a0 \u00a0 \u00a0 \u00a0 \u00a0Esta fue parte de su conferencia en el segundo d\u00eda del Congreso Internacional por la Paz<\/div>\n<div dir=\"auto\"><\/div>\n<div dir=\"auto\">&#8211; \u00a0 \u00a0 \u00a0 \u00a0 \u00a0Pidi\u00f3 a los padres de familia que amen a sus hijos, que les ofrezcan sonrisas y alegr\u00eda<\/div>\n<div dir=\"auto\"><\/div>\n<div dir=\"auto\" style=\"text-align: justify;\">Todos podemos impulsar la cultura de paz comenzando por nosotros mismos, elevando diariamente nuestra frecuencia, oxigenando m\u00e1s el cerebro y el l\u00f3bulo frontal, para tomar mejores decisiones y contagiar la alegr\u00eda, explic\u00f3 la maestra Linda Sarah\u00ed Reyes C\u00e1rdenas, durante su intervenci\u00f3n en el Primer Congreso Internacional por la Cultura de Paz.<\/div>\n<div dir=\"auto\" style=\"text-align: justify;\"><\/div>\n<div dir=\"auto\" style=\"text-align: justify;\">En el segundo d\u00eda que se lleva a cabo este evento, en el sal\u00f3n \u201cPresidentes\u201d del hotel Xalapa, la especialista en educaci\u00f3n para la paz, que desde hace 20 a\u00f1os participa con ni\u00f1os con c\u00e1ncer como risaterapeuta y con nariz roja, dijo que a todos nos educan para ser personas serias y respetables, pero se olvidan de la importancia que tiene la risa, que es uno de los ejercicios que nos oxigena adecuadamente.<\/div>\n<div dir=\"auto\" style=\"text-align: justify;\"><\/div>\n<div dir=\"auto\" style=\"text-align: justify;\">Es por eso que los ni\u00f1os pueden re\u00edr hasta 200 veces en un d\u00eda, en tanto que los adultos apenas y llegan a re\u00edr unas 10 veces en el d\u00eda.<\/div>\n<div dir=\"auto\" style=\"text-align: justify;\"><\/div>\n<div dir=\"auto\" style=\"text-align: justify;\">Todos los seres humanos vibramos y ese comportamiento se puede medir en Hertz (HZ), entonces hay personas que tienen muy baja vibraci\u00f3n y es necesario provocarles un estado de \u00e1nimo con una frecuencia m\u00e1s elevada.<\/div>\n<div dir=\"auto\" style=\"text-align: justify;\"><\/div>\n<div dir=\"auto\" style=\"text-align: justify;\">Cuando perdonamos, cuando somos agradecidos, podemos alcanzar 500 hertz; cuando meditamos o estamos en un proceso de alegr\u00eda, podemos alcanzar hasta 800 hertz y por el contrario, las personas que est\u00e1n a punto de morir su frecuencia baja a 20 hertz, situaci\u00f3n que ha sido comprobada cient\u00edficamente.<\/div>\n<div dir=\"auto\" style=\"text-align: justify;\"><\/div>\n<div dir=\"auto\" style=\"text-align: justify;\">Reyes C\u00e1rdenas mantuvo la atenci\u00f3n de los asistentes al Primer Congreso Internacional por la Paz, porque con ejemplos fue ilustrando a la sala, realizando ejercicios pr\u00e1cticos que generaron una verdadera armon\u00eda entre todos los interesados.<\/div>\n<div dir=\"auto\" style=\"text-align: justify;\"><\/div>\n<div dir=\"auto\" style=\"text-align: justify;\">Recomend\u00f3 que las personas adultas retomen sus h\u00e1bitos sociales, reuni\u00e9ndose con amigos, caminando, escuchando con atenci\u00f3n a sus semejantes porque muchas veces al envejecer tenemos un deterioro, pero no por eso vamos a ser una persona triste, al contrario, debemos mantener nuestra frecuencia y la calidad de vida con una mayor empat\u00eda con los dem\u00e1s.<\/div>\n<div dir=\"auto\" style=\"text-align: justify;\"><\/div>\n<div dir=\"auto\" style=\"text-align: justify;\">La segunda gesticulaci\u00f3n m\u00e1s contagiosa es la sonrisa, entonces cuando yo sonri\u00f3 puedo contagiar a otras personas y de esa forma todo el entorno podr\u00e1 tener esos momentos de alegr\u00eda y entre todos construir un mundo mejor.<\/div>\n<div dir=\"auto\" style=\"text-align: justify;\"><\/div>\n<div dir=\"auto\" style=\"text-align: justify;\">Con motivo del D\u00eda del Ni\u00f1o pidi\u00f3 a todos los padres de familia a que amen a sus hijos, que les regalen sus mejores sonrisas siempre y les den ejemplos de perd\u00f3n, de reconciliaci\u00f3n y de reconstrucci\u00f3n, porque eso hace felices a los ni\u00f1os y ni siquiera les har\u00e1 falta un juguete.<\/div>\n<div dir=\"auto\" style=\"text-align: justify;\"><\/div>\n<div dir=\"auto\" style=\"text-align: justify;\">Este martes a las 10:30 de la ma\u00f1ana impartir\u00e1 una conferencia para primeros respondientes como polic\u00edas, militares, m\u00e9dicos, enfermeras, maestros acerca de c\u00f3mo alcanzar una cultura de paz a pesar de haber vivido una situaci\u00f3n grave.<\/div>\n<div id=\"x_ms-outlook-mobile-body-separator-line\" dir=\"auto\" data-applydefaultfontstyles=\"true\">\n<div dir=\"auto\" style=\"text-align: justify;\"><img loading=\"lazy\" decoding=\"async\" class=\"alignleft size-medium wp-image-7265\" src=\"https:\/\/revistaenfoquepolitico.com\/wp-content\/uploads\/2026\/04\/IMG-20260428-WA0141-226x300.jpg\" alt=\"\" width=\"226\" height=\"300\" srcset=\"https:\/\/revistaenfoquepolitico.com\/wp-content\/uploads\/2026\/04\/IMG-20260428-WA0141-226x300.jpg 226w, https:\/\/revistaenfoquepolitico.com\/wp-content\/uploads\/2026\/04\/IMG-20260428-WA0141-771x1024.jpg 771w, https:\/\/revistaenfoquepolitico.com\/wp-content\/uploads\/2026\/04\/IMG-20260428-WA0141-768x1021.jpg 768w, https:\/\/revistaenfoquepolitico.com\/wp-content\/uploads\/2026\/04\/IMG-20260428-WA0141-1156x1536.jpg 1156w, https:\/\/revistaenfoquepolitico.com\/wp-content\/uploads\/2026\/04\/IMG-20260428-WA0141.jpg 1204w\" sizes=\"auto, (max-width: 226px) 100vw, 226px\" \/><\/div>\n<\/div>\n","protected":false},"excerpt":{"rendered":"<p>Xalapa, Ver. PARA TOMAR MEJORES DECISIONES Y CONTAGIAR ALEGR\u00cdA, ES NECESARIO ELEVAR NUESTRA FRECUENCIA: LINDA REYES C\u00c1RDENAS &#8211; \u00a0 \u00a0 \u00a0 \u00a0 \u00a0Esta fue parte de su conferencia en el segundo d\u00eda del Congreso Internacional por la Paz &#8211; \u00a0 \u00a0 \u00a0 \u00a0 \u00a0Pidi\u00f3 a los padres de familia que amen a sus hijos, que [&hellip;]<\/p>\n","protected":false},"author":1,"featured_media":7265,"comment_status":"closed","ping_status":"closed","sticky":false,"template":"","format":"standard","meta":{"_jetpack_memberships_contains_paid_content":false,"footnotes":"","jetpack_publicize_message":"","jetpack_publicize_feature_enabled":true,"jetpack_social_post_already_shared":true,"jetpack_social_options":{"image_generator_settings":{"template":"highway","default_image_id":0,"font":"","enabled":false},"version":2}},"categories":[4],"tags":[81],"class_list":["post-7267","post","type-post","status-publish","format-standard","has-post-thumbnail","hentry","category-noticia-politica","tag-felipe-mendiola-parra"],"jetpack_publicize_connections":[],"jetpack_featured_media_url":"https:\/\/revistaenfoquepolitico.com\/wp-content\/uploads\/2026\/04\/IMG-20260428-WA0141.jpg","jetpack_sharing_enabled":true,"_links":{"self":[{"href":"https:\/\/revistaenfoquepolitico.com\/index.php\/wp-json\/wp\/v2\/posts\/7267","targetHints":{"allow":["GET"]}}],"collection":[{"href":"https:\/\/revistaenfoquepolitico.com\/index.php\/wp-json\/wp\/v2\/posts"}],"about":[{"href":"https:\/\/revistaenfoquepolitico.com\/index.php\/wp-json\/wp\/v2\/types\/post"}],"author":[{"embeddable":true,"href":"https:\/\/revistaenfoquepolitico.com\/index.php\/wp-json\/wp\/v2\/users\/1"}],"replies":[{"embeddable":true,"href":"https:\/\/revistaenfoquepolitico.com\/index.php\/wp-json\/wp\/v2\/comments?post=7267"}],"version-history":[{"count":1,"href":"https:\/\/revistaenfoquepolitico.com\/index.php\/wp-json\/wp\/v2\/posts\/7267\/revisions"}],"predecessor-version":[{"id":7268,"href":"https:\/\/revistaenfoquepolitico.com\/index.php\/wp-json\/wp\/v2\/posts\/7267\/revisions\/7268"}],"wp:featuredmedia":[{"embeddable":true,"href":"https:\/\/revistaenfoquepolitico.com\/index.php\/wp-json\/wp\/v2\/media\/7265"}],"wp:attachment":[{"href":"https:\/\/revistaenfoquepolitico.com\/index.php\/wp-json\/wp\/v2\/media?parent=7267"}],"wp:term":[{"taxonomy":"category","embeddable":true,"href":"https:\/\/revistaenfoquepolitico.com\/index.php\/wp-json\/wp\/v2\/categories?post=7267"},{"taxonomy":"post_tag","embeddable":true,"href":"https:\/\/revistaenfoquepolitico.com\/index.php\/wp-json\/wp\/v2\/tags?post=7267"}],"curies":[{"name":"wp","href":"https:\/\/api.w.org\/{rel}","templated":true}]}}