{"id":7270,"date":"2026-04-28T20:07:44","date_gmt":"2026-04-29T02:07:44","guid":{"rendered":"https:\/\/revistaenfoquepolitico.com\/?p=7270"},"modified":"2026-04-28T20:07:44","modified_gmt":"2026-04-29T02:07:44","slug":"rescata-alcaldesa-de-veracruz-fuentes-emblematicas-del-centro-historico","status":"publish","type":"post","link":"https:\/\/revistaenfoquepolitico.com\/index.php\/2026\/04\/28\/rescata-alcaldesa-de-veracruz-fuentes-emblematicas-del-centro-historico\/","title":{"rendered":"RESCATA ALCALDESA DE VERACRUZ FUENTES EMBLEM\u00c1TICAS DEL CENTRO HIST\u00d3RICO"},"content":{"rendered":"<div dir=\"auto\" data-olk-copy-source=\"MessageBody\">28 de abril de 2026<\/div>\n<div dir=\"auto\">Bolet\u00edn Informativo<\/div>\n<div dir=\"auto\"><\/div>\n<div dir=\"auto\" style=\"text-align: justify;\"><strong>**El gobierno municipal impulsa la rehabilitaci\u00f3n de espacios p\u00fablicos, devolviendo funcionalidad y valor al patrimonio urbano**<\/strong><\/div>\n<div dir=\"auto\"><\/div>\n<div dir=\"auto\" style=\"text-align: justify;\"><img loading=\"lazy\" decoding=\"async\" class=\"alignleft size-medium wp-image-7273\" src=\"https:\/\/revistaenfoquepolitico.com\/wp-content\/uploads\/2026\/04\/IMG-20260428-WA0298-300x200.jpg\" alt=\"\" width=\"300\" height=\"200\" srcset=\"https:\/\/revistaenfoquepolitico.com\/wp-content\/uploads\/2026\/04\/IMG-20260428-WA0298-300x200.jpg 300w, https:\/\/revistaenfoquepolitico.com\/wp-content\/uploads\/2026\/04\/IMG-20260428-WA0298-1024x683.jpg 1024w, https:\/\/revistaenfoquepolitico.com\/wp-content\/uploads\/2026\/04\/IMG-20260428-WA0298-768x512.jpg 768w, https:\/\/revistaenfoquepolitico.com\/wp-content\/uploads\/2026\/04\/IMG-20260428-WA0298-1536x1024.jpg 1536w, https:\/\/revistaenfoquepolitico.com\/wp-content\/uploads\/2026\/04\/IMG-20260428-WA0298-2048x1366.jpg 2048w\" sizes=\"auto, (max-width: 300px) 100vw, 300px\" \/>La alcaldesa de Veracruz, Rosa Mar\u00eda Hern\u00e1ndez Espejo, instruy\u00f3 la rehabilitaci\u00f3n integral de once fuentes ubicadas en el Centro Hist\u00f3rico como parte de la estrategia para recuperar la imagen urbana y fortalecer el patrimonio municipal, a trav\u00e9s de la Direcci\u00f3n de Espacios P\u00fablicos estas estructuras han sido puestas nuevamente en operaci\u00f3n luego de a\u00f1os de abandono e inactividad.<\/div>\n<div dir=\"auto\" style=\"text-align: justify;\"><\/div>\n<div dir=\"auto\" style=\"text-align: justify;\"><img loading=\"lazy\" decoding=\"async\" class=\"alignright size-medium wp-image-7274\" src=\"https:\/\/revistaenfoquepolitico.com\/wp-content\/uploads\/2026\/04\/IMG-20260428-WA0293-300x200.jpg\" alt=\"\" width=\"300\" height=\"200\" srcset=\"https:\/\/revistaenfoquepolitico.com\/wp-content\/uploads\/2026\/04\/IMG-20260428-WA0293-300x200.jpg 300w, https:\/\/revistaenfoquepolitico.com\/wp-content\/uploads\/2026\/04\/IMG-20260428-WA0293-1024x683.jpg 1024w, https:\/\/revistaenfoquepolitico.com\/wp-content\/uploads\/2026\/04\/IMG-20260428-WA0293-768x512.jpg 768w, https:\/\/revistaenfoquepolitico.com\/wp-content\/uploads\/2026\/04\/IMG-20260428-WA0293.jpg 1280w\" sizes=\"auto, (max-width: 300px) 100vw, 300px\" \/>Al inicio de la actual administraci\u00f3n, la mayor\u00eda de las fuentes se encontraban inoperantes, por lo que fue necesario implementar un plan de intervenci\u00f3n para restituir su funcionalidad como puntos de encuentro y atractivo tur\u00edstico, acciones que forman parte de una pol\u00edtica orientada a dignificar las \u00e1reas comunes en beneficio de la ciudadan\u00eda.<\/div>\n<div dir=\"auto\" style=\"text-align: justify;\"><\/div>\n<div dir=\"auto\" style=\"text-align: justify;\"><img loading=\"lazy\" decoding=\"async\" class=\"alignleft size-medium wp-image-7275\" src=\"https:\/\/revistaenfoquepolitico.com\/wp-content\/uploads\/2026\/04\/IMG-20260428-WA0294-300x200.jpg\" alt=\"\" width=\"300\" height=\"200\" srcset=\"https:\/\/revistaenfoquepolitico.com\/wp-content\/uploads\/2026\/04\/IMG-20260428-WA0294-300x200.jpg 300w, https:\/\/revistaenfoquepolitico.com\/wp-content\/uploads\/2026\/04\/IMG-20260428-WA0294-1024x683.jpg 1024w, https:\/\/revistaenfoquepolitico.com\/wp-content\/uploads\/2026\/04\/IMG-20260428-WA0294-768x512.jpg 768w, https:\/\/revistaenfoquepolitico.com\/wp-content\/uploads\/2026\/04\/IMG-20260428-WA0294.jpg 1280w\" sizes=\"auto, (max-width: 300px) 100vw, 300px\" \/>Uno de los casos m\u00e1s representativos es la fuente de la Plazuela La Campana, que permaneci\u00f3 sin funcionar durante 15 a\u00f1os, para su rescate se realizaron trabajos intensivos de limpieza manual extrayendo alrededor de 60 cubetas de lodo acumulado, de igual forma se atendieron condiciones similares en los callejones de La Lagunilla y Dehesa, donde adem\u00e1s se recuperaron sistemas hidr\u00e1ulicos severamente deteriorados.<\/div>\n<div dir=\"auto\" style=\"text-align: justify;\"><\/div>\n<div dir=\"auto\" style=\"text-align: justify;\"><img loading=\"lazy\" decoding=\"async\" class=\"alignright size-medium wp-image-7275\" src=\"https:\/\/revistaenfoquepolitico.com\/wp-content\/uploads\/2026\/04\/IMG-20260428-WA0294-300x200.jpg\" alt=\"\" width=\"300\" height=\"200\" srcset=\"https:\/\/revistaenfoquepolitico.com\/wp-content\/uploads\/2026\/04\/IMG-20260428-WA0294-300x200.jpg 300w, https:\/\/revistaenfoquepolitico.com\/wp-content\/uploads\/2026\/04\/IMG-20260428-WA0294-1024x683.jpg 1024w, https:\/\/revistaenfoquepolitico.com\/wp-content\/uploads\/2026\/04\/IMG-20260428-WA0294-768x512.jpg 768w, https:\/\/revistaenfoquepolitico.com\/wp-content\/uploads\/2026\/04\/IMG-20260428-WA0294.jpg 1280w\" sizes=\"auto, (max-width: 300px) 100vw, 300px\" \/>Tambi\u00e9n se intervinieron puntos emblem\u00e1ticos como la fuente del Z\u00f3calo, que llevaba meses fuera de servicio, as\u00ed como las seis fuentes ubicadas en la Plaza de la Rep\u00fablica, en donde fue necesario sustituir bombas, rehabilitar mecanismos y eliminar acumulaciones de \u00f3xido y suciedad, garantizando un trabajo continuo y adecuado.<\/div>\n<div dir=\"auto\" style=\"text-align: justify;\"><\/div>\n<div dir=\"auto\" style=\"text-align: justify;\">Como parte final de las labores, se realizaron trabajos de herrer\u00eda para la reparaci\u00f3n de rejillas en todas las fuentes intervenidas, el gobierno municipal logr\u00f3 rescatar estos once espacios en menos de tres meses, reafirmando su compromiso con la recuperaci\u00f3n del entorno urbano y el disfrute de las familias veracruzanas y visitantes.<\/div>\n<div id=\"x_ms-outlook-mobile-body-separator-line\" dir=\"auto\" data-applydefaultfontstyles=\"true\">\n<div dir=\"auto\" style=\"text-align: justify;\"><img loading=\"lazy\" decoding=\"async\" class=\"alignleft size-medium wp-image-7276\" src=\"https:\/\/revistaenfoquepolitico.com\/wp-content\/uploads\/2026\/04\/IMG-20260428-WA0290-200x300.jpg\" alt=\"\" width=\"200\" height=\"300\" srcset=\"https:\/\/revistaenfoquepolitico.com\/wp-content\/uploads\/2026\/04\/IMG-20260428-WA0290-200x300.jpg 200w, https:\/\/revistaenfoquepolitico.com\/wp-content\/uploads\/2026\/04\/IMG-20260428-WA0290-682x1024.jpg 682w, https:\/\/revistaenfoquepolitico.com\/wp-content\/uploads\/2026\/04\/IMG-20260428-WA0290-768x1153.jpg 768w, https:\/\/revistaenfoquepolitico.com\/wp-content\/uploads\/2026\/04\/IMG-20260428-WA0290-1023x1536.jpg 1023w, https:\/\/revistaenfoquepolitico.com\/wp-content\/uploads\/2026\/04\/IMG-20260428-WA0290.jpg 1066w\" sizes=\"auto, (max-width: 200px) 100vw, 200px\" \/><\/div>\n<\/div>\n","protected":false},"excerpt":{"rendered":"<p>28 de abril de 2026 Bolet\u00edn Informativo **El gobierno municipal impulsa la rehabilitaci\u00f3n de espacios p\u00fablicos, devolviendo funcionalidad y valor al patrimonio urbano** La alcaldesa de Veracruz, Rosa Mar\u00eda Hern\u00e1ndez Espejo, instruy\u00f3 la rehabilitaci\u00f3n integral de once fuentes ubicadas en el Centro Hist\u00f3rico como parte de la estrategia para recuperar la imagen urbana y fortalecer [&hellip;]<\/p>\n","protected":false},"author":1,"featured_media":7271,"comment_status":"closed","ping_status":"closed","sticky":false,"template":"","format":"standard","meta":{"_jetpack_memberships_contains_paid_content":false,"footnotes":"","jetpack_publicize_message":"","jetpack_publicize_feature_enabled":true,"jetpack_social_post_already_shared":true,"jetpack_social_options":{"image_generator_settings":{"template":"highway","default_image_id":0,"font":"","enabled":false},"version":2}},"categories":[4],"tags":[72],"class_list":["post-7270","post","type-post","status-publish","format-standard","has-post-thumbnail","hentry","category-noticia-politica","tag-rosa-maria-presidenta-de-veracruz"],"jetpack_publicize_connections":[],"jetpack_featured_media_url":"https:\/\/revistaenfoquepolitico.com\/wp-content\/uploads\/2026\/04\/IMG-20260428-WA0296.jpg","jetpack_sharing_enabled":true,"_links":{"self":[{"href":"https:\/\/revistaenfoquepolitico.com\/index.php\/wp-json\/wp\/v2\/posts\/7270","targetHints":{"allow":["GET"]}}],"collection":[{"href":"https:\/\/revistaenfoquepolitico.com\/index.php\/wp-json\/wp\/v2\/posts"}],"about":[{"href":"https:\/\/revistaenfoquepolitico.com\/index.php\/wp-json\/wp\/v2\/types\/post"}],"author":[{"embeddable":true,"href":"https:\/\/revistaenfoquepolitico.com\/index.php\/wp-json\/wp\/v2\/users\/1"}],"replies":[{"embeddable":true,"href":"https:\/\/revistaenfoquepolitico.com\/index.php\/wp-json\/wp\/v2\/comments?post=7270"}],"version-history":[{"count":1,"href":"https:\/\/revistaenfoquepolitico.com\/index.php\/wp-json\/wp\/v2\/posts\/7270\/revisions"}],"predecessor-version":[{"id":7277,"href":"https:\/\/revistaenfoquepolitico.com\/index.php\/wp-json\/wp\/v2\/posts\/7270\/revisions\/7277"}],"wp:featuredmedia":[{"embeddable":true,"href":"https:\/\/revistaenfoquepolitico.com\/index.php\/wp-json\/wp\/v2\/media\/7271"}],"wp:attachment":[{"href":"https:\/\/revistaenfoquepolitico.com\/index.php\/wp-json\/wp\/v2\/media?parent=7270"}],"wp:term":[{"taxonomy":"category","embeddable":true,"href":"https:\/\/revistaenfoquepolitico.com\/index.php\/wp-json\/wp\/v2\/categories?post=7270"},{"taxonomy":"post_tag","embeddable":true,"href":"https:\/\/revistaenfoquepolitico.com\/index.php\/wp-json\/wp\/v2\/tags?post=7270"}],"curies":[{"name":"wp","href":"https:\/\/api.w.org\/{rel}","templated":true}]}}