{"id":7278,"date":"2026-04-28T20:14:07","date_gmt":"2026-04-29T02:14:07","guid":{"rendered":"https:\/\/revistaenfoquepolitico.com\/?p=7278"},"modified":"2026-04-28T20:14:07","modified_gmt":"2026-04-29T02:14:07","slug":"alcalde-samuel-acosta-da-banderazo-a-obra-de-pavimentacion-con-concreto-hidraulico-en-el-cedral","status":"publish","type":"post","link":"https:\/\/revistaenfoquepolitico.com\/index.php\/2026\/04\/28\/alcalde-samuel-acosta-da-banderazo-a-obra-de-pavimentacion-con-concreto-hidraulico-en-el-cedral\/","title":{"rendered":"ALCALDE SAMUEL ACOSTA DA BANDERAZO A OBRA DE PAVIMENTACI\u00d3N CON CONCRETO HIDR\u00c1ULICO EN EL CEDRAL"},"content":{"rendered":"<div dir=\"auto\">Medell\u00edn de Bravo, Ver.<\/div>\n<div dir=\"auto\"><\/div>\n<div dir=\"auto\" style=\"text-align: justify;\">El Ayuntamiento de Medell\u00edn de Bravo dio inicio a la obra de pavimentaci\u00f3n con concreto hidr\u00e1ulico en la comunidad de El Cedral, un proyecto que impactar\u00e1 de manera directa a cientos de habitantes de la zona y colonias aleda\u00f1as.<\/div>\n<div dir=\"auto\" style=\"text-align: justify;\"><\/div>\n<div dir=\"auto\" style=\"text-align: justify;\">La obra contempla una inversi\u00f3n total de $5,904,600.44 (cinco millones novecientos cuatro mil seiscientos pesos) y tendr\u00e1 un periodo de ejecuci\u00f3n estimado de 60 a 75 d\u00edas h\u00e1biles.<\/div>\n<div dir=\"auto\" style=\"text-align: justify;\"><\/div>\n<div dir=\"auto\" style=\"text-align: justify;\"><img loading=\"lazy\" decoding=\"async\" class=\"alignleft size-medium wp-image-7280\" src=\"https:\/\/revistaenfoquepolitico.com\/wp-content\/uploads\/2026\/04\/IMG-20260428-WA0292-1-300x200.jpg\" alt=\"\" width=\"300\" height=\"200\" srcset=\"https:\/\/revistaenfoquepolitico.com\/wp-content\/uploads\/2026\/04\/IMG-20260428-WA0292-1-300x200.jpg 300w, https:\/\/revistaenfoquepolitico.com\/wp-content\/uploads\/2026\/04\/IMG-20260428-WA0292-1-1024x683.jpg 1024w, https:\/\/revistaenfoquepolitico.com\/wp-content\/uploads\/2026\/04\/IMG-20260428-WA0292-1-768x512.jpg 768w, https:\/\/revistaenfoquepolitico.com\/wp-content\/uploads\/2026\/04\/IMG-20260428-WA0292-1-1536x1024.jpg 1536w, https:\/\/revistaenfoquepolitico.com\/wp-content\/uploads\/2026\/04\/IMG-20260428-WA0292-1.jpg 1599w\" sizes=\"auto, (max-width: 300px) 100vw, 300px\" \/>De acuerdo con las especificaciones t\u00e9cnicas, los trabajos consisten en: 520 metros lineales de calle y rehabilitaci\u00f3n de tuber\u00eda hidr\u00e1ulica; 3,180 m\u00b2 de pavimento hidr\u00e1ulico; 1,035 metros lineales de guarnici\u00f3n; y 1,000 m\u00b2 de banqueta, cubriendo en su totalidad las calles R\u00edo Cotaxtla y R\u00edo Blanco.<\/div>\n<div dir=\"auto\" style=\"text-align: justify;\"><\/div>\n<div dir=\"auto\" style=\"text-align: justify;\">El banderazo de inicio fue encabezado por el alcalde Samuel Acosta Mart\u00ednez, acompa\u00f1ado de la s\u00edndica \u00fanica Bertha Isle\u00f1o Andrade, la regidora primera Ana Karen Rangel Mata, la regidora segunda Mar\u00eda del Carmen Hern\u00e1ndez Aguilar, as\u00ed como el director de Obras P\u00fablicas.<\/div>\n<div dir=\"auto\" style=\"text-align: justify;\"><\/div>\n<div dir=\"auto\" style=\"text-align: justify;\">Durante el evento, se destac\u00f3 que esta obra forma parte de los compromisos asumidos por la actual administraci\u00f3n, mismos que hoy comienzan a consolidarse con acciones concretas en beneficio de la poblaci\u00f3n, fortaleciendo la infraestructura urbana y mejorando la calidad de vida de las familias medellinenses.<\/div>\n<div dir=\"auto\" style=\"text-align: justify;\"><\/div>\n<div dir=\"auto\" style=\"text-align: justify;\">El Gobierno Municipal reiter\u00f3 su compromiso de continuar trabajando con transparencia, cercan\u00eda y resultados, impulsando proyectos que generen bienestar y desarrollo en cada rinc\u00f3n del municipio.<\/div>\n<div dir=\"auto\" style=\"text-align: justify;\"><\/div>\n<div dir=\"auto\" style=\"text-align: justify;\">Con acciones visibles, la actual administraci\u00f3n refrenda su trabajo en territorio, atendiendo de manera directa las necesidades de la ciudadan\u00eda y avanzando en la transformaci\u00f3n de Medell\u00edn de Bravo.<\/div>\n<div id=\"x_ms-outlook-mobile-body-separator-line\" dir=\"auto\" data-applydefaultfontstyles=\"true\">\n<div dir=\"auto\" style=\"text-align: justify;\"><\/div>\n<\/div>\n","protected":false},"excerpt":{"rendered":"<p>Medell\u00edn de Bravo, Ver. El Ayuntamiento de Medell\u00edn de Bravo dio inicio a la obra de pavimentaci\u00f3n con concreto hidr\u00e1ulico en la comunidad de El Cedral, un proyecto que impactar\u00e1 de manera directa a cientos de habitantes de la zona y colonias aleda\u00f1as. La obra contempla una inversi\u00f3n total de $5,904,600.44 (cinco millones novecientos cuatro [&hellip;]<\/p>\n","protected":false},"author":1,"featured_media":7279,"comment_status":"closed","ping_status":"closed","sticky":false,"template":"","format":"standard","meta":{"_jetpack_memberships_contains_paid_content":false,"footnotes":"","jetpack_publicize_message":"","jetpack_publicize_feature_enabled":true,"jetpack_social_post_already_shared":true,"jetpack_social_options":{"image_generator_settings":{"template":"highway","default_image_id":0,"font":"","enabled":false},"version":2}},"categories":[4],"tags":[73],"class_list":["post-7278","post","type-post","status-publish","format-standard","has-post-thumbnail","hentry","category-noticia-politica","tag-samuel-acosta-alcalde-de-medellin"],"jetpack_publicize_connections":[],"jetpack_featured_media_url":"https:\/\/revistaenfoquepolitico.com\/wp-content\/uploads\/2026\/04\/IMG-20260428-WA0386-1.jpg","jetpack_sharing_enabled":true,"_links":{"self":[{"href":"https:\/\/revistaenfoquepolitico.com\/index.php\/wp-json\/wp\/v2\/posts\/7278","targetHints":{"allow":["GET"]}}],"collection":[{"href":"https:\/\/revistaenfoquepolitico.com\/index.php\/wp-json\/wp\/v2\/posts"}],"about":[{"href":"https:\/\/revistaenfoquepolitico.com\/index.php\/wp-json\/wp\/v2\/types\/post"}],"author":[{"embeddable":true,"href":"https:\/\/revistaenfoquepolitico.com\/index.php\/wp-json\/wp\/v2\/users\/1"}],"replies":[{"embeddable":true,"href":"https:\/\/revistaenfoquepolitico.com\/index.php\/wp-json\/wp\/v2\/comments?post=7278"}],"version-history":[{"count":1,"href":"https:\/\/revistaenfoquepolitico.com\/index.php\/wp-json\/wp\/v2\/posts\/7278\/revisions"}],"predecessor-version":[{"id":7281,"href":"https:\/\/revistaenfoquepolitico.com\/index.php\/wp-json\/wp\/v2\/posts\/7278\/revisions\/7281"}],"wp:featuredmedia":[{"embeddable":true,"href":"https:\/\/revistaenfoquepolitico.com\/index.php\/wp-json\/wp\/v2\/media\/7279"}],"wp:attachment":[{"href":"https:\/\/revistaenfoquepolitico.com\/index.php\/wp-json\/wp\/v2\/media?parent=7278"}],"wp:term":[{"taxonomy":"category","embeddable":true,"href":"https:\/\/revistaenfoquepolitico.com\/index.php\/wp-json\/wp\/v2\/categories?post=7278"},{"taxonomy":"post_tag","embeddable":true,"href":"https:\/\/revistaenfoquepolitico.com\/index.php\/wp-json\/wp\/v2\/tags?post=7278"}],"curies":[{"name":"wp","href":"https:\/\/api.w.org\/{rel}","templated":true}]}}