{"id":7282,"date":"2026-04-28T20:20:31","date_gmt":"2026-04-29T02:20:31","guid":{"rendered":"https:\/\/revistaenfoquepolitico.com\/?p=7282"},"modified":"2026-04-28T20:20:31","modified_gmt":"2026-04-29T02:20:31","slug":"fgr-obtiene-sentencia-de-mas-de-2-anos-de-prision-contra-una-persona-detenida-con-arma-en-ciudad-mendoza-veracruz","status":"publish","type":"post","link":"https:\/\/revistaenfoquepolitico.com\/index.php\/2026\/04\/28\/fgr-obtiene-sentencia-de-mas-de-2-anos-de-prision-contra-una-persona-detenida-con-arma-en-ciudad-mendoza-veracruz\/","title":{"rendered":"FGR OBTIENE SENTENCIA DE M\u00c1S DE 2 A\u00d1OS DE PRISI\u00d3N CONTRA UNA PERSONA DETENIDA CON ARMA EN CIUDAD MENDOZA, VERACRUZ"},"content":{"rendered":"<div id=\"x_ms-outlook-mobile-body-separator-line\" dir=\"auto\" data-applydefaultfontstyles=\"true\">\n<div dir=\"auto\" data-olk-copy-source=\"MessageBody\">Comunicado FGR DPE\/1813\/2026<\/div>\n<div dir=\"auto\">H. Veracruz, Veracruz, 28 de abril de 2026<\/div>\n<div dir=\"auto\"><\/div>\n<div dir=\"auto\" style=\"text-align: justify;\">La Fiscal\u00eda General de la Rep\u00fablica (FGR) a trav\u00e9s de su Fiscal\u00eda Especializada de Control Regional (FECOR) en el estado de Veracruz, obtuvo de un juez, sentencia de m\u00e1s de dos a\u00f1os de prisi\u00f3n contra Francisco \u201cN\u201d, por haber acreditado su participaci\u00f3n en la comisi\u00f3n del delito de portaci\u00f3n de arma de fuego sin licencia.<\/div>\n<div dir=\"auto\" style=\"text-align: justify;\">&#8212;&#8212;&#8212;&#8212;&#8212;&#8212;&#8212;&#8212;&#8212;&#8212;&#8212;&#8212;&#8212;&#8212;&#8212;&#8212;&#8212;<\/div>\n<div dir=\"auto\" style=\"text-align: justify;\"><img loading=\"lazy\" decoding=\"async\" class=\"alignleft size-medium wp-image-7283\" src=\"https:\/\/revistaenfoquepolitico.com\/wp-content\/uploads\/2026\/04\/IMG-20260428-WA0260-267x300.jpg\" alt=\"\" width=\"267\" height=\"300\" srcset=\"https:\/\/revistaenfoquepolitico.com\/wp-content\/uploads\/2026\/04\/IMG-20260428-WA0260-267x300.jpg 267w, https:\/\/revistaenfoquepolitico.com\/wp-content\/uploads\/2026\/04\/IMG-20260428-WA0260.jpg 432w\" sizes=\"auto, (max-width: 267px) 100vw, 267px\" \/>El agente del Ministerio P\u00fablico Federal inici\u00f3 una carpeta de investigaci\u00f3n, luego de que los elementos de la Polic\u00eda Estatal pusieran a disposici\u00f3n de la Fiscal\u00eda Federal a Francisco \u201cN\u201d, quien fue detenido en la colonia Liberaci\u00f3n del municipio de Camerino Z. Mendoza, cuando viajaba armado, a bordo de una camioneta.<\/div>\n<div dir=\"auto\" style=\"text-align: justify;\"><\/div>\n<div dir=\"auto\" style=\"text-align: justify;\">Durante la detenci\u00f3n, las autoridades aseguraron un arma de fuego tipo pistola, un cargador y seis cartuchos \u00fatiles al calibre y al no contar con el permiso de las autoridades correspondientes para su portaci\u00f3n, Francisco \u201cN\u201d fue puesto a disposici\u00f3n del fiscal federal, quien integr\u00f3 la carpeta de investigaci\u00f3n correspondiente.<\/div>\n<div dir=\"auto\" style=\"text-align: justify;\">&#8212;&#8212;&#8212;&#8212;&#8212;&#8212;&#8212;&#8212;&#8212;&#8212;&#8212;&#8212;&#8212;&#8212;&#8211;<\/div>\n<div dir=\"auto\" style=\"text-align: justify;\">La Fiscal\u00eda Federal en la entidad present\u00f3 los datos de prueba contundentes ante el juez, quien vincul\u00f3 a proceso a Francisco \u201cN\u201d y dict\u00f3 sentencia de dos a\u00f1os tres meses de prisi\u00f3n y el pago de una multa de ocho mil 485 pesos, por el delito de portaci\u00f3n de arma de fuego sin licencia.<\/div>\n<div dir=\"auto\" style=\"text-align: justify;\">&#8212;&#8212;&#8212;&#8212;&#8212;&#8212;&#8212;&#8212;&#8212;&#8212;&#8212;&#8212;&#8212;&#8212;&#8212;&#8212;&#8211;<\/div>\n<div dir=\"auto\" style=\"text-align: justify;\">Con estas acciones la FGR reafirma el compromiso con la sociedad para la investigaci\u00f3n y persecuci\u00f3n de los delitos en materia federal, \u00a0por lo que se invita a la ciudadan\u00eda, a que denuncie las 24 horas de los 365 d\u00edas del a\u00f1o, de forma presencial o an\u00f3nima, en las instalaciones de la Fiscal\u00eda General de la Rep\u00fablica en Veracruz, con domicilio en Av. J.B. Lobos n\u00famero 684, Colonia Reserva territorial \u201cEl Coyol\u201d, C.P. 91779, Veracruz, Ver, tel\u00e9fono 2299896334, correo electr\u00f3nico vua.veracruz@fgr.org.mx.<\/div>\n<\/div>\n","protected":false},"excerpt":{"rendered":"<p>Comunicado FGR DPE\/1813\/2026 H. Veracruz, Veracruz, 28 de abril de 2026 La Fiscal\u00eda General de la Rep\u00fablica (FGR) a trav\u00e9s de su Fiscal\u00eda Especializada de Control Regional (FECOR) en el estado de Veracruz, obtuvo de un juez, sentencia de m\u00e1s de dos a\u00f1os de prisi\u00f3n contra Francisco \u201cN\u201d, por haber acreditado su participaci\u00f3n en la [&hellip;]<\/p>\n","protected":false},"author":1,"featured_media":7093,"comment_status":"closed","ping_status":"closed","sticky":false,"template":"","format":"standard","meta":{"_jetpack_memberships_contains_paid_content":false,"footnotes":"","jetpack_publicize_message":"","jetpack_publicize_feature_enabled":true,"jetpack_social_post_already_shared":true,"jetpack_social_options":{"image_generator_settings":{"template":"highway","default_image_id":0,"font":"","enabled":false},"version":2}},"categories":[6],"tags":[62],"class_list":["post-7282","post","type-post","status-publish","format-standard","has-post-thumbnail","hentry","category-noticia-policiaca","tag-fgr"],"jetpack_publicize_connections":[],"jetpack_featured_media_url":"https:\/\/revistaenfoquepolitico.com\/wp-content\/uploads\/2026\/04\/IMG-20260416-WA0207-1.jpg","jetpack_sharing_enabled":true,"_links":{"self":[{"href":"https:\/\/revistaenfoquepolitico.com\/index.php\/wp-json\/wp\/v2\/posts\/7282","targetHints":{"allow":["GET"]}}],"collection":[{"href":"https:\/\/revistaenfoquepolitico.com\/index.php\/wp-json\/wp\/v2\/posts"}],"about":[{"href":"https:\/\/revistaenfoquepolitico.com\/index.php\/wp-json\/wp\/v2\/types\/post"}],"author":[{"embeddable":true,"href":"https:\/\/revistaenfoquepolitico.com\/index.php\/wp-json\/wp\/v2\/users\/1"}],"replies":[{"embeddable":true,"href":"https:\/\/revistaenfoquepolitico.com\/index.php\/wp-json\/wp\/v2\/comments?post=7282"}],"version-history":[{"count":1,"href":"https:\/\/revistaenfoquepolitico.com\/index.php\/wp-json\/wp\/v2\/posts\/7282\/revisions"}],"predecessor-version":[{"id":7284,"href":"https:\/\/revistaenfoquepolitico.com\/index.php\/wp-json\/wp\/v2\/posts\/7282\/revisions\/7284"}],"wp:featuredmedia":[{"embeddable":true,"href":"https:\/\/revistaenfoquepolitico.com\/index.php\/wp-json\/wp\/v2\/media\/7093"}],"wp:attachment":[{"href":"https:\/\/revistaenfoquepolitico.com\/index.php\/wp-json\/wp\/v2\/media?parent=7282"}],"wp:term":[{"taxonomy":"category","embeddable":true,"href":"https:\/\/revistaenfoquepolitico.com\/index.php\/wp-json\/wp\/v2\/categories?post=7282"},{"taxonomy":"post_tag","embeddable":true,"href":"https:\/\/revistaenfoquepolitico.com\/index.php\/wp-json\/wp\/v2\/tags?post=7282"}],"curies":[{"name":"wp","href":"https:\/\/api.w.org\/{rel}","templated":true}]}}