{"id":7285,"date":"2026-04-28T20:51:37","date_gmt":"2026-04-29T02:51:37","guid":{"rendered":"https:\/\/revistaenfoquepolitico.com\/?p=7285"},"modified":"2026-04-28T20:51:37","modified_gmt":"2026-04-29T02:51:37","slug":"el-pobre-discurso-de-esteban-ramirez-no-ayuda-a-morena-para-nada","status":"publish","type":"post","link":"https:\/\/revistaenfoquepolitico.com\/index.php\/2026\/04\/28\/el-pobre-discurso-de-esteban-ramirez-no-ayuda-a-morena-para-nada\/","title":{"rendered":"EL POBRE DISCURSO DE ESTEBAN RAM\u00cdREZ NO AYUDA A MORENA PARA NADA"},"content":{"rendered":"<div dir=\"auto\" data-olk-copy-source=\"MessageBody\"><strong>M\u00e1s claro\u2026<\/strong><\/div>\n<div dir=\"auto\"><strong>Por Felipe Mendiola Parra<\/strong><\/div>\n<div dir=\"auto\" aria-hidden=\"true\"><\/div>\n<div dir=\"auto\">EL POBRE DISCURSO DE ESTEBAN RAM\u00cdREZ NO AYUDA A MORENA, PARA NADA<\/div>\n<div dir=\"auto\"><\/div>\n<div dir=\"auto\">&#8211; \u00a0 \u00a0 \u00a0 \u00a0 \u00a0La clientela electoral se sigue alejando porque nadie la contiene<\/div>\n<div dir=\"auto\">&#8211; \u00a0 \u00a0 \u00a0 \u00a0 \u00a0Veracruz es muy rico, pero sigue teniendo mucha gente pobre<\/div>\n<div dir=\"auto\" aria-hidden=\"true\"><\/div>\n<div dir=\"auto\" style=\"text-align: justify;\">Morena no es lo que fue hace 8 a\u00f1os, se confiaron demasiado y la clientela electoral se est\u00e1 alejando, porque muchos alcaldes de ese partido no abonaron durante su gesti\u00f3n 2022-2025, en tanto que otras obras y acciones tampoco se ven avances y el discurso del dirigente estatal sigue siendo muy pobre, sin contenido y sin una oferta que atraiga.<\/div>\n<div dir=\"auto\" style=\"text-align: justify;\">&#8212;&#8212;&#8212;&#8212;&#8212;&#8212;&#8212;&#8212;&#8212;&#8212;&#8212;&#8212;&#8212;&#8212;&#8212;&#8211;<\/div>\n<div dir=\"auto\" style=\"text-align: justify;\">Se ha confundido la personalidad pol\u00edtica de esa dirigencia, olvidando al verdadero pueblo que conforma la opini\u00f3n p\u00fablica y ha hecho de lado el concepto que en una verdadera democracia, porque es el pueblo el que manda o al menos se debe tomar en cuenta en la toma de decisiones.<\/div>\n<div dir=\"auto\" style=\"text-align: justify;\">&#8212;&#8212;&#8212;&#8212;&#8212;&#8212;&#8212;&#8212;&#8212;&#8212;&#8212;&#8212;&#8212;&#8212;&#8212;&#8212;<\/div>\n<div dir=\"auto\" style=\"text-align: justify;\">Nadie es perfecto nos queda claro, pero no ha sido un tropez\u00f3n, son un rosario de errores que lejos de ver avanzar a nivel nacional, en Morena la decepci\u00f3n cada vez es m\u00e1s grande.<\/div>\n<div dir=\"auto\" style=\"text-align: justify;\">&#8212;&#8212;&#8212;&#8212;&#8212;&#8212;&#8212;&#8212;&#8212;&#8212;&#8212;&#8212;&#8212;&#8212;&#8212;&#8212;-<\/div>\n<div dir=\"auto\" style=\"text-align: justify;\">Por la forma como se ha llevado el manejo pol\u00edtico de este partido en Veracruz, ni ganas dan de mencionarlo, pero no podemos dejar de lado que es el partido en el poder y recoger las opiniones de esa gente que vot\u00f3 por Andr\u00e9s Manuel en 2018, creyendo que vivir\u00edamos una verdadera transformaci\u00f3n, pero no ha sido as\u00ed y, por el contrario, ha ca\u00eddo en muchos vicios de esos que tanto criticaron.<\/div>\n<div dir=\"auto\" style=\"text-align: justify;\">&#8212;&#8212;&#8212;&#8212;&#8212;&#8212;&#8212;&#8212;&#8212;&#8212;&#8212;&#8212;&#8212;&#8212;&#8212;&#8212;&#8211;<\/div>\n<div dir=\"auto\" style=\"text-align: justify;\">La selecci\u00f3n de candidatos es un paso sumamente importante y se corrompi\u00f3 en las elecciones pasadas y sin generalizar, porque tambi\u00e9n existen sus honrosas excepciones, muchos despu\u00e9s de cien d\u00edas no terminan de entender la importancia y responsabilidad que debieran asumir.<\/div>\n<div dir=\"auto\" style=\"text-align: justify;\">&#8212;&#8212;&#8212;&#8212;&#8212;&#8212;&#8212;&#8212;&#8212;&#8212;&#8212;&#8212;&#8212;&#8212;&#8212;&#8212;&#8212;<\/div>\n<div dir=\"auto\" style=\"text-align: justify;\">Dif\u00edcilmente alguien tiene las pruebas en la mano, pero mucho se dijo por parte de aquellos que ten\u00edan la seguridad de ganar y los hicieron a un lado, que esas candidaturas se vendieron a muy buen precio. Por eso algunos perdieron y otros parece que se sacaron la rifa del tigre.<\/div>\n<div dir=\"auto\" style=\"text-align: justify;\">&#8212;&#8212;&#8212;&#8212;&#8212;&#8212;&#8212;&#8212;&#8212;&#8212;&#8212;&#8212;&#8212;&#8212;&#8212;&#8212;&#8212;<\/div>\n<div dir=\"auto\" style=\"text-align: justify;\">Veracruz tiene historia y ha sido semillero de grandes pol\u00edticos, entonces no puede seguir viviendo esa situaci\u00f3n, con un dirigente sin visi\u00f3n de alturas, desconocedor de muchas ideolog\u00edas pol\u00edticas que se solo se conforma con tomar el micr\u00f3fono y soltar palabras, sin lograr una verdadera unidad y tal vez, hasta est\u00e9 provocando una mayor divisi\u00f3n.<\/div>\n<div dir=\"auto\" style=\"text-align: justify;\">&#8212;&#8212;&#8212;&#8212;&#8212;&#8212;&#8212;&#8212;&#8212;&#8212;&#8212;&#8212;&#8212;&#8212;&#8212;&#8212;&#8211;<\/div>\n<div dir=\"auto\" style=\"text-align: justify;\">En Veracruz sigue habiendo gente valiosa, maestros de las universidades que se mantienen en silencio pero que su capacidad est\u00e1 demostrada, empresarios que saben perfectamente c\u00f3mo administrar un negocio y pueden aportar muchas ideas, j\u00f3venes con talento que han ganado concursos internacionales y que los han minimizado. Todos esos grupos aman a Veracruz y podr\u00edan aportar sus conocimientos y opiniones para que podamos ser mejores.<\/div>\n<div dir=\"auto\" style=\"text-align: justify;\">&#8212;&#8212;&#8212;&#8212;&#8212;&#8212;&#8212;&#8212;&#8212;&#8212;&#8212;&#8212;&#8212;&#8212;&#8212;&#8212;&#8212;<\/div>\n<div dir=\"auto\" style=\"text-align: justify;\">Los pol\u00edticos debieran recordar tambi\u00e9n eso, que administrar es incluir a esos elementos que debieran ser aprovechados en beneficio de la comunidad.<\/div>\n<div dir=\"auto\" style=\"text-align: justify;\">&#8212;&#8212;&#8212;&#8212;&#8212;&#8212;&#8212;&#8212;&#8212;&#8212;&#8212;&#8212;&#8212;&#8212;&#8212;&#8212;&#8212;-<\/div>\n<div dir=\"auto\" style=\"text-align: justify;\">El presidente de MORENA en Veracruz, Esteban Ram\u00edrez Zepeta, nunca ha sido un buen orador, pero viendo la situaci\u00f3n como realmente se encuentra, debiera capacitarse y hacer un mejor papel, para levantar la imagen de ese partido, con un discurso alentador, con una verdadera oferta pol\u00edtica pero lamentablemente no es as\u00ed-<\/div>\n<div dir=\"auto\" style=\"text-align: justify;\">&#8212;&#8212;&#8212;&#8212;&#8212;&#8212;&#8212;&#8212;&#8212;&#8212;&#8212;&#8212;&#8212;&#8212;&#8212;&#8212;&#8212;&#8211;<\/div>\n<div dir=\"auto\" style=\"text-align: justify;\">Su visi\u00f3n limitada no le permite ver m\u00e1s all\u00e1, para darse cuenta que es el dirigente del partido en el poder y sus palabras solo provocan m\u00e1s divisi\u00f3n, su imagen no lo limpia de esas terribles acusaciones que le lanzaron en d\u00edas pasados y as\u00ed en nada ayuda a posicionar a ese partido, que construy\u00f3 con tanto esfuerzo, el ex presidente, Andr\u00e9s Manuel L\u00f3pez Obrador.<\/div>\n<div dir=\"auto\" style=\"text-align: justify;\">&#8212;&#8212;&#8212;&#8212;&#8212;&#8212;&#8212;&#8212;&#8212;&#8212;&#8212;&#8212;&#8212;&#8212;&#8212;&#8212;&#8212;&#8212;-<\/div>\n<div dir=\"auto\" style=\"text-align: justify;\">Qu\u00e9 fue lo que dijo la semana pasada el \u201cl\u00edder\u201d de Morena, pues aqu\u00ed est\u00e1 la transcripci\u00f3n: \u201cYa empiezan los tiempos de los zopilotes, no solamente en atacar a la presidenta, a la gobernadora, no solamente empiezan ya a los compa\u00f1eros, los mismos detractores y la oposici\u00f3n a meterse, a estar duro y dale, sino que ya empiezan a atacar a todos, bueno a m\u00ed ya me est\u00e1n incapacitando, ya me quieren borrar del mapa.<\/div>\n<div dir=\"auto\" style=\"text-align: justify;\">&#8212;&#8212;&#8212;&#8212;&#8212;&#8212;&#8212;&#8212;&#8212;&#8212;&#8212;&#8212;&#8212;&#8212;&#8212;&#8212;&#8212;&#8211;<\/div>\n<div dir=\"auto\" style=\"text-align: justify;\">Yo les digo tranquilos a la oposici\u00f3n, aunque yo est\u00e9 incapacitado, nuestro movimiento en 2027 le va a volver a ganar a la oposici\u00f3n, porque vamos a ganar 19 de 19 distritos federales y 30 de 30 distritos locales.<\/div>\n<div dir=\"auto\" style=\"text-align: justify;\">&#8212;&#8212;&#8212;&#8212;&#8212;&#8212;&#8212;&#8212;&#8212;&#8212;&#8212;&#8212;&#8212;&#8212;&#8212;&#8212;&#8212;&#8212;<\/div>\n<div dir=\"auto\" style=\"text-align: justify;\">Esto no se trata de una persona, esto se trata de un movimiento, de todo un pueblo. Y aunque empiecen a decirnos que esto que lo otro, que aquello, nosotros tenemos que trabajar en territorio, a ras de suelo, ayudar a los coordinadores territoriales a repartir el peri\u00f3dico regeneraci\u00f3n\u201d.<\/div>\n<div dir=\"auto\" style=\"text-align: justify;\"><\/div>\n<div dir=\"auto\" style=\"text-align: justify;\"><strong>M\u00e1s claro ni el agua.<\/strong><\/div>\n<div id=\"x_ms-outlook-mobile-body-separator-line\" dir=\"auto\" data-applydefaultfontstyles=\"true\">\n<div dir=\"auto\" style=\"text-align: justify;\"><img loading=\"lazy\" decoding=\"async\" class=\"alignleft size-medium wp-image-7286\" src=\"https:\/\/revistaenfoquepolitico.com\/wp-content\/uploads\/2026\/04\/IMG-20260428-WA0304-251x300.jpg\" alt=\"\" width=\"251\" height=\"300\" srcset=\"https:\/\/revistaenfoquepolitico.com\/wp-content\/uploads\/2026\/04\/IMG-20260428-WA0304-251x300.jpg 251w, https:\/\/revistaenfoquepolitico.com\/wp-content\/uploads\/2026\/04\/IMG-20260428-WA0304-857x1024.jpg 857w, https:\/\/revistaenfoquepolitico.com\/wp-content\/uploads\/2026\/04\/IMG-20260428-WA0304-768x918.jpg 768w, https:\/\/revistaenfoquepolitico.com\/wp-content\/uploads\/2026\/04\/IMG-20260428-WA0304.jpg 892w\" sizes=\"auto, (max-width: 251px) 100vw, 251px\" \/><\/div>\n<\/div>\n","protected":false},"excerpt":{"rendered":"<p>M\u00e1s claro\u2026 Por Felipe Mendiola Parra EL POBRE DISCURSO DE ESTEBAN RAM\u00cdREZ NO AYUDA A MORENA, PARA NADA &#8211; \u00a0 \u00a0 \u00a0 \u00a0 \u00a0La clientela electoral se sigue alejando porque nadie la contiene &#8211; \u00a0 \u00a0 \u00a0 \u00a0 \u00a0Veracruz es muy rico, pero sigue teniendo mucha gente pobre Morena no es lo que fue hace [&hellip;]<\/p>\n","protected":false},"author":1,"featured_media":7286,"comment_status":"closed","ping_status":"closed","sticky":false,"template":"","format":"standard","meta":{"_jetpack_memberships_contains_paid_content":false,"footnotes":"","jetpack_publicize_message":"","jetpack_publicize_feature_enabled":true,"jetpack_social_post_already_shared":true,"jetpack_social_options":{"image_generator_settings":{"template":"highway","default_image_id":0,"font":"","enabled":false},"version":2}},"categories":[65],"tags":[90],"class_list":["post-7285","post","type-post","status-publish","format-standard","has-post-thumbnail","hentry","category-columna","tag-mas-claro-ni-el-agua"],"jetpack_publicize_connections":[],"jetpack_featured_media_url":"https:\/\/revistaenfoquepolitico.com\/wp-content\/uploads\/2026\/04\/IMG-20260428-WA0304.jpg","jetpack_sharing_enabled":true,"_links":{"self":[{"href":"https:\/\/revistaenfoquepolitico.com\/index.php\/wp-json\/wp\/v2\/posts\/7285","targetHints":{"allow":["GET"]}}],"collection":[{"href":"https:\/\/revistaenfoquepolitico.com\/index.php\/wp-json\/wp\/v2\/posts"}],"about":[{"href":"https:\/\/revistaenfoquepolitico.com\/index.php\/wp-json\/wp\/v2\/types\/post"}],"author":[{"embeddable":true,"href":"https:\/\/revistaenfoquepolitico.com\/index.php\/wp-json\/wp\/v2\/users\/1"}],"replies":[{"embeddable":true,"href":"https:\/\/revistaenfoquepolitico.com\/index.php\/wp-json\/wp\/v2\/comments?post=7285"}],"version-history":[{"count":1,"href":"https:\/\/revistaenfoquepolitico.com\/index.php\/wp-json\/wp\/v2\/posts\/7285\/revisions"}],"predecessor-version":[{"id":7287,"href":"https:\/\/revistaenfoquepolitico.com\/index.php\/wp-json\/wp\/v2\/posts\/7285\/revisions\/7287"}],"wp:featuredmedia":[{"embeddable":true,"href":"https:\/\/revistaenfoquepolitico.com\/index.php\/wp-json\/wp\/v2\/media\/7286"}],"wp:attachment":[{"href":"https:\/\/revistaenfoquepolitico.com\/index.php\/wp-json\/wp\/v2\/media?parent=7285"}],"wp:term":[{"taxonomy":"category","embeddable":true,"href":"https:\/\/revistaenfoquepolitico.com\/index.php\/wp-json\/wp\/v2\/categories?post=7285"},{"taxonomy":"post_tag","embeddable":true,"href":"https:\/\/revistaenfoquepolitico.com\/index.php\/wp-json\/wp\/v2\/tags?post=7285"}],"curies":[{"name":"wp","href":"https:\/\/api.w.org\/{rel}","templated":true}]}}