{"id":7289,"date":"2026-04-29T13:22:29","date_gmt":"2026-04-29T19:22:29","guid":{"rendered":"https:\/\/revistaenfoquepolitico.com\/?p=7289"},"modified":"2026-04-29T13:22:29","modified_gmt":"2026-04-29T19:22:29","slug":"ratifica-rosa-maria-hernandez-espejo-su-respaldo-a-la-gobernadora-rocio-nahle-y-llama-a-la-unidad","status":"publish","type":"post","link":"https:\/\/revistaenfoquepolitico.com\/index.php\/2026\/04\/29\/ratifica-rosa-maria-hernandez-espejo-su-respaldo-a-la-gobernadora-rocio-nahle-y-llama-a-la-unidad\/","title":{"rendered":"RATIFICA ROSA MAR\u00cdA HERN\u00c1NDEZ ESPEJO SU RESPALDO A LA GOBERNADORA ROC\u00cdO NAHLE Y LLAMA A LA UNIDAD"},"content":{"rendered":"<div dir=\"auto\" style=\"text-align: justify;\">Ante las declaraciones del exdiputado local Atanasio Garc\u00eda Dur\u00e1n en torno a la gobernadora Roc\u00edo Nahle Garc\u00eda, Rosa Mar\u00eda Hern\u00e1ndez Espejo se\u00f1al\u00f3 que este tipo de expresiones no abonan a la unidad y, por el contrario, favorecen a quienes buscan la divisi\u00f3n dentro del movimiento de la transformaci\u00f3n.<\/div>\n<div dir=\"auto\" style=\"text-align: justify;\">&#8212;&#8212;&#8212;&#8212;&#8212;&#8212;&#8212;&#8212;&#8212;&#8212;&#8212;&#8212;&#8212;-<\/div>\n<div dir=\"auto\" style=\"text-align: justify;\">A t\u00edtulo personal y como militante, subray\u00f3 que no es momento de confundir ni de confrontar al pueblo de Veracruz, sino de mantener el rumbo con responsabilidad y claridad en favor de la ciudadan\u00eda.<\/div>\n<div dir=\"auto\" style=\"text-align: justify;\">&#8212;&#8212;&#8212;&#8212;&#8212;&#8212;&#8212;&#8212;&#8212;&#8212;&#8212;&#8212;&#8212;&#8211;<\/div>\n<div dir=\"auto\" style=\"text-align: justify;\">Asimismo, la tambi\u00e9n alcaldesa de Veracruz, expres\u00f3 su respaldo firme a la mandataria estatal, reconociendo su trabajo con convicci\u00f3n por el bienestar del estado, en coordinaci\u00f3n con la presidenta Claudia Sheinbaum Pardo.<\/div>\n<div dir=\"auto\" style=\"text-align: justify;\">&#8212;&#8212;&#8212;&#8212;&#8212;&#8212;&#8212;&#8212;&#8212;&#8212;&#8212;&#8212;&#8212;&#8212;<\/div>\n<div dir=\"auto\" style=\"text-align: justify;\">Finalmente, reiter\u00f3 el llamado a la unidad y a fortalecer el movimiento desde la congruencia, as\u00ed como a defender a la gente con hechos, como lo ha venido haciendo la mandataria estatal \u00a0al impulsar la transformaci\u00f3n de Veracruz.<\/div>\n<div id=\"x_ms-outlook-mobile-body-separator-line\" dir=\"auto\" data-applydefaultfontstyles=\"true\">\n<div dir=\"auto\" style=\"text-align: justify;\"><\/div>\n<\/div>\n","protected":false},"excerpt":{"rendered":"<p>Ante las declaraciones del exdiputado local Atanasio Garc\u00eda Dur\u00e1n en torno a la gobernadora Roc\u00edo Nahle Garc\u00eda, Rosa Mar\u00eda Hern\u00e1ndez Espejo se\u00f1al\u00f3 que este tipo de expresiones no abonan a la unidad y, por el contrario, favorecen a quienes buscan la divisi\u00f3n dentro del movimiento de la transformaci\u00f3n. &#8212;&#8212;&#8212;&#8212;&#8212;&#8212;&#8212;&#8212;&#8212;&#8212;&#8212;&#8212;&#8212;- A t\u00edtulo personal y como militante, [&hellip;]<\/p>\n","protected":false},"author":1,"featured_media":7290,"comment_status":"closed","ping_status":"closed","sticky":false,"template":"","format":"standard","meta":{"_jetpack_memberships_contains_paid_content":false,"footnotes":"","jetpack_publicize_message":"","jetpack_publicize_feature_enabled":true,"jetpack_social_post_already_shared":true,"jetpack_social_options":{"image_generator_settings":{"template":"highway","default_image_id":0,"font":"","enabled":false},"version":2}},"categories":[4],"tags":[72],"class_list":["post-7289","post","type-post","status-publish","format-standard","has-post-thumbnail","hentry","category-noticia-politica","tag-rosa-maria-presidenta-de-veracruz"],"jetpack_publicize_connections":[],"jetpack_featured_media_url":"https:\/\/revistaenfoquepolitico.com\/wp-content\/uploads\/2026\/04\/IMG-20260428-WA0460-scaled.jpg","jetpack_sharing_enabled":true,"_links":{"self":[{"href":"https:\/\/revistaenfoquepolitico.com\/index.php\/wp-json\/wp\/v2\/posts\/7289","targetHints":{"allow":["GET"]}}],"collection":[{"href":"https:\/\/revistaenfoquepolitico.com\/index.php\/wp-json\/wp\/v2\/posts"}],"about":[{"href":"https:\/\/revistaenfoquepolitico.com\/index.php\/wp-json\/wp\/v2\/types\/post"}],"author":[{"embeddable":true,"href":"https:\/\/revistaenfoquepolitico.com\/index.php\/wp-json\/wp\/v2\/users\/1"}],"replies":[{"embeddable":true,"href":"https:\/\/revistaenfoquepolitico.com\/index.php\/wp-json\/wp\/v2\/comments?post=7289"}],"version-history":[{"count":1,"href":"https:\/\/revistaenfoquepolitico.com\/index.php\/wp-json\/wp\/v2\/posts\/7289\/revisions"}],"predecessor-version":[{"id":7292,"href":"https:\/\/revistaenfoquepolitico.com\/index.php\/wp-json\/wp\/v2\/posts\/7289\/revisions\/7292"}],"wp:featuredmedia":[{"embeddable":true,"href":"https:\/\/revistaenfoquepolitico.com\/index.php\/wp-json\/wp\/v2\/media\/7290"}],"wp:attachment":[{"href":"https:\/\/revistaenfoquepolitico.com\/index.php\/wp-json\/wp\/v2\/media?parent=7289"}],"wp:term":[{"taxonomy":"category","embeddable":true,"href":"https:\/\/revistaenfoquepolitico.com\/index.php\/wp-json\/wp\/v2\/categories?post=7289"},{"taxonomy":"post_tag","embeddable":true,"href":"https:\/\/revistaenfoquepolitico.com\/index.php\/wp-json\/wp\/v2\/tags?post=7289"}],"curies":[{"name":"wp","href":"https:\/\/api.w.org\/{rel}","templated":true}]}}